{"id":70592,"date":"2018-11-02T21:21:31","date_gmt":"2018-11-02T17:21:31","guid":{"rendered":""},"modified":"-0001-11-30T00:00:00","modified_gmt":"-0001-11-29T20:00:00","slug":"","status":"publish","type":"post","link":"https:\/\/ucnoqta.az\/?p=70592","title":{"rendered":"Bil\u0259suvarda &#8220;U\u015faq h\u00fcquqlar\u0131 ayl\u0131\u011f\u0131&#8221; \u00e7\u0259r\u00e7iv\u0259sind\u0259 t\u0259dbir ke\u00e7irilib"},"content":{"rendered":"<p><strong>Bil\u0259suvar rayonunda &quot;U\u015faq h&uuml;quqlar\u0131 ayl\u0131\u011f\u0131&quot; &ccedil;\u0259r&ccedil;iv\u0259sind\u0259 ke&ccedil;iril\u0259n silsil\u0259 t\u0259dbirl\u0259r davam etdirilir.<\/strong><\/p>\n<p>Noyabr\u0131n 2-d\u0259 Bil\u0259suvar \u015f\u0259h\u0259r 2 sayl\u0131 u\u015faq ba\u011f&ccedil;as\u0131nda Az\u0259rbaycan Respublikas\u0131n\u0131n \u0130nsan H&uuml;quqlar\u0131 &uuml;zr\u0259 M&uuml;v\u0259kkilinin (OMBUDSMAN) t\u0259\u015f\u0259bb&uuml;s&uuml; il\u0259&nbsp; 20 oktyabr-20 noyabr tarixl\u0259rind\u0259 \u0259n\u0259n\u0259vi olaraq respublikam\u0131zda h\u0259yata ke&ccedil;iril\u0259n &quot;U\u015faq h&uuml;quqlar\u0131 ayl\u0131\u011f\u0131&quot; &ccedil;\u0259r&ccedil;iv\u0259sind\u0259&nbsp; t\u0259dbir ke&ccedil;irildi.<br \/>\nT\u0259dbird\u0259 Bil\u0259suvar rayon \u0130cra Hakimiyy\u0259ti ba\u015f&ccedil;\u0131s\u0131n\u0131n m&uuml;avini L\u0259man Y&uuml;zba\u015fova, m\u0259kt\u0259b\u0259q\u0259d\u0259r t\u0259rbiy\u0259 m&uuml;\u0259ssis\u0259l\u0259rinin&nbsp; kollektivl\u0259ri v\u0259 valideynl\u0259r i\u015ftirak etdi.<br \/>\nBil\u0259suvar rayon \u0130cra Hakimiyy\u0259ti ba\u015f&ccedil;\u0131s\u0131n\u0131n m&uuml;avini L\u0259man Y&uuml;zba\u015fova &ccedil;\u0131x\u0131\u015f ed\u0259r\u0259k bildirdi ki, t\u0259dbir Az\u0259rbaycan Respublikas\u0131 t\u0259r\u0259find\u0259n BMT-nin U\u015faq H&uuml;quqlar\u0131 Konvensiyas\u0131n\u0131n ratifikasiya edilm\u0259sinin 29 ili tamam oldu\u011fu &uuml;&ccedil;&uuml;n Az\u0259rbaycan Respublikas\u0131n\u0131n \u0130nsan H&uuml;quqlar\u0131 &uuml;zr\u0259 M&uuml;v\u0259kkilinin (OMBUDSMAN) t\u0259\u015f\u0259bb&uuml;s&uuml; il\u0259 ke&ccedil;irilir.<\/p>\n<p>L\u0259man Y&uuml;zba\u015fova qeyd etdi ki,&nbsp; h\u0259r bir d&ouml;vl\u0259t, h\u0259r bir c\u0259miyy\u0259t g\u0259l\u0259c\u0259yi olan u\u015faqlar\u0131n qay\u011f\u0131s\u0131na qalma\u011f\u0131, onlar\u0131n fiziki v\u0259 m\u0259n\u0259vi c\u0259h\u0259td\u0259n b&ouml;y&uuml;m\u0259sini t\u0259min etm\u0259yi &ouml;z&uuml;n&uuml;n \u0259n &uuml;md\u0259 v\u0259zif\u0259l\u0259rind\u0259n biri hesab edir. Az\u0259rbaycan d&ouml;vl\u0259ti d\u0259 bu m&uuml;h&uuml;m m\u0259s\u0259l\u0259y\u0259 qay\u011f\u0131 il\u0259 yana\u015f\u0131r. Bu g&uuml;n m&uuml;st\u0259qil Az\u0259rbaycan\u0131n u\u015faqlar\u0131 diqq\u0259t v\u0259 qay\u011f\u0131 il\u0259 \u0259hat\u0259 olunmu\u015fdur.<br \/>\nL.Y&uuml;zba\u015fova bildirdi ki, respublikam\u0131zda u\u015faqlar\u0131n y&uuml;ks\u0259k qay\u011f\u0131 il\u0259 \u0259hat\u0259 olunmas\u0131, \u0259lveri\u015fli m\u0259n\u0259vi v\u0259 sosial m&uuml;hitd\u0259 b&ouml;y&uuml;m\u0259si &uuml;&ccedil;&uuml;n z\u0259ruri \u015f\u0259raitin yarad\u0131lmas\u0131,&nbsp; layiqli v\u0259t\u0259nda\u015f kimi formala\u015fmas\u0131 \u0259sas\u0131 &uuml;mummilli lider Heyd\u0259r \u018fliyev t\u0259r\u0259find\u0259n qoyulmu\u015fdur.&nbsp; Ulu &Ouml;nd\u0259r Heyd\u0259r \u018fliyev u\u015faqlara d&ouml;vl\u0259t s\u0259viyy\u0259sind\u0259 qay\u011f\u0131n\u0131 h\u0259mi\u015f\u0259 diqq\u0259t m\u0259rk\u0259zind\u0259 saxlay\u0131rd\u0131. Bu g&uuml;n h\u0259min kurs m&ouml;ht\u0259r\u0259m Prezidentimiz c\u0259nab \u0130lham \u018fliyev t\u0259r\u0259find\u0259n u\u011furla davam etdirilir.<br \/>\nRespublikam\u0131z\u0131n h\u0259r yerind\u0259 oldu\u011fu kimi rayonumuzda da bu sah\u0259y\u0259 x&uuml;susi diqq\u0259t yetirilir, u\u015faqlar\u0131m\u0131z\u0131n normal ya\u015famas\u0131, onlar\u0131n t\u0259hsili, sa\u011flaml\u0131\u011f\u0131, \u0259yl\u0259nc\u0259sini t\u0259\u015fkil etm\u0259k &uuml;&ccedil;&uuml;n ilb\u0259il m&uuml;xt\u0259lif t\u0259dbirl\u0259r h\u0259yata ke&ccedil;irilir.Bu gun u\u015faqlara g&ouml;st\u0259ril\u0259n d&ouml;vl\u0259t qay\u011f\u0131s\u0131n\u0131n t\u0259rkib hiss\u0259si olaraq rayonda&nbsp; yeni-yeni ba\u011f&ccedil;alar tikilir, m\u0259kt\u0259bl\u0259r in\u015fa olunur, parklar sal\u0131n\u0131r.<br \/>\nL.Y&uuml;zba\u015fova bir daha u\u015faqlar\u0131 t\u0259brik ed\u0259r\u0259k bildirdi ki, rayonumuzda h\u0259yata ke&ccedil;iril\u0259n bu t\u0259dbirl\u0259r bundan sonra da davam etdiril\u0259c\u0259kdir.<br \/>\n&Ccedil;\u0131x\u0131\u015f ed\u0259nl\u0259r bir daha u\u015faqlar\u0131 t\u0259brik etdil\u0259r v\u0259 onlara g\u0259l\u0259c\u0259k i\u015fl\u0259rind\u0259 u\u011furlar dil\u0259dil\u0259r.<br \/>\nT\u0259dbird\u0259&nbsp; u\u015faqlar\u0131n haz\u0131rlad\u0131qlar\u0131 \u015ferl\u0259r s\u0259sl\u0259ndirildi,&nbsp; r\u0259qsl\u0259r n&uuml;mayi\u015f etdirildi v\u0259 s\u0259hn\u0259cikl\u0259r g&ouml;st\u0259rildi.<\/p>\n","protected":false},"excerpt":{"rendered":"<p>Bil\u0259suvar rayonunda &quot;U\u015faq h&uuml;quqlar\u0131 ayl\u0131\u011f\u0131&quot; &ccedil;\u0259r&ccedil;iv\u0259sind\u0259 ke&ccedil;iril\u0259n silsil\u0259 t\u0259dbirl\u0259r davam etdirilir. Noyabr\u0131n 2-d\u0259 Bil\u0259suvar \u015f\u0259h\u0259r 2 sayl\u0131 u\u015faq ba\u011f&ccedil;as\u0131nda Az\u0259rbaycan Respublikas\u0131n\u0131n \u0130nsan H&uuml;quqlar\u0131 &uuml;zr\u0259 M&uuml;v\u0259kkilinin (OMBUDSMAN) t\u0259\u015f\u0259bb&uuml;s&uuml; il\u0259&nbsp; 20 oktyabr-20&hellip;<\/p>\n","protected":false},"author":1,"featured_media":251278,"comment_status":"open","ping_status":"open","sticky":false,"template":"","format":"standard","meta":{"_lmt_disableupdate":"","_lmt_disable":"","footnotes":""},"categories":[],"tags":[],"class_list":["post-70592","post","type-post","status-publish","format-standard","has-post-thumbnail","hentry"],"_links":{"self":[{"href":"https:\/\/ucnoqta.az\/index.php?rest_route=\/wp\/v2\/posts\/70592","targetHints":{"allow":["GET"]}}],"collection":[{"href":"https:\/\/ucnoqta.az\/index.php?rest_route=\/wp\/v2\/posts"}],"about":[{"href":"https:\/\/ucnoqta.az\/index.php?rest_route=\/wp\/v2\/types\/post"}],"author":[{"embeddable":true,"href":"https:\/\/ucnoqta.az\/index.php?rest_route=\/wp\/v2\/users\/1"}],"replies":[{"embeddable":true,"href":"https:\/\/ucnoqta.az\/index.php?rest_route=%2Fwp%2Fv2%2Fcomments&post=70592"}],"version-history":[{"count":0,"href":"https:\/\/ucnoqta.az\/index.php?rest_route=\/wp\/v2\/posts\/70592\/revisions"}],"wp:featuredmedia":[{"embeddable":true,"href":"https:\/\/ucnoqta.az\/index.php?rest_route=\/wp\/v2\/media\/251278"}],"wp:attachment":[{"href":"https:\/\/ucnoqta.az\/index.php?rest_route=%2Fwp%2Fv2%2Fmedia&parent=70592"}],"wp:term":[{"taxonomy":"category","embeddable":true,"href":"https:\/\/ucnoqta.az\/index.php?rest_route=%2Fwp%2Fv2%2Fcategories&post=70592"},{"taxonomy":"post_tag","embeddable":true,"href":"https:\/\/ucnoqta.az\/index.php?rest_route=%2Fwp%2Fv2%2Ftags&post=70592"}],"curies":[{"name":"wp","href":"https:\/\/api.w.org\/{rel}","templated":true}]}}