{"id":70591,"date":"2018-11-02T21:21:56","date_gmt":"2018-11-02T17:21:56","guid":{"rendered":""},"modified":"-0001-11-30T00:00:00","modified_gmt":"-0001-11-29T20:00:00","slug":"","status":"publish","type":"post","link":"https:\/\/ucnoqta.az\/?p=70591","title":{"rendered":"M\u0259mm\u0259dyarovun atas\u0131: <font color=red><b>\u201cAz\u0259rbaycanca t\u0259miz dan\u0131\u015fan o q\u0259d\u0259r \u0259claflar var ki!\u201d<\/b><\/font>"},"content":{"rendered":"<p><strong>&quot;O, m\u0259niml\u0259 Az\u0259rbaycan dilind\u0259 dan\u0131\u015f\u0131r&quot;<\/strong><\/p>\n<p><em>Oktyabr\u0131n 29-da \u0130stanbulda Az\u0259rbaycan, T&uuml;rkiy\u0259 v\u0259 G&uuml;rc&uuml;stan\u0131n xarici i\u015fl\u0259r nazirl\u0259rinin 7-ci &uuml;&ccedil;t\u0259r\u0259fli g&ouml;r&uuml;\u015f&uuml; ke&ccedil;irilib. G&ouml;r&uuml;\u015fd\u0259 diqq\u0259t &ccedil;\u0259k\u0259n m\u0259qamlardan biri Az\u0259rbaycan\u0131n xarici i\u015fl\u0259r naziri Elmar M\u0259mm\u0259dyarovun &ccedil;\u0131x\u0131\u015f\u0131 il\u0259 ba\u011fl\u0131d\u0131r. Bel\u0259 ki, nazir Elmar M\u0259mm\u0259dyarovun ana dilind\u0259 &ccedil;\u0131x\u0131\u015f ed\u0259rk\u0259n rabit\u0259siz ifad\u0259l\u0259r i\u015fl\u0259tm\u0259si anla\u015f\u0131lmazl\u0131q yarad\u0131b ki, bu da sosial \u015f\u0259b\u0259k\u0259l\u0259rd\u0259 geni\u015f diskussiyalara s\u0259b\u0259b olub. Nazir ciddi t\u0259nqidl\u0259r\u0259 tu\u015f g\u0259lib. H\u0259m sosial \u015f\u0259b\u0259k\u0259 istifad\u0259&ccedil;il\u0259ri, h\u0259m d\u0259 b\u0259zi deputatlar Elmar M\u0259mm\u0259dyarovu Az\u0259rbaycan dilini t\u0259miz bilm\u0259m\u0259kd\u0259 q\u0131nay\u0131blar.<\/em><\/p>\n<p>Ucnoqta.az x\u0259b\u0259r verir ki,&nbsp;Modern.az sayt\u0131 geni\u015f diskussiyalara s\u0259b\u0259b olan m\u0259s\u0259l\u0259 il\u0259 ba\u011fl\u0131 xarici i\u015fl\u0259r naziri Elmar M\u0259mm\u0259dyarovun atas\u0131 akademik M\u0259h\u0259rr\u0259m M\u0259mm\u0259dyarovla \u0259laq\u0259 saxlay\u0131b.<br \/>\nNazirin atas\u0131&nbsp;a&ccedil;\u0131qlamas\u0131nda deyib ki, o\u011fluna qar\u015f\u0131 bu c&uuml;r qarayaxma aparmaq olmaz:<br \/>\n&ldquo;Atalar\u0131n bir s&ouml;z&uuml; var. &ldquo;H\u0259r g&ouml;z\u0259lin bir eybi olar&rdquo;. \u018fsas odur ki, Elmar v\u0259t\u0259np\u0259rv\u0259r insand\u0131r. B\u0259zi adamlar bel\u0259 insanlar\u0131 qaralamaqla m\u0259\u015f\u011fuldur. Olmaz bel\u0259! Az\u0259rbaycanca t\u0259miz dan\u0131\u015fa bil\u0259n o q\u0259d\u0259r \u0259claflar var ki!&rdquo;.<\/p>\n<p>M\u0259h\u0259rr\u0259m M\u0259mm\u0259dyarov Elmar M\u0259mm\u0259dyarovun&nbsp; rus dilind\u0259 t\u0259hsil ald\u0131\u011f\u0131n\u0131 s&ouml;yl\u0259s\u0259 d\u0259, Az\u0259rbaycan dilind\u0259 dan\u0131\u015fa bildiyini d\u0259 vur\u011fulay\u0131b:<br \/>\n&ldquo;Elmar Sovet d&ouml;vr&uuml;nd\u0259 rus dilind\u0259 t\u0259hsil al\u0131b. Daha sonra dig\u0259r xarici dill\u0259ri d\u0259 &ouml;yr\u0259nib. Cavanlar\u0131m\u0131z n\u0259 q\u0259d\u0259r &ccedil;ox dil bil\u0259rs\u0259, bu, mill\u0259tin ucal\u0131\u011f\u0131d\u0131r. El\u0259 dan\u0131\u015f\u0131rs\u0131z ki, guya, Elmar he&ccedil; &ouml;z ana dilini bilmir. \u018flb\u0259tt\u0259 bilir. O, m\u0259niml\u0259 Az\u0259rbaycan dilind\u0259 dan\u0131\u015f\u0131r. D&uuml;zd&uuml;r, Az\u0259rbaycan dilini b\u0259dii ifad\u0259l\u0259rl\u0259 z\u0259nginl\u0259\u015fdirib dan\u0131\u015fm\u0131r. Amma ist\u0259nil\u0259n m&ouml;vzuda &ouml;z dilimizd\u0259 dan\u0131\u015f\u0131r. Sad\u0259c\u0259, filoloqlar kimi s\u0259lis dan\u0131\u015fm\u0131r. Elmar filoloq deyil, xarici i\u015fl\u0259r naziridir. Onun haqq\u0131nda yanl\u0131\u015f fikir s&ouml;yl\u0259y\u0259nl\u0259r v\u0259t\u0259np\u0259rv\u0259r insanlar deyil. &Ouml;nc\u0259 Az\u0259rbaycan\u0131n xarici siyas\u0259tin\u0259 bax\u0131n. Orada s\u0259hv varsa, onu d&uuml;z\u0259ltsin&rdquo;.<\/p>\n","protected":false},"excerpt":{"rendered":"<p>&quot;O, m\u0259niml\u0259 Az\u0259rbaycan dilind\u0259 dan\u0131\u015f\u0131r&quot; Oktyabr\u0131n 29-da \u0130stanbulda Az\u0259rbaycan, T&uuml;rkiy\u0259 v\u0259 G&uuml;rc&uuml;stan\u0131n xarici i\u015fl\u0259r nazirl\u0259rinin 7-ci &uuml;&ccedil;t\u0259r\u0259fli g&ouml;r&uuml;\u015f&uuml; ke&ccedil;irilib. G&ouml;r&uuml;\u015fd\u0259 diqq\u0259t &ccedil;\u0259k\u0259n m\u0259qamlardan biri Az\u0259rbaycan\u0131n xarici i\u015fl\u0259r naziri Elmar M\u0259mm\u0259dyarovun&hellip;<\/p>\n","protected":false},"author":1,"featured_media":251278,"comment_status":"open","ping_status":"open","sticky":false,"template":"","format":"standard","meta":{"_lmt_disableupdate":"","_lmt_disable":"","footnotes":""},"categories":[],"tags":[],"class_list":["post-70591","post","type-post","status-publish","format-standard","has-post-thumbnail","hentry"],"_links":{"self":[{"href":"https:\/\/ucnoqta.az\/index.php?rest_route=\/wp\/v2\/posts\/70591","targetHints":{"allow":["GET"]}}],"collection":[{"href":"https:\/\/ucnoqta.az\/index.php?rest_route=\/wp\/v2\/posts"}],"about":[{"href":"https:\/\/ucnoqta.az\/index.php?rest_route=\/wp\/v2\/types\/post"}],"author":[{"embeddable":true,"href":"https:\/\/ucnoqta.az\/index.php?rest_route=\/wp\/v2\/users\/1"}],"replies":[{"embeddable":true,"href":"https:\/\/ucnoqta.az\/index.php?rest_route=%2Fwp%2Fv2%2Fcomments&post=70591"}],"version-history":[{"count":0,"href":"https:\/\/ucnoqta.az\/index.php?rest_route=\/wp\/v2\/posts\/70591\/revisions"}],"wp:featuredmedia":[{"embeddable":true,"href":"https:\/\/ucnoqta.az\/index.php?rest_route=\/wp\/v2\/media\/251278"}],"wp:attachment":[{"href":"https:\/\/ucnoqta.az\/index.php?rest_route=%2Fwp%2Fv2%2Fmedia&parent=70591"}],"wp:term":[{"taxonomy":"category","embeddable":true,"href":"https:\/\/ucnoqta.az\/index.php?rest_route=%2Fwp%2Fv2%2Fcategories&post=70591"},{"taxonomy":"post_tag","embeddable":true,"href":"https:\/\/ucnoqta.az\/index.php?rest_route=%2Fwp%2Fv2%2Ftags&post=70591"}],"curies":[{"name":"wp","href":"https:\/\/api.w.org\/{rel}","templated":true}]}}