{"id":70589,"date":"2018-11-02T20:51:22","date_gmt":"2018-11-02T16:51:22","guid":{"rendered":""},"modified":"-0001-11-30T00:00:00","modified_gmt":"-0001-11-29T20:00:00","slug":"","status":"publish","type":"post","link":"https:\/\/ucnoqta.az\/?p=70589","title":{"rendered":"H\u0259ms\u0259drl\u0259r regiona s\u0259f\u0259rl\u0259rinin yekunu il\u0259 ba\u011fl\u0131 b\u0259yanat yay\u0131blar"},"content":{"rendered":"<p><strong>AT\u018fT-in Minsk qrupunun h\u0259ms\u0259drl\u0259ri &#8211; \u0130qor Popov (Rusiya), Stefano Viskonti (Fransa), Endryu \u015eofer (AB\u015e) v\u0259 qurumun f\u0259aliyy\u0259td\u0259ki s\u0259drinin \u015f\u0259xsi n&uuml;may\u0259nd\u0259si Anjey Kasp\u015fikl\u0259 birg\u0259 okyabr\u0131n 29-dan noyabr\u0131n 2-d\u0259k C\u0259nubi Qafqaz regionuna s\u0259f\u0259rl\u0259rinin yekunu il\u0259 ba\u011fl\u0131 b\u0259yanat yay\u0131blar.<\/strong><\/p>\n<p>&ldquo;Report&rdquo; AT\u018fT-in r\u0259smi sayt\u0131na istinad\u0259n x\u0259b\u0259r verir ki, s\u0259f\u0259rin \u0259sas m\u0259qs\u0259di kimi MDB-nin D&uuml;\u015f\u0259nb\u0259d\u0259 ke&ccedil;iril\u0259n zirv\u0259 g&ouml;r&uuml;\u015f&uuml; &ccedil;\u0259r&ccedil;iv\u0259sind\u0259 Az\u0259rbaycanla Erm\u0259nistan liderl\u0259ri aras\u0131ndak\u0131 dan\u0131\u015f\u0131qlar\u0131n n\u0259tic\u0259l\u0259rini m&uuml;zakir\u0259 etm\u0259k, s&uuml;lh prosesind\u0259 bundan sonra at\u0131lacaq add\u0131mlar\u0131 m&uuml;\u0259yy\u0259nl\u0259\u015fdirm\u0259k oldu\u011fu g&ouml;st\u0259rilir.&nbsp;<\/p>\n<p>Onlar s\u0259f\u0259r &ccedil;\u0259r&ccedil;iv\u0259sind\u0259 Az\u0259rbaycan Prezidenti \u0130lham \u018fliyev v\u0259 Erm\u0259nistan\u0131n ba\u015f naziri \u0259v\u0259zi Nikol Pa\u015finyanla g&ouml;r&uuml;\u015fl\u0259r ke&ccedil;irib, A\u011fdam rayonu \u0259razisind\u0259, Az\u0259rbaycanla Erm\u0259nistan qo\u015funlar\u0131n\u0131n t\u0259mas x\u0259ttind\u0259ki n&ouml;vb\u0259ti monitorinqd\u0259 i\u015ftirak edib, Beyn\u0259lxalq Q\u0131rm\u0131z\u0131 Xa&ccedil; Komit\u0259si (BQXK) v\u0259 Q\u0131z\u0131l Aypara C\u0259miyy\u0259ti, BMT-nin Qa&ccedil;q\u0131nlar &uuml;zr\u0259 Ali Komissarl\u0131\u011f\u0131 n&uuml;may\u0259nd\u0259l\u0259ri il\u0259 v\u0259ziyy\u0259ti m&uuml;zakir\u0259 edibl\u0259r. H\u0259ms\u0259drl\u0259rl\u0259 g&ouml;r&uuml;\u015fl\u0259r zaman\u0131 h\u0259r iki &ouml;lk\u0259nin liderl\u0259ri t\u0259mas x\u0259ttind\u0259ki v\u0259ziyy\u0259tin xeyli s\u0259ngidiyini t\u0259sdiql\u0259yibl\u0259r.<\/p>\n<p>H\u0259m&ccedil;inin Az\u0259rbaycanla Erm\u0259nistan\u0131n xarici i\u015fl\u0259r nazirl\u0259rinin ilin sonunad\u0259k g&ouml;r&uuml;\u015f ke&ccedil;irm\u0259k bar\u0259d\u0259 raz\u0131l\u0131\u011fa g\u0259ldikl\u0259ri d\u0259 qeyd olunur. H\u0259ms\u0259drl\u0259r Vyanada AT\u018fT-in Daimi \u015euras\u0131na s\u0259f\u0259rin yekunlar\u0131 bar\u0259d\u0259 m\u0259ruz\u0259 ed\u0259c\u0259kl\u0259r.<\/p>\n","protected":false},"excerpt":{"rendered":"<p>AT\u018fT-in Minsk qrupunun h\u0259ms\u0259drl\u0259ri &#8211; \u0130qor Popov (Rusiya), Stefano Viskonti (Fransa), Endryu \u015eofer (AB\u015e) v\u0259 qurumun f\u0259aliyy\u0259td\u0259ki s\u0259drinin \u015f\u0259xsi n&uuml;may\u0259nd\u0259si Anjey Kasp\u015fikl\u0259 birg\u0259 okyabr\u0131n 29-dan noyabr\u0131n 2-d\u0259k C\u0259nubi Qafqaz regionuna&hellip;<\/p>\n","protected":false},"author":1,"featured_media":251278,"comment_status":"open","ping_status":"open","sticky":false,"template":"","format":"standard","meta":{"_lmt_disableupdate":"","_lmt_disable":"","footnotes":""},"categories":[],"tags":[],"class_list":["post-70589","post","type-post","status-publish","format-standard","has-post-thumbnail","hentry"],"_links":{"self":[{"href":"https:\/\/ucnoqta.az\/index.php?rest_route=\/wp\/v2\/posts\/70589","targetHints":{"allow":["GET"]}}],"collection":[{"href":"https:\/\/ucnoqta.az\/index.php?rest_route=\/wp\/v2\/posts"}],"about":[{"href":"https:\/\/ucnoqta.az\/index.php?rest_route=\/wp\/v2\/types\/post"}],"author":[{"embeddable":true,"href":"https:\/\/ucnoqta.az\/index.php?rest_route=\/wp\/v2\/users\/1"}],"replies":[{"embeddable":true,"href":"https:\/\/ucnoqta.az\/index.php?rest_route=%2Fwp%2Fv2%2Fcomments&post=70589"}],"version-history":[{"count":0,"href":"https:\/\/ucnoqta.az\/index.php?rest_route=\/wp\/v2\/posts\/70589\/revisions"}],"wp:featuredmedia":[{"embeddable":true,"href":"https:\/\/ucnoqta.az\/index.php?rest_route=\/wp\/v2\/media\/251278"}],"wp:attachment":[{"href":"https:\/\/ucnoqta.az\/index.php?rest_route=%2Fwp%2Fv2%2Fmedia&parent=70589"}],"wp:term":[{"taxonomy":"category","embeddable":true,"href":"https:\/\/ucnoqta.az\/index.php?rest_route=%2Fwp%2Fv2%2Fcategories&post=70589"},{"taxonomy":"post_tag","embeddable":true,"href":"https:\/\/ucnoqta.az\/index.php?rest_route=%2Fwp%2Fv2%2Ftags&post=70589"}],"curies":[{"name":"wp","href":"https:\/\/api.w.org\/{rel}","templated":true}]}}