{"id":70587,"date":"2018-11-02T20:43:34","date_gmt":"2018-11-02T16:43:34","guid":{"rendered":""},"modified":"-0001-11-30T00:00:00","modified_gmt":"-0001-11-29T20:00:00","slug":"","status":"publish","type":"post","link":"https:\/\/ucnoqta.az\/?p=70587","title":{"rendered":"T\u00fcrkiy\u0259 v\u0259 AB\u015e qar\u015f\u0131l\u0131ql\u0131 \u015f\u0259kild\u0259 sanksiyalar\u0131 l\u0259\u011fv edibl\u0259r"},"content":{"rendered":"<p><strong>T&uuml;rkiy\u0259 v\u0259 AB\u015e qar\u015f\u0131l\u0131ql\u0131 \u015f\u0259kild\u0259 sanksiyalar\u0131 l\u0259\u011fv edibl\u0259r.<\/strong><\/p>\n<p>Noyabr\u0131n 1-d\u0259 T&uuml;rkiy\u0259 Prezidenti R\u0259c\u0259b Tayyib \u018frdo\u011fanla AB\u015e Prezidenti Donald Tramp aras\u0131nda telefon dan\u0131\u015f\u0131\u011f\u0131 olub. Prezidentl\u0259rin telefon s&ouml;hb\u0259tind\u0259 qar\u015f\u0131l\u0131ql\u0131 \u015f\u0259kild\u0259 sanksiyalar\u0131n aradan qald\u0131r\u0131lmas\u0131na dair raz\u0131l\u0131q \u0259ld\u0259 edilib.<\/p>\n<p>Qeyd ed\u0259k ki, AB\u015e v\u0259t\u0259nda\u015f\u0131, ke\u015fi\u015f Endryu Bransona qar\u015f\u0131 cinay\u0259t i\u015fi il\u0259 \u0259laq\u0259dar A\u011f Ev T&uuml;rkiy\u0259nin \u0259dliyy\u0259 naziri \u018fbd&uuml;lh\u0259mit G&uuml;l v\u0259 daxili i\u015fl\u0259r naziri S&uuml;leyman Soyluya sanksiya t\u0259tbiq etmi\u015fdi.<\/p>\n<p>T&uuml;rkiy\u0259 t\u0259r\u0259fi d\u0259 buna cavab olaraq AB\u015e-\u0131n daxili i\u015fl\u0259r naziri Rayan Zinke v\u0259 \u0259dliyy\u0259 naziri Ceff Se\u015fins bar\u0259d\u0259 ox\u015far add\u0131m atm\u0131\u015fd\u0131.<\/p>\n<p>Xat\u0131rladaq ki, T&uuml;rkiy\u0259d\u0259 casusluqda ittiham olunan AB\u015e v\u0259t\u0259nda\u015f\u0131, ke\u015fi\u015f Endryu Branson oktyabr\u0131n 12-d\u0259 azadl\u0131\u011fa burax\u0131l\u0131b.<\/p>\n","protected":false},"excerpt":{"rendered":"<p>T&uuml;rkiy\u0259 v\u0259 AB\u015e qar\u015f\u0131l\u0131ql\u0131 \u015f\u0259kild\u0259 sanksiyalar\u0131 l\u0259\u011fv edibl\u0259r. Noyabr\u0131n 1-d\u0259 T&uuml;rkiy\u0259 Prezidenti R\u0259c\u0259b Tayyib \u018frdo\u011fanla AB\u015e Prezidenti Donald Tramp aras\u0131nda telefon dan\u0131\u015f\u0131\u011f\u0131 olub. Prezidentl\u0259rin telefon s&ouml;hb\u0259tind\u0259 qar\u015f\u0131l\u0131ql\u0131 \u015f\u0259kild\u0259 sanksiyalar\u0131n aradan&hellip;<\/p>\n","protected":false},"author":1,"featured_media":251278,"comment_status":"open","ping_status":"open","sticky":false,"template":"","format":"standard","meta":{"_lmt_disableupdate":"","_lmt_disable":"","footnotes":""},"categories":[89],"tags":[],"class_list":["post-70587","post","type-post","status-publish","format-standard","has-post-thumbnail","hentry","category-dunya-butun-xeberler"],"_links":{"self":[{"href":"https:\/\/ucnoqta.az\/index.php?rest_route=\/wp\/v2\/posts\/70587","targetHints":{"allow":["GET"]}}],"collection":[{"href":"https:\/\/ucnoqta.az\/index.php?rest_route=\/wp\/v2\/posts"}],"about":[{"href":"https:\/\/ucnoqta.az\/index.php?rest_route=\/wp\/v2\/types\/post"}],"author":[{"embeddable":true,"href":"https:\/\/ucnoqta.az\/index.php?rest_route=\/wp\/v2\/users\/1"}],"replies":[{"embeddable":true,"href":"https:\/\/ucnoqta.az\/index.php?rest_route=%2Fwp%2Fv2%2Fcomments&post=70587"}],"version-history":[{"count":0,"href":"https:\/\/ucnoqta.az\/index.php?rest_route=\/wp\/v2\/posts\/70587\/revisions"}],"wp:featuredmedia":[{"embeddable":true,"href":"https:\/\/ucnoqta.az\/index.php?rest_route=\/wp\/v2\/media\/251278"}],"wp:attachment":[{"href":"https:\/\/ucnoqta.az\/index.php?rest_route=%2Fwp%2Fv2%2Fmedia&parent=70587"}],"wp:term":[{"taxonomy":"category","embeddable":true,"href":"https:\/\/ucnoqta.az\/index.php?rest_route=%2Fwp%2Fv2%2Fcategories&post=70587"},{"taxonomy":"post_tag","embeddable":true,"href":"https:\/\/ucnoqta.az\/index.php?rest_route=%2Fwp%2Fv2%2Ftags&post=70587"}],"curies":[{"name":"wp","href":"https:\/\/api.w.org\/{rel}","templated":true}]}}