{"id":70582,"date":"2018-11-02T16:08:38","date_gmt":"2018-11-02T12:08:38","guid":{"rendered":""},"modified":"-0001-11-30T00:00:00","modified_gmt":"-0001-11-29T20:00:00","slug":"","status":"publish","type":"post","link":"https:\/\/ucnoqta.az\/?p=70582","title":{"rendered":"Pol\u015fa \u015firk\u0259tinin r\u0259hb\u0259rinin ad\u0131 arzuolunmaz \u015f\u0259xsl\u0259r siyah\u0131s\u0131ndan \u00e7\u0131xar\u0131l\u0131b"},"content":{"rendered":"<p><strong>Az\u0259rbaycan X\u0130N Pol\u015fa Respublikas\u0131n\u0131n v\u0259t\u0259nda\u015f\u0131 Mateu\u015f Lisovskinin ad\u0131n\u0131n arzuolunmaz \u015f\u0259xsl\u0259r siyah\u0131s\u0131ndan &ccedil;\u0131xar\u0131lmas\u0131na dair m\u0259lumat yay\u0131b.<\/strong><\/p>\n<p>X\u0130N-d\u0259n Ucnoqta.az-a veril\u0259n m\u0259lumata g&ouml;r\u0259,&nbsp;Pol\u015fa Respublikas\u0131n\u0131n v\u0259t\u0259nda\u015f\u0131,&nbsp; &ldquo;Publicis Sp. Z.o.o.&rdquo; \u015firk\u0259tinin r\u0259hb\u0259ri Mateu\u015f Lisovski Xarici \u0130\u015fl\u0259r Nazirliyin\u0259 m\u0259ktubla m&uuml;raci\u0259t ed\u0259r\u0259k, ad\u0131n\u0131n &ldquo;Az\u0259rbaycan Respublikas\u0131n\u0131n i\u015f\u011fal edilmi\u015f \u0259razil\u0259rin\u0259 qanunsuz s\u0259f\u0259r etmi\u015f xarici &ouml;lk\u0259 v\u0259t\u0259nda\u015flar\u0131n\u0131n siyah\u0131s\u0131&rdquo;ndan &ccedil;\u0131xar\u0131lmas\u0131n\u0131 xahi\u015f edib.<br \/>\n&nbsp;M\u0259ktubunda o, Az\u0259rbaycan Respublikas\u0131n\u0131n beyn\u0259lxalq s\u0259viyy\u0259d\u0259 tan\u0131nm\u0131\u015f s\u0259rh\u0259dl\u0259ri &ccedil;\u0259r&ccedil;iv\u0259sind\u0259 suverenliyin\u0259 v\u0259 \u0259razi b&uuml;t&ouml;vl&uuml;y&uuml;n\u0259, el\u0259c\u0259 d\u0259 qanun v\u0259 qaydalar\u0131na tam h&ouml;rm\u0259t etdiyini bildir\u0259r\u0259k, Erm\u0259nistan vasit\u0259sil\u0259 &ouml;lk\u0259mizin \u0259razil\u0259rin\u0259 s\u0259f\u0259rinin niyy\u0259tli olmad\u0131\u011f\u0131n\u0131 v\u0259 bu s\u0259f\u0259rin n\u0259tic\u0259l\u0259rind\u0259n m\u0259lumats\u0131z oldu\u011funu qeyd edib.<\/p>\n<p>Daha sonra, M.Lisovski uzunm&uuml;dd\u0259tli m&uuml;naqi\u015f\u0259nin n\u0259tic\u0259sind\u0259n ba\u015fqa bir \u015fey olmayan Az\u0259rbaycan\u0131n \u0259razil\u0259rin\u0259 s\u0259f\u0259rinin he&ccedil; bir halda bu b&ouml;lg\u0259d\u0259 yarad\u0131lm\u0131\u015f qanunsuz rejimin t\u0259\u015fviqin\u0259 xidm\u0259t etm\u0259diyini x&uuml;susil\u0259 vur\u011fulay\u0131b. Az\u0259rbaycan h&ouml;kum\u0259tind\u0259n v\u0259 xalq\u0131ndan icaz\u0259siz s\u0259f\u0259rin\u0259 g&ouml;r\u0259 &uuml;zr ist\u0259y\u0259n M.Lisovski g\u0259l\u0259c\u0259kd\u0259 bel\u0259 s\u0259f\u0259rl\u0259rd\u0259n &ccedil;\u0259kin\u0259c\u0259yini, ad\u0131n\u0131n &ldquo;Arzuolunmaz \u015f\u0259xsl\u0259rin siyah\u0131s\u0131&rdquo;ndan &ccedil;\u0131xar\u0131lmas\u0131n\u0131 v\u0259 &ouml;lk\u0259miz\u0259 s\u0259f\u0259r &uuml;&ccedil;&uuml;n m&uuml;vafiq icaz\u0259sinin verilm\u0259sini xahi\u015f edib.<br \/>\n&nbsp;<br \/>\nM.Lisovskinin m&uuml;raci\u0259ti m&uuml;vafiq qaydada n\u0259z\u0259rd\u0259n ke&ccedil;irilib v\u0259 ad\u0131n\u0131n arzuolunmaz \u015f\u0259xsl\u0259r siyah\u0131s\u0131ndan &ccedil;\u0131xar\u0131lmas\u0131na dair q\u0259rar q\u0259bul edilib.<\/p>\n","protected":false},"excerpt":{"rendered":"<p>Az\u0259rbaycan X\u0130N Pol\u015fa Respublikas\u0131n\u0131n v\u0259t\u0259nda\u015f\u0131 Mateu\u015f Lisovskinin ad\u0131n\u0131n arzuolunmaz \u015f\u0259xsl\u0259r siyah\u0131s\u0131ndan &ccedil;\u0131xar\u0131lmas\u0131na dair m\u0259lumat yay\u0131b. X\u0130N-d\u0259n Ucnoqta.az-a veril\u0259n m\u0259lumata g&ouml;r\u0259,&nbsp;Pol\u015fa Respublikas\u0131n\u0131n v\u0259t\u0259nda\u015f\u0131,&nbsp; &ldquo;Publicis Sp. Z.o.o.&rdquo; \u015firk\u0259tinin r\u0259hb\u0259ri Mateu\u015f Lisovski Xarici&hellip;<\/p>\n","protected":false},"author":1,"featured_media":251278,"comment_status":"open","ping_status":"open","sticky":false,"template":"","format":"standard","meta":{"_lmt_disableupdate":"","_lmt_disable":"","footnotes":""},"categories":[],"tags":[],"class_list":["post-70582","post","type-post","status-publish","format-standard","has-post-thumbnail","hentry"],"_links":{"self":[{"href":"https:\/\/ucnoqta.az\/index.php?rest_route=\/wp\/v2\/posts\/70582","targetHints":{"allow":["GET"]}}],"collection":[{"href":"https:\/\/ucnoqta.az\/index.php?rest_route=\/wp\/v2\/posts"}],"about":[{"href":"https:\/\/ucnoqta.az\/index.php?rest_route=\/wp\/v2\/types\/post"}],"author":[{"embeddable":true,"href":"https:\/\/ucnoqta.az\/index.php?rest_route=\/wp\/v2\/users\/1"}],"replies":[{"embeddable":true,"href":"https:\/\/ucnoqta.az\/index.php?rest_route=%2Fwp%2Fv2%2Fcomments&post=70582"}],"version-history":[{"count":0,"href":"https:\/\/ucnoqta.az\/index.php?rest_route=\/wp\/v2\/posts\/70582\/revisions"}],"wp:featuredmedia":[{"embeddable":true,"href":"https:\/\/ucnoqta.az\/index.php?rest_route=\/wp\/v2\/media\/251278"}],"wp:attachment":[{"href":"https:\/\/ucnoqta.az\/index.php?rest_route=%2Fwp%2Fv2%2Fmedia&parent=70582"}],"wp:term":[{"taxonomy":"category","embeddable":true,"href":"https:\/\/ucnoqta.az\/index.php?rest_route=%2Fwp%2Fv2%2Fcategories&post=70582"},{"taxonomy":"post_tag","embeddable":true,"href":"https:\/\/ucnoqta.az\/index.php?rest_route=%2Fwp%2Fv2%2Ftags&post=70582"}],"curies":[{"name":"wp","href":"https:\/\/api.w.org\/{rel}","templated":true}]}}