{"id":70576,"date":"2018-11-02T15:29:43","date_gmt":"2018-11-02T11:29:43","guid":{"rendered":""},"modified":"-0001-11-30T00:00:00","modified_gmt":"-0001-11-29T20:00:00","slug":"","status":"publish","type":"post","link":"https:\/\/ucnoqta.az\/?p=70576","title":{"rendered":"\u0130qor Popov: &#8220;T\u0259mas x\u0259ttind\u0259 v\u0259ziyy\u0259t sabitl\u0259\u015fib&#8221;"},"content":{"rendered":"<p><strong>&quot;Az\u0259rbaycan v\u0259 Erm\u0259nistan qo\u015funlar\u0131n\u0131n t\u0259mas x\u0259ttind\u0259 v\u0259ziyy\u0259t az-&ccedil;ox sabitl\u0259\u015fib&quot;.<\/strong><\/p>\n<p>&quot;Report&quot; &quot;R\u0130A Novosti&quot;y\u0259 istinad\u0259n x\u0259b\u0259r verir ki, bunu AT\u018fT-in Minsk qrupunun rusiyal\u0131 h\u0259ms\u0259dri \u0130qor Popov deyib. O, AT\u018fT-in Minsk qrupunun h\u0259ms\u0259drl\u0259rinin regiona s\u0259f\u0259ri zaman\u0131 Az\u0259rbaycan v\u0259 Erm\u0259nistan r\u0259hb\u0259rliyi il\u0259 bir s\u0131ra g&ouml;r&uuml;\u015fl\u0259r ke&ccedil;irdiyini vur\u011fulay\u0131b.<\/p>\n<p>&quot;Da\u011fl\u0131q Qaraba\u011f m&uuml;naqi\u015f\u0259si il\u0259 ba\u011fl\u0131 m\u0259s\u0259l\u0259l\u0259r diqq\u0259t m\u0259rk\u0259zind\u0259dir. O c&uuml;ml\u0259d\u0259n iki &ouml;lk\u0259nin liderl\u0259ri aras\u0131nda D&uuml;\u015f\u0259nb\u0259d\u0259 ba\u015f tutan dan\u0131\u015f\u0131qlar\u0131, \u0259ld\u0259 edilmi\u015f v\u0259 haz\u0131rda h\u0259yata ke&ccedil;iril\u0259n raz\u0131la\u015fmalar\u0131 m&uuml;zakir\u0259 etdik. Yerevanla Bak\u0131 aras\u0131nda yarad\u0131lan kommunikasiya x\u0259ttind\u0259n dan\u0131\u015fd\u0131q&quot;, &#8211; dey\u0259 \u0130.Popov bildirib.<\/p>\n","protected":false},"excerpt":{"rendered":"<p>&quot;Az\u0259rbaycan v\u0259 Erm\u0259nistan qo\u015funlar\u0131n\u0131n t\u0259mas x\u0259ttind\u0259 v\u0259ziyy\u0259t az-&ccedil;ox sabitl\u0259\u015fib&quot;. &quot;Report&quot; &quot;R\u0130A Novosti&quot;y\u0259 istinad\u0259n x\u0259b\u0259r verir ki, bunu AT\u018fT-in Minsk qrupunun rusiyal\u0131 h\u0259ms\u0259dri \u0130qor Popov deyib. O, AT\u018fT-in Minsk qrupunun h\u0259ms\u0259drl\u0259rinin&hellip;<\/p>\n","protected":false},"author":1,"featured_media":251278,"comment_status":"open","ping_status":"open","sticky":false,"template":"","format":"standard","meta":{"_lmt_disableupdate":"","_lmt_disable":"","footnotes":""},"categories":[86],"tags":[],"class_list":["post-70576","post","type-post","status-publish","format-standard","has-post-thumbnail","hentry","category-siyaset"],"_links":{"self":[{"href":"https:\/\/ucnoqta.az\/index.php?rest_route=\/wp\/v2\/posts\/70576","targetHints":{"allow":["GET"]}}],"collection":[{"href":"https:\/\/ucnoqta.az\/index.php?rest_route=\/wp\/v2\/posts"}],"about":[{"href":"https:\/\/ucnoqta.az\/index.php?rest_route=\/wp\/v2\/types\/post"}],"author":[{"embeddable":true,"href":"https:\/\/ucnoqta.az\/index.php?rest_route=\/wp\/v2\/users\/1"}],"replies":[{"embeddable":true,"href":"https:\/\/ucnoqta.az\/index.php?rest_route=%2Fwp%2Fv2%2Fcomments&post=70576"}],"version-history":[{"count":0,"href":"https:\/\/ucnoqta.az\/index.php?rest_route=\/wp\/v2\/posts\/70576\/revisions"}],"wp:featuredmedia":[{"embeddable":true,"href":"https:\/\/ucnoqta.az\/index.php?rest_route=\/wp\/v2\/media\/251278"}],"wp:attachment":[{"href":"https:\/\/ucnoqta.az\/index.php?rest_route=%2Fwp%2Fv2%2Fmedia&parent=70576"}],"wp:term":[{"taxonomy":"category","embeddable":true,"href":"https:\/\/ucnoqta.az\/index.php?rest_route=%2Fwp%2Fv2%2Fcategories&post=70576"},{"taxonomy":"post_tag","embeddable":true,"href":"https:\/\/ucnoqta.az\/index.php?rest_route=%2Fwp%2Fv2%2Ftags&post=70576"}],"curies":[{"name":"wp","href":"https:\/\/api.w.org\/{rel}","templated":true}]}}