{"id":70564,"date":"2018-11-02T13:16:53","date_gmt":"2018-11-02T09:16:53","guid":{"rendered":""},"modified":"-0001-11-30T00:00:00","modified_gmt":"-0001-11-29T20:00:00","slug":"","status":"publish","type":"post","link":"https:\/\/ucnoqta.az\/?p=70564","title":{"rendered":"Lavrov: <font color=red><b>&#8220;Rusiya AT\u018fT-in m\u00fcnaqi\u015f\u0259l\u0259rin h\u0259lli \u00fczr\u0259 s\u0259yl\u0259rini alq\u0131\u015flay\u0131r&#8221;<\/b><\/font>"},"content":{"rendered":"<p><strong>&quot;Rusiya AT\u018fT-in Da\u011fl\u0131q Qaraba\u011f m&uuml;naqi\u015f\u0259sinin h\u0259lli &uuml;zr\u0259 s\u0259yl\u0259rini m&uuml;sb\u0259t qiym\u0259tl\u0259ndirir&quot;.<\/strong><\/p>\n<p>Ucnoqta.az &quot;Report&quot;a istinad\u0259n x\u0259b\u0259r verir ki, bu bar\u0259d\u0259 Rusiyan\u0131n xarici i\u015fl\u0259r naziri Sergey Lavrov AT\u018fT-in Ba\u015f katibi Tomas Qreminger il\u0259 g&ouml;r&uuml;\u015fd\u0259n sonra t\u0259\u015fkil edil\u0259n brifinqd\u0259 deyib.<\/p>\n<p>&quot;T\u0259\u015fkilat\u0131n Dnestryan\u0131, Da\u011fl\u0131q Qaraba\u011f m&uuml;naqi\u015f\u0259l\u0259rinin nizamlanmas\u0131ndak\u0131, C\u0259nubi Qafqazda sabitliy\u0259 dair Cenevr\u0259 m&uuml;zakir\u0259l\u0259rind\u0259ki s\u0259yl\u0259rini, el\u0259c\u0259 d\u0259 AT\u018fT-in Balkanlardak\u0131 f\u0259aliyy\u0259tini m&uuml;sb\u0259t qiym\u0259tl\u0259ndirdik. Minsk t\u0259dbirl\u0259r paketinin tam v\u0259 ard\u0131c\u0131l yerin\u0259 yetirilm\u0259sinin alternativsizliyin\u0259 \u0259saslanaraq, Ukraynan\u0131n \u015f\u0259rqind\u0259 siyasi h\u0259ll prosesinin perspektivl\u0259rini \u0259trafl\u0131 m&uuml;zakir\u0259 etdik&quot;, &#8211; S.Lavrov bildirib.<\/p>\n","protected":false},"excerpt":{"rendered":"<p>&quot;Rusiya AT\u018fT-in Da\u011fl\u0131q Qaraba\u011f m&uuml;naqi\u015f\u0259sinin h\u0259lli &uuml;zr\u0259 s\u0259yl\u0259rini m&uuml;sb\u0259t qiym\u0259tl\u0259ndirir&quot;. Ucnoqta.az &quot;Report&quot;a istinad\u0259n x\u0259b\u0259r verir ki, bu bar\u0259d\u0259 Rusiyan\u0131n xarici i\u015fl\u0259r naziri Sergey Lavrov AT\u018fT-in Ba\u015f katibi Tomas Qreminger il\u0259&hellip;<\/p>\n","protected":false},"author":1,"featured_media":251278,"comment_status":"open","ping_status":"open","sticky":false,"template":"","format":"standard","meta":{"_lmt_disableupdate":"","_lmt_disable":"","footnotes":""},"categories":[89],"tags":[],"class_list":["post-70564","post","type-post","status-publish","format-standard","has-post-thumbnail","hentry","category-dunya-butun-xeberler"],"_links":{"self":[{"href":"https:\/\/ucnoqta.az\/index.php?rest_route=\/wp\/v2\/posts\/70564","targetHints":{"allow":["GET"]}}],"collection":[{"href":"https:\/\/ucnoqta.az\/index.php?rest_route=\/wp\/v2\/posts"}],"about":[{"href":"https:\/\/ucnoqta.az\/index.php?rest_route=\/wp\/v2\/types\/post"}],"author":[{"embeddable":true,"href":"https:\/\/ucnoqta.az\/index.php?rest_route=\/wp\/v2\/users\/1"}],"replies":[{"embeddable":true,"href":"https:\/\/ucnoqta.az\/index.php?rest_route=%2Fwp%2Fv2%2Fcomments&post=70564"}],"version-history":[{"count":0,"href":"https:\/\/ucnoqta.az\/index.php?rest_route=\/wp\/v2\/posts\/70564\/revisions"}],"wp:featuredmedia":[{"embeddable":true,"href":"https:\/\/ucnoqta.az\/index.php?rest_route=\/wp\/v2\/media\/251278"}],"wp:attachment":[{"href":"https:\/\/ucnoqta.az\/index.php?rest_route=%2Fwp%2Fv2%2Fmedia&parent=70564"}],"wp:term":[{"taxonomy":"category","embeddable":true,"href":"https:\/\/ucnoqta.az\/index.php?rest_route=%2Fwp%2Fv2%2Fcategories&post=70564"},{"taxonomy":"post_tag","embeddable":true,"href":"https:\/\/ucnoqta.az\/index.php?rest_route=%2Fwp%2Fv2%2Ftags&post=70564"}],"curies":[{"name":"wp","href":"https:\/\/api.w.org\/{rel}","templated":true}]}}