{"id":70559,"date":"2018-11-02T12:46:19","date_gmt":"2018-11-02T08:46:19","guid":{"rendered":""},"modified":"-0001-11-30T00:00:00","modified_gmt":"-0001-11-29T20:00:00","slug":"","status":"publish","type":"post","link":"https:\/\/ucnoqta.az\/?p=70559","title":{"rendered":"Acun Minan\u0131 \u201cO s\u0259s\u201d\u0259 \u00e7a\u011f\u0131rd\u0131- <font color=red><b>Video<\/b><\/font>"},"content":{"rendered":"<p><strong>Az\u0259rbaycanda &ldquo;Dur oppan&rdquo;, &ldquo;H\u0259r \u015fey ist\u0259yir\u0259m&rdquo; kimi mahn\u0131larla populyarla\u015fan, daha sonra g&uuml;nd\u0259md\u0259n uzaq d&uuml;\u015f\u0259n Mina H&uuml;seyn &ldquo;O s\u0259s T&uuml;rkiy\u0259&rdquo; yar\u0131\u015fmas\u0131na qat\u0131l\u0131b.&nbsp;<\/strong><\/p>\n<p>Ucnoqta.az &ldquo;Qafqazinfo&rdquo;ya istinad\u0259n x\u0259b\u0259r verir ki, g\u0259nc ifa&ccedil;\u0131 m\u0259\u015fhur m&uuml;sabiq\u0259nin bu h\u0259ft\u0259ki burax\u0131l\u0131\u015f\u0131nda &ccedil;\u0131x\u0131\u015f ed\u0259c\u0259k. H\u0259tta &ldquo;O s\u0259s&rdquo;in anonsu Minan\u0131n ifas\u0131 &uuml;z\u0259rind\u0259 qurulub.&nbsp; Videodan g&ouml;r&uuml;n&uuml;r ki, b&uuml;t&uuml;n m&uuml;nsif &uuml;zvl\u0259ri h\u0259myerlimizin ifas\u0131na heyran olub. O, s\u0259hn\u0259d\u0259 T&uuml;rkiy\u0259nin m\u0259\u015fhur t&uuml;rk&uuml;s&uuml; &ldquo;Nayino&rdquo;nu s\u0259sl\u0259ndirib.<\/p>\n<p>Mina yar\u0131\u015fma il\u0259 ba\u011fl\u0131 &ldquo;Qafqazinfo&rdquo;ya t\u0259\u0259s&uuml;ratlar\u0131n\u0131 b&ouml;l&uuml;\u015f\u0259n Mina &ldquo;O s\u0259s&rdquo;\u0259 Acun Medya t\u0259r\u0259find\u0259n d\u0259v\u0259t olundu\u011funu bildirib:<br \/>\n&ldquo;T\u0259\u0259ss&uuml;rat\u0131m superdir. H\u0259l\u0259 m\u0259ni bu q\u0259d\u0259r t\u0259rifl\u0259m\u0259mi\u015fdil\u0259r. \u0130fama heyran qald\u0131lar. M\u0259n\u0259 dedil\u0259r ki, bu kimdir, Qarad\u0259niz q\u0131z\u0131d\u0131r? Sonra s&ouml;yl\u0259dim ki, Az\u0259rbaycandan qat\u0131lm\u0131\u015fam. Zalda alq\u0131\u015flar k\u0259silmirdi. Seda Sayan m\u0259ni Bak\u0131da g&ouml;r&uuml;b, s\u0259simi dinl\u0259yib v\u0259 b\u0259y\u0259nib. K&ouml;m\u0259k&ccedil;il\u0259ri m\u0259ni Acun Il\u0131cal\u0131ya t\u0259klif edib, o da deyib ki, m&uuml;tl\u0259q g\u0259lsin. Y\u0259ni, ham\u0131 se&ccedil;im &uuml;&ccedil;&uuml;n 3 tur ke&ccedil;ib, m\u0259n is\u0259 bir ba\u015fa s\u0259hn\u0259y\u0259 &ccedil;\u0131xd\u0131m&rdquo;.<\/p>\n<p><iframe allow=\"autoplay\" allowfullscreen=\"\" frameborder=\"0\" height=\"315\" src=\"\/\/ok.ru\/videoembed\/969454258794\" width=\"560\"><\/iframe><\/p>\n","protected":false},"excerpt":{"rendered":"<p>Az\u0259rbaycanda &ldquo;Dur oppan&rdquo;, &ldquo;H\u0259r \u015fey ist\u0259yir\u0259m&rdquo; kimi mahn\u0131larla populyarla\u015fan, daha sonra g&uuml;nd\u0259md\u0259n uzaq d&uuml;\u015f\u0259n Mina H&uuml;seyn &ldquo;O s\u0259s T&uuml;rkiy\u0259&rdquo; yar\u0131\u015fmas\u0131na qat\u0131l\u0131b.&nbsp; Ucnoqta.az &ldquo;Qafqazinfo&rdquo;ya istinad\u0259n x\u0259b\u0259r verir ki, g\u0259nc ifa&ccedil;\u0131 m\u0259\u015fhur&hellip;<\/p>\n","protected":false},"author":1,"featured_media":251278,"comment_status":"open","ping_status":"open","sticky":false,"template":"","format":"standard","meta":{"_lmt_disableupdate":"","_lmt_disable":"","footnotes":""},"categories":[92],"tags":[],"class_list":["post-70559","post","type-post","status-publish","format-standard","has-post-thumbnail","hentry","category-maqazin"],"_links":{"self":[{"href":"https:\/\/ucnoqta.az\/index.php?rest_route=\/wp\/v2\/posts\/70559","targetHints":{"allow":["GET"]}}],"collection":[{"href":"https:\/\/ucnoqta.az\/index.php?rest_route=\/wp\/v2\/posts"}],"about":[{"href":"https:\/\/ucnoqta.az\/index.php?rest_route=\/wp\/v2\/types\/post"}],"author":[{"embeddable":true,"href":"https:\/\/ucnoqta.az\/index.php?rest_route=\/wp\/v2\/users\/1"}],"replies":[{"embeddable":true,"href":"https:\/\/ucnoqta.az\/index.php?rest_route=%2Fwp%2Fv2%2Fcomments&post=70559"}],"version-history":[{"count":0,"href":"https:\/\/ucnoqta.az\/index.php?rest_route=\/wp\/v2\/posts\/70559\/revisions"}],"wp:featuredmedia":[{"embeddable":true,"href":"https:\/\/ucnoqta.az\/index.php?rest_route=\/wp\/v2\/media\/251278"}],"wp:attachment":[{"href":"https:\/\/ucnoqta.az\/index.php?rest_route=%2Fwp%2Fv2%2Fmedia&parent=70559"}],"wp:term":[{"taxonomy":"category","embeddable":true,"href":"https:\/\/ucnoqta.az\/index.php?rest_route=%2Fwp%2Fv2%2Fcategories&post=70559"},{"taxonomy":"post_tag","embeddable":true,"href":"https:\/\/ucnoqta.az\/index.php?rest_route=%2Fwp%2Fv2%2Ftags&post=70559"}],"curies":[{"name":"wp","href":"https:\/\/api.w.org\/{rel}","templated":true}]}}