{"id":70556,"date":"2018-11-02T12:16:02","date_gmt":"2018-11-02T08:16:02","guid":{"rendered":""},"modified":"-0001-11-30T00:00:00","modified_gmt":"-0001-11-29T20:00:00","slug":"","status":"publish","type":"post","link":"https:\/\/ucnoqta.az\/?p=70556","title":{"rendered":"Ordumuzun Az\u0259rbaycan peykind\u0259n istifad\u0259si h\u0259rbi imkanlar\u0131m\u0131z\u0131 daha da geni\u015fl\u0259ndirir &#8211;<font color=red><b> V\u0130DEO<\/b><\/font>"},"content":{"rendered":"<p><strong>General-polkovnik Z.H\u0259s\u0259nov v\u0259 nazirliyin dig\u0259r r\u0259hb\u0259r hey\u0259ti Az\u0259rbaycan Ordusunda yeni istismara verilmi\u015f Peyk Rabit\u0259si \u0130dar\u0259etm\u0259 M\u0259rk\u0259zinin f\u0259aliyy\u0259ti il\u0259 tan\u0131\u015f olub.<\/strong><\/p>\n<p>M&uuml;dafi\u0259 Nazirliyind\u0259n Ucnoqta.az-a veril\u0259n m\u0259lumata g&ouml;r\u0259, bildirilib ki, t\u0259hl&uuml;k\u0259sizlik t\u0259dbirl\u0259ri n\u0259z\u0259r\u0259 al\u0131nmaqla peyk rabit\u0259 sistemi \u0259sas\u0259n avtonom i\u015fl\u0259y\u0259n m\u0259rk\u0259zi yer&uuml;st&uuml; stansiya, mobil v\u0259 da\u015f\u0131nan peyk rabit\u0259si vasit\u0259l\u0259ri olaraq &ldquo;Az\u0259rkosmos&rdquo; ASC-nin peyki &uuml;z\u0259rind\u0259n f\u0259aliyy\u0259t g&ouml;st\u0259rir.<br \/>\nBu peyk rabit\u0259 sistemi h&uuml;cum v\u0259 m&uuml;dafi\u0259 \u0259m\u0259liyyatlar\u0131nda qo\u015funlar\u0131n mobil h\u0259r\u0259k\u0259ti v\u0259 &ccedil;evik yerd\u0259yi\u015fm\u0259si zaman\u0131 komanda m\u0259nt\u0259q\u0259l\u0259ri aras\u0131nda s\u0259sli v\u0259 m\u0259tn (DATA) m\u0259lumat m&uuml;badil\u0259sinin t\u0259min edilm\u0259si &uuml;&ccedil;&uuml;n t\u0259yin edilib.<\/p>\n<p>M&uuml;dafi\u0259 Nazirliyinin r\u0259hb\u0259rliyi Az\u0259rbaycan Ordusunun rabit\u0259 vasit\u0259l\u0259rinin texniki xidm\u0259t v\u0259 t\u0259miri M\u0259rk\u0259zinin yeni istifad\u0259y\u0259 verilmi\u015f b&ouml;lm\u0259l\u0259rinin a&ccedil;\u0131l\u0131\u015f\u0131nda da i\u015ftirak edib.<br \/>\nM&uuml;dafi\u0259 naziri general-polkovnik Zakir H\u0259s\u0259nov m\u0259rk\u0259zin \u0259razisind\u0259 yerl\u0259\u015f\u0259n rabit\u0259 vasit\u0259l\u0259rinin t\u0259miri &uuml;&ccedil;&uuml;n n\u0259z\u0259rd\u0259 tutulmu\u015f laboratoriyalar, el\u0259c\u0259 d\u0259 texniki, xidm\u0259ti, inzibati otaqlar v\u0259 saxlanclarda yarad\u0131lm\u0131\u015f \u015f\u0259raitl\u0259 tan\u0131\u015f olub.<br \/>\nBildirilib ki, qo\u015funlarda istifad\u0259 edil\u0259n b&uuml;t&uuml;n n&ouml;v stasionar v\u0259 s\u0259yyar m&uuml;asir h\u0259rbi kommunikasiya avadanl\u0131qlar\u0131na m\u0259rk\u0259zd\u0259 texniki xidm\u0259t g&ouml;st\u0259rilir v\u0259 onlar q\u0131sa m&uuml;dd\u0259td\u0259 tam t\u0259mir olunaraq yenid\u0259n s\u0131raya qaytar\u0131l\u0131r.<br \/>\nAvtomatla\u015fd\u0131r\u0131lm\u0131\u015f idar\u0259etm\u0259 sisteml\u0259ri, radiostansiyalar v\u0259 peyk avadanl\u0131qlar\u0131n\u0131n t\u0259miri otaqlar\u0131nda &ccedil;al\u0131\u015fan m&uuml;t\u0259x\u0259ssisl\u0259rl\u0259 g&ouml;r&uuml;\u015f\u0259n M&uuml;dafi\u0259 naziri rabit\u0259 vasit\u0259l\u0259rinin m&uuml;asir ordunun idar\u0259etm\u0259 sisteminin \u0259sas elementl\u0259rind\u0259n biri oldu\u011funu qeyd edib.<\/p>\n<p>General-polkovnik Z.H\u0259s\u0259nov m&uuml;asir d&ouml;y&uuml;\u015fd\u0259 b&ouml;lm\u0259l\u0259rin fasil\u0259siz, sabit, operativ v\u0259 gizli idar\u0259 olunmas\u0131 m\u0259s\u0259l\u0259sinin Silahl\u0131 Q&uuml;vv\u0259l\u0259rin Ali Ba\u015f Komandan\u0131 \u0130lham \u018fliyevin daim diqq\u0259t m\u0259rk\u0259zind\u0259 saxlad\u0131\u011f\u0131n\u0131 bildir\u0259r\u0259k m\u0259rk\u0259zin imkanlar\u0131n\u0131n daha da geni\u015fl\u0259ndirilm\u0259si il\u0259 ba\u011fl\u0131 m&uuml;vafiq tap\u015f\u0131r\u0131qlar verib.<\/p>\n<p><iframe allow=\"accelerometer; autoplay; encrypted-media; gyroscope; picture-in-picture\" allowfullscreen=\"\" frameborder=\"0\" height=\"315\" src=\"https:\/\/www.youtube.com\/embed\/VcsLY3B2d7k\" width=\"560\"><\/iframe><\/p>\n","protected":false},"excerpt":{"rendered":"<p>General-polkovnik Z.H\u0259s\u0259nov v\u0259 nazirliyin dig\u0259r r\u0259hb\u0259r hey\u0259ti Az\u0259rbaycan Ordusunda yeni istismara verilmi\u015f Peyk Rabit\u0259si \u0130dar\u0259etm\u0259 M\u0259rk\u0259zinin f\u0259aliyy\u0259ti il\u0259 tan\u0131\u015f olub. M&uuml;dafi\u0259 Nazirliyind\u0259n Ucnoqta.az-a veril\u0259n m\u0259lumata g&ouml;r\u0259, bildirilib ki, t\u0259hl&uuml;k\u0259sizlik t\u0259dbirl\u0259ri&hellip;<\/p>\n","protected":false},"author":1,"featured_media":251278,"comment_status":"open","ping_status":"open","sticky":false,"template":"","format":"standard","meta":{"_lmt_disableupdate":"","_lmt_disable":"","footnotes":""},"categories":[],"tags":[],"class_list":["post-70556","post","type-post","status-publish","format-standard","has-post-thumbnail","hentry"],"_links":{"self":[{"href":"https:\/\/ucnoqta.az\/index.php?rest_route=\/wp\/v2\/posts\/70556","targetHints":{"allow":["GET"]}}],"collection":[{"href":"https:\/\/ucnoqta.az\/index.php?rest_route=\/wp\/v2\/posts"}],"about":[{"href":"https:\/\/ucnoqta.az\/index.php?rest_route=\/wp\/v2\/types\/post"}],"author":[{"embeddable":true,"href":"https:\/\/ucnoqta.az\/index.php?rest_route=\/wp\/v2\/users\/1"}],"replies":[{"embeddable":true,"href":"https:\/\/ucnoqta.az\/index.php?rest_route=%2Fwp%2Fv2%2Fcomments&post=70556"}],"version-history":[{"count":0,"href":"https:\/\/ucnoqta.az\/index.php?rest_route=\/wp\/v2\/posts\/70556\/revisions"}],"wp:featuredmedia":[{"embeddable":true,"href":"https:\/\/ucnoqta.az\/index.php?rest_route=\/wp\/v2\/media\/251278"}],"wp:attachment":[{"href":"https:\/\/ucnoqta.az\/index.php?rest_route=%2Fwp%2Fv2%2Fmedia&parent=70556"}],"wp:term":[{"taxonomy":"category","embeddable":true,"href":"https:\/\/ucnoqta.az\/index.php?rest_route=%2Fwp%2Fv2%2Fcategories&post=70556"},{"taxonomy":"post_tag","embeddable":true,"href":"https:\/\/ucnoqta.az\/index.php?rest_route=%2Fwp%2Fv2%2Ftags&post=70556"}],"curies":[{"name":"wp","href":"https:\/\/api.w.org\/{rel}","templated":true}]}}