{"id":70553,"date":"2018-11-02T11:55:57","date_gmt":"2018-11-02T07:55:57","guid":{"rendered":""},"modified":"-0001-11-30T00:00:00","modified_gmt":"-0001-11-29T20:00:00","slug":"","status":"publish","type":"post","link":"https:\/\/ucnoqta.az\/?p=70553","title":{"rendered":"Novruz M\u0259mm\u0259dov Qazax\u0131stan\u0131n Ba\u015f naziri il\u0259 g\u00f6r\u00fc\u015f\u00fcb"},"content":{"rendered":"<p><strong>M&uuml;st\u0259qil D&ouml;vl\u0259tl\u0259r Birliyi (MDB) H&ouml;kum\u0259t Ba\u015f&ccedil;\u0131lar\u0131 \u015euras\u0131n\u0131n n&ouml;vb\u0259ti iclas\u0131nda i\u015ftirak etm\u0259k &uuml;&ccedil;&uuml;n Qazax\u0131stan paytaxt\u0131 Astanada s\u0259f\u0259rd\u0259 olan Az\u0259rbaycan\u0131n Ba\u015f naziri Novruz M\u0259mm\u0259dov qazax\u0131stanl\u0131 h\u0259mkar\u0131 Bak\u0131tjan Saqintayevl\u0259 g&ouml;r&uuml;\u015f&uuml;b.<\/strong><\/p>\n<p>Ucnoqta.az &quot;Report&quot;a istinad\u0259n x\u0259b\u0259r verir ki, g&ouml;r&uuml;\u015f zaman\u0131 ikit\u0259r\u0259fli \u0259m\u0259kda\u015fl\u0131q m&uuml;nasib\u0259tl\u0259rinin inki\u015faf\u0131, aktual regional v\u0259 beyn\u0259lxalq m\u0259s\u0259l\u0259l\u0259r m&uuml;zakir\u0259 edilib. Qazax\u0131stan\u0131n Ba\u015f naziri Bak\u0131tjan Saqintayev bildirib ki, MDB H&ouml;kum\u0259t Ba\u015f&ccedil;\u0131lar\u0131 \u015euras\u0131 regional v\u0259 beyn\u0259lxalq m\u0259s\u0259l\u0259l\u0259rin m&uuml;zakir\u0259si &uuml;&ccedil;&uuml;n \u0259lveri\u015fli \u0259m\u0259kda\u015fl\u0131q platformas\u0131 olmaqla yana\u015f\u0131, m&uuml;asir d&ouml;vr&uuml;n &ccedil;a\u011f\u0131r\u0131\u015flar\u0131na uy\u011fun birg\u0259 t\u0259dbirl\u0259rin h\u0259yata ke&ccedil;irilm\u0259sin\u0259 d\u0259 &ouml;z t&ouml;hf\u0259sini verir.<br \/>\nBa\u015f nazir Novruz M\u0259mm\u0259dov Az\u0259rbaycan il\u0259 Qazax\u0131stan aras\u0131nda \u0259laq\u0259l\u0259rin daha da inki\u015faf etdirilm\u0259sinin \u0259h\u0259miyy\u0259tini vur\u011fulay\u0131b v\u0259 bunun &uuml;&ccedil;&uuml;n geni\u015f imkanlar\u0131n oldu\u011funu diqq\u0259t\u0259 &ccedil;atd\u0131r\u0131b. Qeyd edib ki, &ouml;lk\u0259l\u0259rimizi tarixi dostluq, qarda\u015fl\u0131q tell\u0259ri ba\u011flay\u0131r. Xalqlar\u0131m\u0131z eyni k&ouml;kl\u0259r\u0259, m\u0259d\u0259niyy\u0259t v\u0259 m\u0259n\u0259viyyata malikdir. Az\u0259rbaycan il\u0259 Qazax\u0131stan\u0131n strateji t\u0259r\u0259fda\u015flar oldu\u011funu bildir\u0259n Ba\u015f nazir Novruz M\u0259mm\u0259dov deyib: &ldquo;Bizim &ouml;lk\u0259l\u0259rin liderl\u0259ri &#8211; ulu &ouml;nd\u0259r Heyd\u0259r \u018fliyev v\u0259 Nursultan Nazarbayev h\u0259l\u0259 Sovet d&ouml;vr&uuml;nd\u0259 iki dost, qarda\u015f xalq\u0131n r\u0259hb\u0259rl\u0259ri kimi s\u0131x \u0259m\u0259kda\u015fl\u0131q \u015f\u0259raitind\u0259 &ccedil;al\u0131\u015f\u0131blar. Bu \u0259n\u0259n\u0259l\u0259r m&uuml;st\u0259qillik ill\u0259rind\u0259 daha da inki\u015faf etdirilib. Az\u0259rbaycan Prezidenti \u0130lham \u018fliyev d\u0259 Qazax\u0131stanla ikit\u0259r\u0259fli faydal\u0131 \u0259m\u0259kda\u015fl\u0131\u011f\u0131 xarici siyas\u0259timizin prioritetl\u0259ri s\u0131ras\u0131nda h\u0259r zaman vur\u011fulay\u0131b&rdquo;.<\/p>\n<p>G&ouml;r&uuml;\u015fd\u0259 bildirilib ki, Az\u0259rbaycan v\u0259 Qazax\u0131stan &Ccedil;ind\u0259n Avropaya q\u0259d\u0259r uzanan beyn\u0259lxalq n\u0259qliyyat d\u0259hlizinin &uuml;z\u0259rind\u0259 yerl\u0259\u015fir. H\u0259r iki &ouml;lk\u0259 bu tranzit x\u0259ttin imkanlar\u0131ndan maksimum d\u0259r\u0259c\u0259d\u0259 faydalanmaqda maraql\u0131d\u0131r. Ba\u015f nazirl\u0259r bu bax\u0131mdan Bak\u0131-Tbilisi-Qars d\u0259mir yolu x\u0259ttinin, Yeni Bak\u0131 Beyn\u0259lxalq D\u0259niz Liman\u0131n\u0131n, Qazax\u0131stan\u0131n q\u0259rb v\u0259 \u015f\u0259rq s\u0259rh\u0259dl\u0259rini birl\u0259\u015fdir\u0259n d\u0259mir yolu x\u0259tl\u0259rinin v\u0259 Kur\u0131k d\u0259niz liman\u0131n\u0131n \u0259h\u0259miyy\u0259tini qeyd edibl\u0259r.<\/p>\n","protected":false},"excerpt":{"rendered":"<p>M&uuml;st\u0259qil D&ouml;vl\u0259tl\u0259r Birliyi (MDB) H&ouml;kum\u0259t Ba\u015f&ccedil;\u0131lar\u0131 \u015euras\u0131n\u0131n n&ouml;vb\u0259ti iclas\u0131nda i\u015ftirak etm\u0259k &uuml;&ccedil;&uuml;n Qazax\u0131stan paytaxt\u0131 Astanada s\u0259f\u0259rd\u0259 olan Az\u0259rbaycan\u0131n Ba\u015f naziri Novruz M\u0259mm\u0259dov qazax\u0131stanl\u0131 h\u0259mkar\u0131 Bak\u0131tjan Saqintayevl\u0259 g&ouml;r&uuml;\u015f&uuml;b. Ucnoqta.az &quot;Report&quot;a istinad\u0259n&hellip;<\/p>\n","protected":false},"author":1,"featured_media":251278,"comment_status":"open","ping_status":"open","sticky":false,"template":"","format":"standard","meta":{"_lmt_disableupdate":"","_lmt_disable":"","footnotes":""},"categories":[],"tags":[],"class_list":["post-70553","post","type-post","status-publish","format-standard","has-post-thumbnail","hentry"],"_links":{"self":[{"href":"https:\/\/ucnoqta.az\/index.php?rest_route=\/wp\/v2\/posts\/70553","targetHints":{"allow":["GET"]}}],"collection":[{"href":"https:\/\/ucnoqta.az\/index.php?rest_route=\/wp\/v2\/posts"}],"about":[{"href":"https:\/\/ucnoqta.az\/index.php?rest_route=\/wp\/v2\/types\/post"}],"author":[{"embeddable":true,"href":"https:\/\/ucnoqta.az\/index.php?rest_route=\/wp\/v2\/users\/1"}],"replies":[{"embeddable":true,"href":"https:\/\/ucnoqta.az\/index.php?rest_route=%2Fwp%2Fv2%2Fcomments&post=70553"}],"version-history":[{"count":0,"href":"https:\/\/ucnoqta.az\/index.php?rest_route=\/wp\/v2\/posts\/70553\/revisions"}],"wp:featuredmedia":[{"embeddable":true,"href":"https:\/\/ucnoqta.az\/index.php?rest_route=\/wp\/v2\/media\/251278"}],"wp:attachment":[{"href":"https:\/\/ucnoqta.az\/index.php?rest_route=%2Fwp%2Fv2%2Fmedia&parent=70553"}],"wp:term":[{"taxonomy":"category","embeddable":true,"href":"https:\/\/ucnoqta.az\/index.php?rest_route=%2Fwp%2Fv2%2Fcategories&post=70553"},{"taxonomy":"post_tag","embeddable":true,"href":"https:\/\/ucnoqta.az\/index.php?rest_route=%2Fwp%2Fv2%2Ftags&post=70553"}],"curies":[{"name":"wp","href":"https:\/\/api.w.org\/{rel}","templated":true}]}}