{"id":70552,"date":"2018-11-02T11:52:57","date_gmt":"2018-11-02T07:52:57","guid":{"rendered":""},"modified":"-0001-11-30T00:00:00","modified_gmt":"-0001-11-29T20:00:00","slug":"","status":"publish","type":"post","link":"https:\/\/ucnoqta.az\/?p=70552","title":{"rendered":"Paraqvay kanal\u0131nda Az\u0259rbaycan haqq\u0131nda reportaj yay\u0131mlan\u0131b"},"content":{"rendered":"<div><strong>Paraqvay\u0131n geni\u015f tama\u015fa&ccedil;\u0131 auditoriyas\u0131na malik olan SNT televiziya kanal\u0131 Az\u0259rbaycan haqq\u0131nda reportaj yay\u0131mlay\u0131b.<\/strong><\/p>\n<p>Reportajda ispandilli tama\u015fa&ccedil;\u0131lara Az\u0259rbaycan haqq\u0131nda \u0259trafl\u0131 m\u0259lumat verilir. Reportaj\u0131n yay\u0131mland\u0131\u011f\u0131 verili\u015fd\u0259 &ccedil;\u0131x\u0131\u015f ed\u0259n m&uuml;\u0259llif Karlos Tro&ccedil;e \u0259vv\u0259lc\u0259 Az\u0259rbaycana s\u0259f\u0259rinin t\u0259\u0259ss&uuml;ratlar\u0131ndan dan\u0131\u015f\u0131r. O bildirir ki, Az\u0259rbaycan X\u0259z\u0259r d\u0259nizinin sahilind\u0259, Avropa il\u0259 Asiyan\u0131n k\u0259si\u015fm\u0259sind\u0259 yerl\u0259\u015f\u0259n, enerji resurslar\u0131 il\u0259 z\u0259ngin, uzaq m\u0259saf\u0259d\u0259 yerl\u0259\u015fm\u0259sin\u0259 baxmayaraq Lat\u0131n Amerikas\u0131 d&ouml;vl\u0259tl\u0259ri, x&uuml;susil\u0259 d\u0259 Paraqvay il\u0259 \u0259laq\u0259l\u0259rin geni\u015fl\u0259ndirilm\u0259sind\u0259 maraql\u0131 olan bir &ouml;lk\u0259dir. Az\u0259rbaycan\u0131n Argentinada s\u0259firliyi f\u0259aliyy\u0259t g&ouml;st\u0259rir, g\u0259l\u0259c\u0259kd\u0259 Paraqvayda konsullu\u011funun a&ccedil;\u0131lmas\u0131 n\u0259z\u0259rd\u0259 tutulur. Son vaxtlar Az\u0259rbaycan il\u0259 Paraqvay aras\u0131nda \u0259laq\u0259l\u0259r intensivl\u0259\u015fir. H\u0259r iki &ouml;lk\u0259nin bir-birin\u0259 diqq\u0259tini c\u0259lb ed\u0259n m\u0259qamlar var.<\/p>\n<p>Karlos Tro&ccedil;e Az\u0259rbaycana s\u0259f\u0259rinin v\u0259 reportaj\u0131 haz\u0131rlamaqda m\u0259qs\u0259dinin Lat\u0131n Amerikas\u0131 &ouml;lk\u0259l\u0259rinin xalqlar\u0131n\u0131 bu &ouml;lk\u0259 il\u0259 yax\u0131ndan tan\u0131\u015f etm\u0259k oldu\u011funu bildirir. O, Az\u0259rbaycan il\u0259 Lat\u0131n Amerikas\u0131 &ouml;lk\u0259l\u0259ri aras\u0131nda m&uuml;nasib\u0259tl\u0259rin geni\u015fl\u0259nm\u0259sinin t\u0259r\u0259fl\u0259r &uuml;&ccedil;&uuml;n faydalar\u0131n\u0131 qeyd edir.<br \/>\nReportajda Az\u0259rbaycan\u0131n tarixin\u0259 q\u0131sa ekskursiya edilir, \u0259lveri\u015fli co\u011frafi m&ouml;vqeyi, m\u0259d\u0259niyy\u0259ti, ad\u0259t-\u0259n\u0259n\u0259l\u0259ri bar\u0259d\u0259 m\u0259lumat verilir. Bildirilir ki, &ouml;t\u0259n \u0259srin \u0259vv\u0259ll\u0259rind\u0259 Az\u0259rbaycan d&uuml;nya neft bazar\u0131ndak\u0131 neftin yar\u0131s\u0131n\u0131 t\u0259min edib. Az\u0259rbaycan &ccedil;ox z\u0259ngin, tolerant, d&uuml;ny\u0259vi bir &ouml;lk\u0259dir. Az\u0259rbaycan enerji resurslar\u0131ndan \u0259ld\u0259 olunan g\u0259lirl\u0259ri &ouml;lk\u0259nin inki\u015faf\u0131na s\u0259rf edir. Paytaxt Bak\u0131dak\u0131 tikilil\u0259r h\u0259m q\u0259dimliyi, h\u0259m d\u0259 m&uuml;asirliyi ehtiva edir. Az\u0259rbaycan Lat\u0131n Amerikas\u0131 &ouml;lk\u0259l\u0259ri, x&uuml;susil\u0259 d\u0259 Paraqvay il\u0259 ticari-iqtisadi, m\u0259d\u0259ni \u0259laq\u0259l\u0259rini geni\u015fl\u0259ndirir. Az\u0259rbaycan Paraqvaydan \u0259t idxal\u0131nda maraql\u0131d\u0131r.<\/p>\n<p>Reportajda Az\u0259rbaycan Respublikas\u0131 Prezidentinin ictimai-siyasi m\u0259s\u0259l\u0259l\u0259r &uuml;zr\u0259 k&ouml;m\u0259k&ccedil;isi \u018fli H\u0259s\u0259novun Az\u0259rbaycan il\u0259 Lat\u0131n Amerikas\u0131 &ouml;lk\u0259l\u0259ri, x&uuml;susil\u0259 Paraqvay aras\u0131nda \u0259laq\u0259l\u0259rin inki\u015faf\u0131na dair fikirl\u0259rin\u0259 d\u0259 yer verilir. \u018fli H\u0259s\u0259nov deyir: &ldquo;\u018fg\u0259r siz Az\u0259rbaycanda f\u0259aliyy\u0259t g&ouml;st\u0259r\u0259n restoranlar\u0131 g\u0259zs\u0259niz \u0259min\u0259m ki, Paraqvaydan idxal olunan \u0259td\u0259n istifad\u0259 edildiyini g&ouml;r\u0259c\u0259ksiniz. \u0130ndi qida t\u0259hl&uuml;k\u0259sizliyin\u0259 n\u0259zar\u0259t ed\u0259n qurum \u0259t idxal\u0131n\u0131n t\u0259minat\u0131na da n\u0259zar\u0259t edir. D&uuml;\u015f&uuml;n&uuml;r\u0259m ki, biz g\u0259l\u0259c\u0259kd\u0259 d\u0259 bu sah\u0259d\u0259 \u0259m\u0259kda\u015fl\u0131q ed\u0259c\u0259yik&rdquo;.<\/p><\/div>\n<div>M&uuml;\u0259llif qeyd edir ki, Az\u0259rbaycan t\u0259r\u0259fi, &ouml;z n&ouml;vb\u0259sind\u0259, paraqvayl\u0131 g\u0259ncl\u0259r\u0259 &ouml;lk\u0259d\u0259 bakalavr v\u0259 magistr pill\u0259l\u0259rind\u0259 t\u0259hsil &uuml;&ccedil;&uuml;n t\u0259qa&uuml;d almaq imkan\u0131 yarad\u0131r. Az\u0259rbaycan\u0131n s&uuml;r\u0259tli inki\u015faf\u0131n\u0131n \u0259sas s\u0259b\u0259bl\u0259rind\u0259n biri d\u0259 neft v\u0259 qaz ixrac\u0131ndan g\u0259l\u0259n g\u0259lirl\u0259rin bir hiss\u0259sini t\u0259hsil\u0259 yat\u0131rmas\u0131d\u0131r. &Ouml;lk\u0259d\u0259 yoxsullu\u011fun s\u0259viyy\u0259si 5 faiz\u0259 q\u0259d\u0259r azal\u0131b, i\u015fsizliyin s\u0259viyy\u0259si d\u0259 dem\u0259k olar ki, s\u0131f\u0131ra d&uuml;\u015f&uuml;b.<\/p>\n<p>Reportajda Prezidentin k&ouml;m\u0259k&ccedil;isi \u018fli H\u0259s\u0259nov qeyd edir ki, Az\u0259rbaycan C\u0259nubi Qafqazda siyasi, iqtisadi, energetika bax\u0131m\u0131ndan lider &ouml;lk\u0259dir. Biz \u0259laq\u0259l\u0259rimizin inki\u015faf etm\u0259sini ist\u0259yirik. Az\u0259rbaycanla Paraqvay arasinda \u0259laq\u0259l\u0259rin d\u0259rinl\u0259\u015fm\u0259si t\u0259kc\u0259 s\u0259rmay\u0259 bax\u0131m\u0131ndan deyil, texnologiya, t\u0259hsil sah\u0259l\u0259rind\u0259 d\u0259 \u0259m\u0259kda\u015fl\u0131\u011fa t\u0259kan ver\u0259c\u0259k.<\/p>\n<p>Verili\u015fin apar\u0131c\u0131s\u0131n\u0131n &ldquo;Biz Az\u0259rbaycana nec\u0259 ged\u0259, viza m\u0259s\u0259l\u0259l\u0259rini nec\u0259 h\u0259ll ed\u0259 bil\u0259rik&rdquo; sual\u0131na cavab\u0131nda Karlos Tro&ccedil;e deyir: &ldquo;Bayaq dediyim kimi, Az\u0259rbaycan\u0131n Argentinada s\u0259firliyi f\u0259aliyy\u0259t g&ouml;st\u0259rir. Paraqvaydan Az\u0259rbaycana s\u0259f\u0259r etm\u0259k &uuml;&ccedil;&uuml;n is\u0259 Argentinaya getm\u0259y\u0259 ehtiyac yoxdur. Az\u0259rbaycanda &ldquo;ASAN viza&rdquo; sistemi f\u0259aliyy\u0259t g&ouml;st\u0259rir. Bel\u0259likl\u0259, s\u0259firliyin s\u0259hif\u0259sind\u0259 payla\u015fd\u0131\u011f\u0131 link\u0259 daxil olmaq v\u0259 onlayn qaydada, &ccedil;ox rahat, &ccedil;ox asan, &uuml;&ccedil; saat m&uuml;dd\u0259tind\u0259 viza almaq m&uuml;mk&uuml;nd&uuml;r&rdquo;.<br \/>\nApar\u0131c\u0131 heyr\u0259tl\u0259 deyir: &ldquo;Bu, inan\u0131lmazd\u0131r&rdquo;.<\/div>\n<div>Reportajda Az\u0259rbaycan xalq mahn\u0131lar\u0131n\u0131n fonunda Bak\u0131n\u0131n g\u0259zm\u0259li-g&ouml;rm\u0259li yerl\u0259rind\u0259n videokadrlar g&ouml;st\u0259rilir.<\/div>\n","protected":false},"excerpt":{"rendered":"<p>Paraqvay\u0131n geni\u015f tama\u015fa&ccedil;\u0131 auditoriyas\u0131na malik olan SNT televiziya kanal\u0131 Az\u0259rbaycan haqq\u0131nda reportaj yay\u0131mlay\u0131b. Reportajda ispandilli tama\u015fa&ccedil;\u0131lara Az\u0259rbaycan haqq\u0131nda \u0259trafl\u0131 m\u0259lumat verilir. Reportaj\u0131n yay\u0131mland\u0131\u011f\u0131 verili\u015fd\u0259 &ccedil;\u0131x\u0131\u015f ed\u0259n m&uuml;\u0259llif Karlos Tro&ccedil;e \u0259vv\u0259lc\u0259&hellip;<\/p>\n","protected":false},"author":1,"featured_media":251278,"comment_status":"open","ping_status":"open","sticky":false,"template":"","format":"standard","meta":{"_lmt_disableupdate":"","_lmt_disable":"","footnotes":""},"categories":[],"tags":[],"class_list":["post-70552","post","type-post","status-publish","format-standard","has-post-thumbnail","hentry"],"_links":{"self":[{"href":"https:\/\/ucnoqta.az\/index.php?rest_route=\/wp\/v2\/posts\/70552","targetHints":{"allow":["GET"]}}],"collection":[{"href":"https:\/\/ucnoqta.az\/index.php?rest_route=\/wp\/v2\/posts"}],"about":[{"href":"https:\/\/ucnoqta.az\/index.php?rest_route=\/wp\/v2\/types\/post"}],"author":[{"embeddable":true,"href":"https:\/\/ucnoqta.az\/index.php?rest_route=\/wp\/v2\/users\/1"}],"replies":[{"embeddable":true,"href":"https:\/\/ucnoqta.az\/index.php?rest_route=%2Fwp%2Fv2%2Fcomments&post=70552"}],"version-history":[{"count":0,"href":"https:\/\/ucnoqta.az\/index.php?rest_route=\/wp\/v2\/posts\/70552\/revisions"}],"wp:featuredmedia":[{"embeddable":true,"href":"https:\/\/ucnoqta.az\/index.php?rest_route=\/wp\/v2\/media\/251278"}],"wp:attachment":[{"href":"https:\/\/ucnoqta.az\/index.php?rest_route=%2Fwp%2Fv2%2Fmedia&parent=70552"}],"wp:term":[{"taxonomy":"category","embeddable":true,"href":"https:\/\/ucnoqta.az\/index.php?rest_route=%2Fwp%2Fv2%2Fcategories&post=70552"},{"taxonomy":"post_tag","embeddable":true,"href":"https:\/\/ucnoqta.az\/index.php?rest_route=%2Fwp%2Fv2%2Ftags&post=70552"}],"curies":[{"name":"wp","href":"https:\/\/api.w.org\/{rel}","templated":true}]}}