{"id":70543,"date":"2018-11-02T10:49:04","date_gmt":"2018-11-02T06:49:04","guid":{"rendered":""},"modified":"-0001-11-30T00:00:00","modified_gmt":"-0001-11-29T20:00:00","slug":"","status":"publish","type":"post","link":"https:\/\/ucnoqta.az\/?p=70543","title":{"rendered":"Nazir boccia \u00fczr\u0259 millimizin \u00fczvl\u0259ri il\u0259 g\u00f6r\u00fc\u015f\u00fcb"},"content":{"rendered":"<p><strong>\u018fm\u0259k v\u0259 \u018fhalinin Sosial M&uuml;dafi\u0259si Nazirliyind\u0259 boccia idman&nbsp;n&ouml;v&uuml; &uuml;zr\u0259 beyn\u0259lxalq yar\u0131\u015fda ilk d\u0259f\u0259 medal qazanm\u0131\u015f&nbsp;komandam\u0131zla g&ouml;r&uuml;\u015f ke&ccedil;irilib<\/strong><\/p>\n<p>Nazirliyin \u0130ctimaiyy\u0259tl\u0259 \u0259laq\u0259l\u0259r \u015f&ouml;b\u0259sind\u0259n Ucnoqta.az-a veril\u0259n m\u0259lumata g&ouml;r\u0259, boccia idman n&ouml;v&uuml; &uuml;zr\u0259 paralimpiya komandam\u0131z\u0131n beyn\u0259lxalq yar\u0131\u015fda ilk d\u0259f\u0259 medal qazanmas\u0131 &ouml;t\u0259n d&ouml;vrd\u0259 Az\u0259rbaycan paralimpiya&ccedil;\u0131lar\u0131n\u0131n m&uuml;xt\u0259lif idman n&ouml;vl\u0259ri &uuml;zr\u0259 m&ouml;t\u0259b\u0259r beyn\u0259lxalq yar\u0131\u015flarda qazand\u0131qlar\u0131 parlaq q\u0259l\u0259b\u0259l\u0259rin boccia idman n&ouml;v&uuml; &uuml;zr\u0259 d\u0259 davam etdirildiyini g&ouml;st\u0259rir. Bunu \u0259m\u0259k v\u0259 \u0259halinin sosial m&uuml;dafi\u0259si naziri Sahil Babayev bu g&uuml;nl\u0259rd\u0259 \u0130taliyada ke&ccedil;iril\u0259n beyn\u0259lxalq s\u0259viyy\u0259li A&ccedil;\u0131q Regional &Ccedil;empionatda i\u015ftirak ed\u0259r\u0259k bir q\u0131z\u0131l, &uuml;&ccedil; b&uuml;r&uuml;nc medal qazanm\u0131\u015f boccia &uuml;zr\u0259 millimizin &uuml;zvl\u0259ri il\u0259 ke&ccedil;iril\u0259n g&ouml;r&uuml;\u015fd\u0259 vur\u011fulay\u0131b.<\/p>\n<p>Nazir komandan\u0131n &uuml;zvl\u0259rini ilk d\u0259f\u0259 olaraq beyn\u0259lxalq s\u0259viyy\u0259li yar\u0131\u015fda u\u011fur qazanmalar\u0131 m&uuml;nasib\u0259ti il\u0259 t\u0259brik edib.&nbsp;<\/p>\n<p>O diqq\u0259t\u0259 &ccedil;atd\u0131r\u0131b ki, Az\u0259rbaycan Respublikas\u0131n\u0131n Prezidenti c\u0259nab \u0130lham \u018fliyev t\u0259r\u0259find\u0259n &ouml;lk\u0259d\u0259 idman\u0131n, o c&uuml;ml\u0259d\u0259n paralimpiya h\u0259r\u0259kat\u0131n\u0131n&nbsp; inki\u015faf\u0131na y&uuml;ks\u0259k diqq\u0259t v\u0259 qay\u011f\u0131 g&ouml;st\u0259rilir. D&ouml;vl\u0259t ba\u015f&ccedil;\u0131s\u0131n\u0131n u\u011furlu sosial siyas\u0259tinin bir istiqam\u0259ti kimi \u0259lilliyi olan insanlar\u0131n c\u0259miyy\u0259t\u0259 inteqrasiyas\u0131, aktiv h\u0259yat t\u0259rzinin t\u0259min olunmas\u0131, idman qabiliyy\u0259tl\u0259rinin d\u0259st\u0259kl\u0259nm\u0259si &uuml;&ccedil;&uuml;n apar\u0131lan geni\u015f miqyasl\u0131 i\u015fl\u0259r &ouml;lk\u0259d\u0259 paralimpiya h\u0259r\u0259kat\u0131n\u0131n b&ouml;y&uuml;k u\u011furlara imza atmas\u0131na imkan yarad\u0131b.&nbsp;<br \/>\nS.Babayev bildirib ki, son ill\u0259rd\u0259 &ouml;lk\u0259mizd\u0259 fiziki m\u0259hdudiyy\u0259tli insanlar\u0131n fiziki v\u0259 zehni inki\u015faf\u0131na k&ouml;m\u0259k ed\u0259n boccia idman n&ouml;v&uuml;n\u0259 mara\u011f\u0131n\u0131n artmas\u0131 m&uuml;sb\u0259t tendensiyad\u0131r. D&ouml;vl\u0259t t\u0259r\u0259find\u0259n bu istiqam\u0259td\u0259 ard\u0131c\u0131l d\u0259st\u0259k verilm\u0259kd\u0259dir. Sa\u011flaml\u0131q \u0130mkanlar\u0131 M\u0259hdud G\u0259ncl\u0259rin Pe\u015f\u0259 Reabilitasiya M\u0259rk\u0259zind\u0259 pe\u015f\u0259l\u0259r\u0259 yiy\u0259l\u0259n\u0259n fiziki m\u0259hdudiyy\u0259tli g\u0259ncl\u0259r aras\u0131nda bocciaya maraq g&ouml;st\u0259r\u0259nl\u0259r bu idman n&ouml;v&uuml; &uuml;zr\u0259 haz\u0131rl\u0131\u011fa c\u0259lb olunur, bacar\u0131qlar\u0131n\u0131 art\u0131rmalar\u0131na \u015f\u0259rait yarad\u0131l\u0131r. Boccia &uuml;zr\u0259 komandan\u0131n &uuml;zvl\u0259ri M\u0259rk\u0259zin idman zal\u0131nda m&uuml;nt\u0259z\u0259m m\u0259\u015fql\u0259r edir, yar\u0131\u015flara haz\u0131rla\u015f\u0131rlar.<\/p>\n<p>Nazir qeyd edib ki, haz\u0131rda boccia &uuml;zr\u0259 millinin bir &ccedil;ox &uuml;zvl\u0259ri, eyni zamanda \u0130taliyada ke&ccedil;iril\u0259n beyn\u0259lxalq s\u0259viyy\u0259li A&ccedil;\u0131q Regional &Ccedil;empionatda &ouml;lk\u0259miz\u0259 q\u0131z\u0131l medal qazand\u0131rm\u0131\u015f B\u0259hruz Mirz\u0259yev &ouml;z&uuml; d\u0259 \u0259vv\u0259ll\u0259r M\u0259rk\u0259z\u0259 pe\u015f\u0259 t\u0259limin\u0259 c\u0259lb edil\u0259n g\u0259ncl\u0259rd\u0259ndir.&nbsp;<br \/>\nBoccia Federasiyas\u0131n\u0131n ba\u015f katibi v\u0259 boccia &uuml;zr\u0259 millinin ba\u015f m\u0259\u015fq&ccedil;isi \u0130lham M\u0259h\u0259rr\u0259mov, komandan\u0131n &uuml;zv&uuml; B\u0259hruz Mirz\u0259yev v\u0259 komandan\u0131n dig\u0259r &uuml;zvl\u0259ri fiziki m\u0259hdudiyy\u0259tli insanlar\u0131n qay\u011f\u0131 m&uuml;hiti il\u0259 \u0259hat\u0259 olunmas\u0131na v\u0259 paralimpiya h\u0259r\u0259kat\u0131n\u0131n geni\u015fl\u0259nm\u0259si, o c&uuml;ml\u0259d\u0259n bocia idman n&ouml;v&uuml;n&uuml;n d\u0259 inki\u015faf\u0131 &uuml;&ccedil;&uuml;n apar\u0131lan m&uuml;h&uuml;m i\u015fl\u0259r\u0259, g&ouml;st\u0259ril\u0259n b&ouml;y&uuml;k d\u0259st\u0259y\u0259 g&ouml;r\u0259 Az\u0259rbaycan Respublikas\u0131n\u0131n Prezidenti c\u0259nab \u0130lham \u018fliyev\u0259 minn\u0259tdarl\u0131qlar\u0131n\u0131 ifad\u0259 edibl\u0259r.&nbsp;<br \/>\nG&ouml;r&uuml;\u015fd\u0259 boccia &uuml;zr\u0259 millinin &uuml;zvl\u0259rin\u0259 nazirliyin h\u0259diyy\u0259l\u0259ri t\u0259qdim olunub.&nbsp;<\/p>\n","protected":false},"excerpt":{"rendered":"<p>\u018fm\u0259k v\u0259 \u018fhalinin Sosial M&uuml;dafi\u0259si Nazirliyind\u0259 boccia idman&nbsp;n&ouml;v&uuml; &uuml;zr\u0259 beyn\u0259lxalq yar\u0131\u015fda ilk d\u0259f\u0259 medal qazanm\u0131\u015f&nbsp;komandam\u0131zla g&ouml;r&uuml;\u015f ke&ccedil;irilib Nazirliyin \u0130ctimaiyy\u0259tl\u0259 \u0259laq\u0259l\u0259r \u015f&ouml;b\u0259sind\u0259n Ucnoqta.az-a veril\u0259n m\u0259lumata g&ouml;r\u0259, boccia idman n&ouml;v&uuml; &uuml;zr\u0259 paralimpiya&hellip;<\/p>\n","protected":false},"author":1,"featured_media":251278,"comment_status":"open","ping_status":"open","sticky":false,"template":"","format":"standard","meta":{"_lmt_disableupdate":"","_lmt_disable":"","footnotes":""},"categories":[],"tags":[],"class_list":["post-70543","post","type-post","status-publish","format-standard","has-post-thumbnail","hentry"],"_links":{"self":[{"href":"https:\/\/ucnoqta.az\/index.php?rest_route=\/wp\/v2\/posts\/70543","targetHints":{"allow":["GET"]}}],"collection":[{"href":"https:\/\/ucnoqta.az\/index.php?rest_route=\/wp\/v2\/posts"}],"about":[{"href":"https:\/\/ucnoqta.az\/index.php?rest_route=\/wp\/v2\/types\/post"}],"author":[{"embeddable":true,"href":"https:\/\/ucnoqta.az\/index.php?rest_route=\/wp\/v2\/users\/1"}],"replies":[{"embeddable":true,"href":"https:\/\/ucnoqta.az\/index.php?rest_route=%2Fwp%2Fv2%2Fcomments&post=70543"}],"version-history":[{"count":0,"href":"https:\/\/ucnoqta.az\/index.php?rest_route=\/wp\/v2\/posts\/70543\/revisions"}],"wp:featuredmedia":[{"embeddable":true,"href":"https:\/\/ucnoqta.az\/index.php?rest_route=\/wp\/v2\/media\/251278"}],"wp:attachment":[{"href":"https:\/\/ucnoqta.az\/index.php?rest_route=%2Fwp%2Fv2%2Fmedia&parent=70543"}],"wp:term":[{"taxonomy":"category","embeddable":true,"href":"https:\/\/ucnoqta.az\/index.php?rest_route=%2Fwp%2Fv2%2Fcategories&post=70543"},{"taxonomy":"post_tag","embeddable":true,"href":"https:\/\/ucnoqta.az\/index.php?rest_route=%2Fwp%2Fv2%2Ftags&post=70543"}],"curies":[{"name":"wp","href":"https:\/\/api.w.org\/{rel}","templated":true}]}}