{"id":70535,"date":"2018-11-01T15:37:22","date_gmt":"2018-11-01T11:37:22","guid":{"rendered":""},"modified":"-0001-11-30T00:00:00","modified_gmt":"-0001-11-29T20:00:00","slug":"","status":"publish","type":"post","link":"https:\/\/ucnoqta.az\/?p=70535","title":{"rendered":"<b>T\u00fcrkiy\u0259nin \u0259dliyy\u0259 naziri:<font color=red> \u201cS\u0259udiyy\u0259nin m\u0259sul \u015f\u0259xsl\u0259ri istintaqa d\u0259st\u0259k vermir\u201d<\/font><\/b>"},"content":{"rendered":"<p>&quot;S\u0259udiyy\u0259 \u018fr\u0259bistan\u0131n\u0131n m\u0259sul \u015f\u0259xsl\u0259ri Camal Qa\u015f\u0131q&ccedil;\u0131n\u0131n &ouml;ld&uuml;r&uuml;lm\u0259si il\u0259 ba\u011fl\u0131 cinay\u0259t i\u015finin istintaq\u0131na d\u0259st\u0259k vermir&quot;. &ldquo;Report&rdquo; &ldquo;Thmhaber&rdquo; istinad\u0259n x\u0259b\u0259r verir ki, bunu T&uuml;rkiy\u0259nin \u0259dliyy\u0259 naziri \u018fbd&uuml;lh\u0259mid G&uuml;l bildirib. &ldquo;He&ccedil; kim m\u0259suliyy\u0259td\u0259n qa&ccedil;a bilm\u0259z. Bu, b&uuml;t&uuml;n d&uuml;nyaya m\u0259lum olan m\u0259s\u0259l\u0259dir. Bu cinay\u0259t &ouml;rt-basd\u0131r edil\u0259 bil\u0259c\u0259k bir m\u0259s\u0259l\u0259 deyil. B&uuml;t&uuml;n hadis\u0259l\u0259rin ayd\u0131nla\u015fmas\u0131 &uuml;&ccedil;&uuml;n S\u0259udiyy\u0259 \u018fr\u0259bistan\u0131n\u0131n m\u0259sul \u015f\u0259xsl\u0259rinin \u0259m\u0259kda\u015fl\u0131q ed\u0259c\u0259yini g&ouml;zl\u0259yirik. T&uuml;rkiy\u0259nin Ba\u015f Prokurorlu\u011funun bu m\u0259s\u0259l\u0259 il\u0259 ba\u011fl\u0131 S\u0259udiyy\u0259 \u018fr\u0259bistan\u0131na yaz\u0131l\u0131 m&uuml;raci\u0259t etm\u0259sin\u0259 baxmayaraq, he&ccedil; bir cavab almay\u0131b&rdquo;, &#8211; nazir vur\u011fulay\u0131b. Qeyd ed\u0259k ki, C.Qa\u015f\u0131q&ccedil;\u0131 oktyabr\u0131n 2-d\u0259 Ba\u015f Konsull\u011fun binas\u0131nda &ouml;ld&uuml;r&uuml;l&uuml;b. \u018fvv\u0259lc\u0259d\u0259n t\u0259rtib olunan plana \u0259sas\u0259n, S\u0259udiyy\u0259 \u018fr\u0259bistan\u0131n\u0131n \u0130stanbuldak\u0131 Ba\u015f Konsullu\u011funa daxil olan kimi bo\u011fularaq &ouml;ld&uuml;r&uuml;l&uuml;b v\u0259 meyiti daha sonra par&ccedil;alara ayr\u0131laraq yox edilib. Krall\u0131q onun q\u0259tl\u0259 yetirildiyi il\u0259 ba\u011fl\u0131 a&ccedil;\u0131qlama vermirdi. Ancaq C.Qa\u015f\u0131q&ccedil;\u0131n\u0131n paltar\u0131n\u0131 geyinmi\u015f v\u0259 g&ouml;zl&uuml;y&uuml;n&uuml; taxm\u0131\u015f bir n\u0259f\u0259rin Ba\u015f Konsulluqdan &ccedil;\u0131xar\u0131lmas\u0131 s\u0259hn\u0259sini qura\u015fd\u0131rmaqla S\u0259udiyy\u0259 \u018fr\u0259bistan\u0131 jurnalistin diplomatik missiyadan &ccedil;\u0131xd\u0131\u011f\u0131n\u0131 beyn\u0259lxalq ictimaiyy\u0259t\u0259 s\u0131r\u0131maq ist\u0259yib. Bununla da Camal Qa\u015f\u0131q&ccedil;\u0131n\u0131n itkin d&uuml;\u015fm\u0259si m\u0259s\u0259l\u0259sind\u0259 T&uuml;rkiy\u0259ni ittiham etm\u0259yi planla\u015fd\u0131r\u0131bm\u0131\u015f. Lakin oktyabr\u0131n 20-d\u0259 S\u0259udiyy\u0259 \u018fr\u0259bistan\u0131 r\u0259smi olaraq jurnalistin Ba\u015f Konsullu\u011fun binas\u0131nda &ouml;ld&uuml;r&uuml;ld&uuml;y&uuml;n&uuml; etiraf edib. S\u0259udiyy\u0259 \u018fr\u0259bistan\u0131n\u0131n ba\u015f prokuroru S\u0259ud \u0259l-M&uuml;cib yerli &ldquo;Ekberiye&rdquo; telekanal\u0131na m&uuml;sahib\u0259sind\u0259 jurnalistin &ouml;ld&uuml;r&uuml;lm\u0259sinin \u0259vv\u0259lc\u0259d\u0259n planla\u015fd\u0131r\u0131ld\u0131\u011f\u0131n\u0131 deyib. Kral Salman v\u0259 v\u0259li\u0259hd \u015fahzad\u0259 M\u0259h\u0259mm\u0259d bin Salman C.Qa\u015f\u0131q&ccedil;\u0131n\u0131n ail\u0259sin\u0259 ba\u015fsa\u011fl\u0131\u011f\u0131 verib. S\u0259udiyy\u0259 \u018fr\u0259bistan\u0131n\u0131n v\u0259li\u0259hd \u015fahzad\u0259si M\u0259h\u0259mm\u0259d bin Salman is\u0259 \u018fr-Riyadda ke&ccedil;iril\u0259n &ldquo;Future \u0130nvestment \u0130nitiative&rdquo; beyn\u0259lxalq iqtisadi forumunda &ccedil;\u0131x\u0131\u015f\u0131 zaman\u0131 bildirib ki, jurnalist Camal Qa\u015f\u0131q&ccedil;\u0131n\u0131n &ouml;lk\u0259sinin \u0130stanbuldak\u0131 Ba\u015f Konsullu\u011funda q\u0259tl\u0259 yetirilm\u0259si t\u0259\u0259ss&uuml;f do\u011furur. T&uuml;rkiy\u0259 Prezidenti R\u0259c\u0259b Tayyib \u018frdo\u011fan da oktyabr\u0131n 23-d\u0259 \u018fdal\u0259t v\u0259 \u0130nki\u015faf Partiyas\u0131n\u0131n (AKP) parlamentd\u0259ki fraksiyas\u0131n\u0131n toplant\u0131s\u0131nda bu bar\u0259d\u0259 &ccedil;\u0131x\u0131\u015f edib. AB\u015e M\u0259rk\u0259zi K\u0259\u015ffiyyat \u0130dar\u0259sinin direktoru Cina Haspel C.Qa\u015f\u0131q&ccedil;\u0131 il\u0259 ba\u011fl\u0131 m\u0259s\u0259l\u0259ni ara\u015fd\u0131rmaq &uuml;&ccedil;&uuml;n oktyabr\u0131n 23-d\u0259 T&uuml;rkiy\u0259y\u0259 s\u0259f\u0259r edib. O, jurnalistin &ouml;ld&uuml;r&uuml;lm\u0259si il\u0259 ba\u011fl\u0131 apar\u0131lan istintaq i\u015fi &uuml;zr\u0259 bir s\u0131ra g&ouml;r&uuml;\u015fl\u0259r ke&ccedil;irib. Bu arada S\u0259udiyy\u0259 \u018fr\u0259bistan\u0131n\u0131n ba\u015f prokuroru S\u0259ud \u0259l-M&uuml;cib jurnalistin &ouml;ld&uuml;r&uuml;lm\u0259sin\u0259 g&ouml;r\u0259 oktyabr\u0131n 28-d\u0259 T&uuml;rkiy\u0259y\u0259 s\u0259f\u0259r edib. O, oktyabr\u0131n 31-d\u0259 is\u0259 &ouml;lk\u0259ni t\u0259rk edib.<\/p>\n","protected":false},"excerpt":{"rendered":"<p>&quot;S\u0259udiyy\u0259 \u018fr\u0259bistan\u0131n\u0131n m\u0259sul \u015f\u0259xsl\u0259ri Camal Qa\u015f\u0131q&ccedil;\u0131n\u0131n &ouml;ld&uuml;r&uuml;lm\u0259si il\u0259 ba\u011fl\u0131 cinay\u0259t i\u015finin istintaq\u0131na d\u0259st\u0259k vermir&quot;. &ldquo;Report&rdquo; &ldquo;Thmhaber&rdquo; istinad\u0259n x\u0259b\u0259r verir ki, bunu T&uuml;rkiy\u0259nin \u0259dliyy\u0259 naziri \u018fbd&uuml;lh\u0259mid G&uuml;l bildirib. &ldquo;He&ccedil; kim m\u0259suliyy\u0259td\u0259n&hellip;<\/p>\n","protected":false},"author":1,"featured_media":251278,"comment_status":"open","ping_status":"open","sticky":false,"template":"","format":"standard","meta":{"_lmt_disableupdate":"","_lmt_disable":"","footnotes":""},"categories":[89],"tags":[],"class_list":["post-70535","post","type-post","status-publish","format-standard","has-post-thumbnail","hentry","category-dunya-butun-xeberler"],"_links":{"self":[{"href":"https:\/\/ucnoqta.az\/index.php?rest_route=\/wp\/v2\/posts\/70535","targetHints":{"allow":["GET"]}}],"collection":[{"href":"https:\/\/ucnoqta.az\/index.php?rest_route=\/wp\/v2\/posts"}],"about":[{"href":"https:\/\/ucnoqta.az\/index.php?rest_route=\/wp\/v2\/types\/post"}],"author":[{"embeddable":true,"href":"https:\/\/ucnoqta.az\/index.php?rest_route=\/wp\/v2\/users\/1"}],"replies":[{"embeddable":true,"href":"https:\/\/ucnoqta.az\/index.php?rest_route=%2Fwp%2Fv2%2Fcomments&post=70535"}],"version-history":[{"count":0,"href":"https:\/\/ucnoqta.az\/index.php?rest_route=\/wp\/v2\/posts\/70535\/revisions"}],"wp:featuredmedia":[{"embeddable":true,"href":"https:\/\/ucnoqta.az\/index.php?rest_route=\/wp\/v2\/media\/251278"}],"wp:attachment":[{"href":"https:\/\/ucnoqta.az\/index.php?rest_route=%2Fwp%2Fv2%2Fmedia&parent=70535"}],"wp:term":[{"taxonomy":"category","embeddable":true,"href":"https:\/\/ucnoqta.az\/index.php?rest_route=%2Fwp%2Fv2%2Fcategories&post=70535"},{"taxonomy":"post_tag","embeddable":true,"href":"https:\/\/ucnoqta.az\/index.php?rest_route=%2Fwp%2Fv2%2Ftags&post=70535"}],"curies":[{"name":"wp","href":"https:\/\/api.w.org\/{rel}","templated":true}]}}