{"id":70530,"date":"2018-11-01T15:02:03","date_gmt":"2018-11-01T11:02:03","guid":{"rendered":""},"modified":"-0001-11-30T00:00:00","modified_gmt":"-0001-11-29T20:00:00","slug":"","status":"publish","type":"post","link":"https:\/\/ucnoqta.az\/?p=70530","title":{"rendered":"<b>Avtobusun evakuatorla toqqu\u015fmas\u0131 n\u0259tic\u0259sind\u0259 yaralanan jurnalistin s\u0259hh\u0259ti stabildir<\/b>"},"content":{"rendered":"<p>Bak\u0131da s\u0259rni\u015fin avtobusunun evakuatorla toqqu\u015fmas\u0131 n\u0259tic\u0259sind\u0259 x\u0259sar\u0259t alan jurnalist Zakir\u0259 Zakirq\u0131z\u0131n\u0131n v\u0259ziyy\u0259ti stabill\u0259\u015fib. Ucnoqta.az x\u0259b\u0259r verir ki, Trend-\u0259 jurnalistin yerl\u0259\u015fdirildiyi 1 sayl\u0131 Kliniki Tibbi M\u0259rk\u0259zd\u0259n m\u0259lumat verilib. M\u0259lumatda bildirilir ki, hadis\u0259 n\u0259tic\u0259sind\u0259 x\u0259sar\u0259t alan Z.Zakirq\u0131z\u0131 m\u0259rk\u0259zin neyroc\u0259rrahiyy\u0259 \u015f&ouml;b\u0259sin\u0259 yerl\u0259\u015fdirilib: &quot;Haz\u0131rda v\u0259ziyy\u0259ti stabill\u0259\u015fib, h\u0259yat\u0131 t\u0259hl&uuml;k\u0259si yoxdur. X\u0259st\u0259nin m&uuml;alic\u0259si davam etdirilir&quot;. Xat\u0131rladaq ki, oktyabr\u0131n 31-d\u0259 ax\u015fam saatlar\u0131nda paytaxt\u0131n N\u0259simi rayonu \u0259razisind\u0259, metronun &quot;28 May&quot; stansiyas\u0131 yax\u0131nl\u0131\u011f\u0131nda, S\u0259m\u0259d Vur\u011fun ba\u011f\u0131n\u0131n qar\u015f\u0131s\u0131nda 32 sayl\u0131 x\u0259tt &uuml;zr\u0259 h\u0259r\u0259k\u0259t ed\u0259n mar\u015frut avtobusu eyni istiqam\u0259td\u0259 h\u0259r\u0259k\u0259td\u0259 olan evakuatorla toqqu\u015fub. Hadis\u0259 n\u0259tic\u0259sind\u0259 mar\u015frut avtobusunda olan s\u0259rni\u015finl\u0259rd\u0259n bir ne&ccedil;\u0259si m&uuml;xt\u0259lif d\u0259r\u0259c\u0259li x\u0259sar\u0259t al\u0131b. X\u0259sar\u0259t alanlardan biri, &quot;X\u0259z\u0259r&quot; televiziyas\u0131n\u0131n \u0259m\u0259kda\u015f\u0131 Zakir\u0259 Zakirq\u0131z\u01311 sayl\u0131 Kliniki Tibbi M\u0259rk\u0259z\u0259 yerl\u0259\u015fdirilib.<\/p>\n","protected":false},"excerpt":{"rendered":"<p>Bak\u0131da s\u0259rni\u015fin avtobusunun evakuatorla toqqu\u015fmas\u0131 n\u0259tic\u0259sind\u0259 x\u0259sar\u0259t alan jurnalist Zakir\u0259 Zakirq\u0131z\u0131n\u0131n v\u0259ziyy\u0259ti stabill\u0259\u015fib. Ucnoqta.az x\u0259b\u0259r verir ki, Trend-\u0259 jurnalistin yerl\u0259\u015fdirildiyi 1 sayl\u0131 Kliniki Tibbi M\u0259rk\u0259zd\u0259n m\u0259lumat verilib. M\u0259lumatda bildirilir ki,&hellip;<\/p>\n","protected":false},"author":1,"featured_media":251278,"comment_status":"open","ping_status":"open","sticky":false,"template":"","format":"standard","meta":{"_lmt_disableupdate":"","_lmt_disable":"","footnotes":""},"categories":[],"tags":[],"class_list":["post-70530","post","type-post","status-publish","format-standard","has-post-thumbnail","hentry"],"_links":{"self":[{"href":"https:\/\/ucnoqta.az\/index.php?rest_route=\/wp\/v2\/posts\/70530","targetHints":{"allow":["GET"]}}],"collection":[{"href":"https:\/\/ucnoqta.az\/index.php?rest_route=\/wp\/v2\/posts"}],"about":[{"href":"https:\/\/ucnoqta.az\/index.php?rest_route=\/wp\/v2\/types\/post"}],"author":[{"embeddable":true,"href":"https:\/\/ucnoqta.az\/index.php?rest_route=\/wp\/v2\/users\/1"}],"replies":[{"embeddable":true,"href":"https:\/\/ucnoqta.az\/index.php?rest_route=%2Fwp%2Fv2%2Fcomments&post=70530"}],"version-history":[{"count":0,"href":"https:\/\/ucnoqta.az\/index.php?rest_route=\/wp\/v2\/posts\/70530\/revisions"}],"wp:featuredmedia":[{"embeddable":true,"href":"https:\/\/ucnoqta.az\/index.php?rest_route=\/wp\/v2\/media\/251278"}],"wp:attachment":[{"href":"https:\/\/ucnoqta.az\/index.php?rest_route=%2Fwp%2Fv2%2Fmedia&parent=70530"}],"wp:term":[{"taxonomy":"category","embeddable":true,"href":"https:\/\/ucnoqta.az\/index.php?rest_route=%2Fwp%2Fv2%2Fcategories&post=70530"},{"taxonomy":"post_tag","embeddable":true,"href":"https:\/\/ucnoqta.az\/index.php?rest_route=%2Fwp%2Fv2%2Ftags&post=70530"}],"curies":[{"name":"wp","href":"https:\/\/api.w.org\/{rel}","templated":true}]}}