{"id":70529,"date":"2018-11-01T12:57:34","date_gmt":"2018-11-01T08:57:34","guid":{"rendered":""},"modified":"-0001-11-30T00:00:00","modified_gmt":"-0001-11-29T20:00:00","slug":"","status":"publish","type":"post","link":"https:\/\/ucnoqta.az\/?p=70529","title":{"rendered":"Tovuzda avtomobil k\u00f6rp\u00fcd\u0259n a\u015f\u0131b:  bir ail\u0259nin 5 \u00fczv\u00fc x\u0259sar\u0259t al\u0131b"},"content":{"rendered":"<p>Tovuzda bir ail\u0259nin 5 \u00fczv\u00fc olan avtomobil k\u00f6rp\u00fcd\u0259n a\u015f\u0131b.<\/p>\n<p>Hadis\u0259 rayonun Bayraml\u0131 k\u0259ndi \u0259razisind\u0259 ba\u015f verib.<\/p>\n<p>K\u0259nd sakini, 1967-ci il t\u0259v\u0259ll\u00fcdl\u00fc Qas\u0131mov R\u0259him Mikay\u0131tl o\u011flu idar\u0259 etdiyi &#8220;VAZ&#8221; markal\u0131 avtomobill\u0259 h\u0259r\u0259k\u0259td\u0259 olark\u0259n idar\u0259etm\u0259ni itirib v\u0259 k\u0259nd \u0259razisind\u0259ki k\u00f6rp\u00fcd\u0259n \u00e7aya a\u015f\u0131b.<\/p>\n<p>Hadis\u0259 n\u0259tic\u0259sind\u0259 s\u00fcr\u00fcc\u00fc v\u0259 avtomobild\u0259 olan s\u0259rni\u015finl\u0259r &#8211; Bayraml\u0131 k\u0259nd sakinl\u0259ri, 1987-ci il t\u0259v\u0259ll\u00fcdl\u00fc C\u0259f\u0259rova X\u0259yal\u0259 R\u0259\u015fid q\u0131z\u0131, 1971-ci il t\u0259v\u0259ll\u00fcdl\u00fc C\u0259f\u0259rov C\u0259mil Kamil o\u011flu, 1962-ci il t\u0259v\u0259ll\u00fcdl\u00fc C\u0259f\u0259rov R\u0259\u015fid Kamil o\u011flu v\u02591976-c\u0131 il t\u0259v\u0259ll\u00fcdl\u00fc C\u0259f\u0259rova Samir\u0259 \u018fli q\u0131z\u0131 m\u00fcxt\u0259lif d\u0259r\u0259c\u0259lki b\u0259d\u0259n x\u0259sar\u0259tl\u0259ri il\u0259 Tovuz rayon M\u0259rk\u0259zi X\u0259st\u0259xanas\u0131na yerl\u0259\u015fdirilib.<\/p>\n<p>Yaral\u0131lardan X.C\u0259f\u0259rovan\u0131n v\u0259ziyy\u0259ti a\u011f\u0131rd\u0131r.<\/p>\n<p>Faktla ba\u011fl\u0131 ara\u015fd\u0131rma apar\u0131l\u0131r.<\/p>\n","protected":false},"excerpt":{"rendered":"<p>Tovuzda bir ail\u0259nin 5 \u00fczv\u00fc olan avtomobil k\u00f6rp\u00fcd\u0259n a\u015f\u0131b. Hadis\u0259 rayonun Bayraml\u0131 k\u0259ndi \u0259razisind\u0259 ba\u015f verib. K\u0259nd sakini, 1967-ci il t\u0259v\u0259ll\u00fcdl\u00fc Qas\u0131mov R\u0259him Mikay\u0131tl o\u011flu idar\u0259 etdiyi &#8220;VAZ&#8221; markal\u0131 avtomobill\u0259&hellip;<\/p>\n","protected":false},"author":1,"featured_media":251278,"comment_status":"open","ping_status":"open","sticky":false,"template":"","format":"standard","meta":{"_lmt_disableupdate":"","_lmt_disable":"","footnotes":""},"categories":[],"tags":[],"class_list":["post-70529","post","type-post","status-publish","format-standard","has-post-thumbnail","hentry"],"_links":{"self":[{"href":"https:\/\/ucnoqta.az\/index.php?rest_route=\/wp\/v2\/posts\/70529","targetHints":{"allow":["GET"]}}],"collection":[{"href":"https:\/\/ucnoqta.az\/index.php?rest_route=\/wp\/v2\/posts"}],"about":[{"href":"https:\/\/ucnoqta.az\/index.php?rest_route=\/wp\/v2\/types\/post"}],"author":[{"embeddable":true,"href":"https:\/\/ucnoqta.az\/index.php?rest_route=\/wp\/v2\/users\/1"}],"replies":[{"embeddable":true,"href":"https:\/\/ucnoqta.az\/index.php?rest_route=%2Fwp%2Fv2%2Fcomments&post=70529"}],"version-history":[{"count":0,"href":"https:\/\/ucnoqta.az\/index.php?rest_route=\/wp\/v2\/posts\/70529\/revisions"}],"wp:featuredmedia":[{"embeddable":true,"href":"https:\/\/ucnoqta.az\/index.php?rest_route=\/wp\/v2\/media\/251278"}],"wp:attachment":[{"href":"https:\/\/ucnoqta.az\/index.php?rest_route=%2Fwp%2Fv2%2Fmedia&parent=70529"}],"wp:term":[{"taxonomy":"category","embeddable":true,"href":"https:\/\/ucnoqta.az\/index.php?rest_route=%2Fwp%2Fv2%2Fcategories&post=70529"},{"taxonomy":"post_tag","embeddable":true,"href":"https:\/\/ucnoqta.az\/index.php?rest_route=%2Fwp%2Fv2%2Ftags&post=70529"}],"curies":[{"name":"wp","href":"https:\/\/api.w.org\/{rel}","templated":true}]}}