{"id":70528,"date":"2018-11-01T11:53:58","date_gmt":"2018-11-01T07:53:58","guid":{"rendered":""},"modified":"-0001-11-30T00:00:00","modified_gmt":"-0001-11-29T20:00:00","slug":"","status":"publish","type":"post","link":"https:\/\/ucnoqta.az\/?p=70528","title":{"rendered":"<b>M\u0259d\u0259t Quliyev:<font color=red> \u201cAz\u0259rbaycan\u0131n 871 v\u0259t\u0259nda\u015f\u0131 h\u0259l\u0259 d\u0259 Erm\u0259nistanda \u0259sir v\u0259 girovluqda saxlan\u0131l\u0131r\u201d<\/font><\/b>"},"content":{"rendered":"<p>&ldquo;Erm\u0259nistan\u0131n qeyri-kontruktiv m&ouml;vqeyi n\u0259tic\u0259sind\u0259 uzun m&uuml;dd\u0259t ke&ccedil;m\u0259sin\u0259 baxmayaraq Da\u011fl\u0131q Qaraba\u011f m&uuml;naqi\u015f\u0259sinin h\u0259lli uzan\u0131r. Bu ill\u0259r \u0259rzind\u0259 beyn\u0259lxalq t\u0259\u015fkilatlar, x&uuml;sus\u0259n d\u0259 Beyn\u0259lxalq Q\u0131z\u0131l Xa&ccedil; Komit\u0259si il\u0259 \u0259m\u0259kda\u015fl\u0131q n\u0259tic\u0259sind\u0259 1480 n\u0259f\u0259r \u0259sir, girovluqdan azad edils\u0259 d\u0259, D&ouml;vl\u0259t komissiyas\u0131nda olan m\u0259lumatlata g&ouml;r\u0259, 871 Az\u0259rbaycan v\u0259t\u0259na\u015f\u0131 h\u0259l\u0259 d\u0259 Erm\u0259nistanda \u0259sir v\u0259 girovlu\u011funda saxlan\u0131l\u0131r&rdquo;. Ucnoqta.az &ldquo;Report&rdquo;a istinad\u0259n x\u0259b\u0259r verir ki, bunu Az\u0259rbaycan Respublikas\u0131 \u018fsir v\u0259 itkin d&uuml;\u015fm&uuml;\u015f, girov g&ouml;t&uuml;r&uuml;lm&uuml;\u015f v\u0259t\u0259nda\u015flarla \u0259laq\u0259dar D&ouml;vl\u0259t Komissiyas\u0131n\u0131n 25 il \u0259rzind\u0259 g&ouml;r&uuml;l\u0259n i\u015fl\u0259rl\u0259 ba\u011fl\u0131 hesabat iclas\u0131nda Komissiyan\u0131n s\u0259dri, D&ouml;vl\u0259t T\u0259hl&uuml;k\u0259sizliyi Xidm\u0259tinin (DTX) r\u0259isi general-polkovnik M\u0259d\u0259t Quliyev deyib. &ldquo;Daxil olan m\u0259lumatlara \u0259sas\u0259n, erm\u0259nil\u0259r h\u0259min \u0259sir v\u0259 girovlara Az\u0259rbaycan\u0131 tamamil\u0259 i\u015f\u011fal etdikl\u0259ri v\u0259 el\u0259 bir d&ouml;vl\u0259tin art\u0131q m&ouml;vcud olmad\u0131\u011f\u0131 bar\u0259d\u0259 fikirl\u0259r t\u0259lqin edir, onlara psixoloji t\u0259sirl\u0259r edirl\u0259r. \u018flb\u0259tt\u0259 ki, Az\u0259rbaycan h\u0259m d\u0259 qeyd etdiyim \u015f\u0259xsl\u0259rin, h\u0259m d\u0259 haz\u0131rda i\u015f\u011fal edil\u0259n Da\u011fl\u0131q Qaraba\u011fda saxlan\u0131lan Dilq\u0259m \u018fsg\u0259rov, \u015eahbaz Quliyev, Elnur H&uuml;seynzad\u0259nin azad edilm\u0259si &uuml;&ccedil;&uuml;n z\u0259ruri t\u0259dbirl\u0259ri davam etdirir. Bu insanlar\u0131n azad edilm\u0259si daim Prezident \u0130lham \u018fliyevin diqq\u0259t m\u0259rk\u0259zind\u0259dir, ke&ccedil;irdiyi m&uuml;vafiq g&ouml;r&uuml;\u015f v\u0259 m&uuml;zakir\u0259l\u0259rd\u0259 d&ouml;vl\u0259timizin ba\u015f&ccedil;\u0131s\u0131 bu m\u0259s\u0259l\u0259ni m&uuml;nt\u0259z\u0259m olaraq beyn\u0259lxalq qurumlara &ccedil;atd\u0131r\u0131r, \u018fsir v\u0259 itkin d&uuml;\u015fm&uuml;\u015f, girov g&ouml;t&uuml;r&uuml;lm&uuml;\u015f v\u0259t\u0259nda\u015flarla \u0259laq\u0259dar D&ouml;vl\u0259t Komissiyas\u0131 haz\u0131rda \u0259sir-girovluqda saxlan\u0131lan, Beyn\u0259lxalq Q\u0131z\u0131l Xa&ccedil; Komit\u0259sinin qeydiyyat\u0131na olan \u015f\u0259xsl\u0259rin &ldquo;Ham\u0131n\u0131n ham\u0131ya&rdquo; prinsipi il\u0259 azad edilm\u0259si, bundan sonra saxlan\u0131lacaq \u015f\u0259xsl\u0259rin q\u0131sa m&uuml;dd\u0259t \u0259rzind\u0259 t\u0259r\u0259fl\u0259r\u0259 t\u0259hvil verilm\u0259si t\u0259klifini ir\u0259li s&uuml;rs\u0259 d\u0259, Erm\u0259nistan bu humanist t\u0259klif\u0259 m&uuml;nasib\u0259t bildirm\u0259yib, m&uuml;harib\u0259 qurbanlar\u0131n\u0131n taleyin\u0259 bigan\u0259 qalaraq he&ccedil; bir \u0259m\u0259li add\u0131m atmay\u0131b. Buna s\u0259b\u0259b Erm\u0259nistan\u0131n m&uuml;naqi\u015f\u0259nin \u0259vv\u0259lind\u0259 humanitar m\u0259s\u0259l\u0259ni siyasil\u0259\u015fdirm\u0259k v\u0259 Da\u011fl\u0131q Qaraba\u011fdak\u0131 separat&ccedil;\u0131 rejimi t\u0259r\u0259f kimi t\u0259qdim etm\u0259k c\u0259hdl\u0259ridir&rdquo; &#8211; dey\u0259, M.Quliyev vur\u011fulay\u0131b.<\/p>\n","protected":false},"excerpt":{"rendered":"<p>&ldquo;Erm\u0259nistan\u0131n qeyri-kontruktiv m&ouml;vqeyi n\u0259tic\u0259sind\u0259 uzun m&uuml;dd\u0259t ke&ccedil;m\u0259sin\u0259 baxmayaraq Da\u011fl\u0131q Qaraba\u011f m&uuml;naqi\u015f\u0259sinin h\u0259lli uzan\u0131r. Bu ill\u0259r \u0259rzind\u0259 beyn\u0259lxalq t\u0259\u015fkilatlar, x&uuml;sus\u0259n d\u0259 Beyn\u0259lxalq Q\u0131z\u0131l Xa&ccedil; Komit\u0259si il\u0259 \u0259m\u0259kda\u015fl\u0131q n\u0259tic\u0259sind\u0259 1480 n\u0259f\u0259r \u0259sir,&hellip;<\/p>\n","protected":false},"author":1,"featured_media":251278,"comment_status":"open","ping_status":"open","sticky":false,"template":"","format":"standard","meta":{"_lmt_disableupdate":"","_lmt_disable":"","footnotes":""},"categories":[91],"tags":[],"class_list":["post-70528","post","type-post","status-publish","format-standard","has-post-thumbnail","hentry","category-olkeici"],"_links":{"self":[{"href":"https:\/\/ucnoqta.az\/index.php?rest_route=\/wp\/v2\/posts\/70528","targetHints":{"allow":["GET"]}}],"collection":[{"href":"https:\/\/ucnoqta.az\/index.php?rest_route=\/wp\/v2\/posts"}],"about":[{"href":"https:\/\/ucnoqta.az\/index.php?rest_route=\/wp\/v2\/types\/post"}],"author":[{"embeddable":true,"href":"https:\/\/ucnoqta.az\/index.php?rest_route=\/wp\/v2\/users\/1"}],"replies":[{"embeddable":true,"href":"https:\/\/ucnoqta.az\/index.php?rest_route=%2Fwp%2Fv2%2Fcomments&post=70528"}],"version-history":[{"count":0,"href":"https:\/\/ucnoqta.az\/index.php?rest_route=\/wp\/v2\/posts\/70528\/revisions"}],"wp:featuredmedia":[{"embeddable":true,"href":"https:\/\/ucnoqta.az\/index.php?rest_route=\/wp\/v2\/media\/251278"}],"wp:attachment":[{"href":"https:\/\/ucnoqta.az\/index.php?rest_route=%2Fwp%2Fv2%2Fmedia&parent=70528"}],"wp:term":[{"taxonomy":"category","embeddable":true,"href":"https:\/\/ucnoqta.az\/index.php?rest_route=%2Fwp%2Fv2%2Fcategories&post=70528"},{"taxonomy":"post_tag","embeddable":true,"href":"https:\/\/ucnoqta.az\/index.php?rest_route=%2Fwp%2Fv2%2Ftags&post=70528"}],"curies":[{"name":"wp","href":"https:\/\/api.w.org\/{rel}","templated":true}]}}