{"id":70508,"date":"2018-10-31T19:31:11","date_gmt":"2018-10-31T15:31:11","guid":{"rendered":""},"modified":"-0001-11-30T00:00:00","modified_gmt":"-0001-11-29T20:00:00","slug":"","status":"publish","type":"post","link":"https:\/\/ucnoqta.az\/?p=70508","title":{"rendered":"\u0130stanbul Ba\u015f Prokurorlu\u011fu: <font color=red><b>Qa\u015f\u0131q\u00e7\u0131n\u0131n meyiti par\u00e7alara ayr\u0131laraq yox edilib<\/b><\/font>"},"content":{"rendered":"<p><strong>Jurnalist Camal Qa\u015f\u0131q&ccedil;\u0131 \u0259vv\u0259lc\u0259d\u0259n t\u0259rtib olunan plana \u0259sas\u0259n S\u0259udiyy\u0259 \u018fr\u0259bistan\u0131n\u0131n \u0130stanbuldak\u0131 Ba\u015f Konsullu\u011funa daxil olan kimi bo\u011fularaq &ouml;ld&uuml;r&uuml;l&uuml;b.&nbsp;<\/strong><\/p>\n<p>&ldquo;Report&rdquo; T&uuml;rkiy\u0259 K\u0130V-in\u0259 istinad\u0259n x\u0259b\u0259r verir ki, bu bar\u0259d\u0259 \u0130stanbul Ba\u015f Prokurorlu\u011funun yayd\u0131\u011f\u0131 a&ccedil;\u0131qlamada bildirilib.&nbsp;&nbsp;<\/p>\n<p>M\u0259lumatda qeyd olunub ki, onun meyiti daha sonra par&ccedil;alara ayr\u0131laraq yox edilib.<\/p>\n<p>Eyni zamanda T&uuml;rkiy\u0259 t\u0259r\u0259fi iki &ouml;lk\u0259nin prokurorluqlar\u0131 aras\u0131nda q\u0259tlin ara\u015fd\u0131r\u0131lmas\u0131 &uuml;&ccedil;&uuml;n apar\u0131lan dan\u0131\u015f\u0131qlar n\u0259tic\u0259siz qald\u0131\u011f\u0131n\u0131 da vur\u011fulay\u0131b.<\/p>\n","protected":false},"excerpt":{"rendered":"<p>Jurnalist Camal Qa\u015f\u0131q&ccedil;\u0131 \u0259vv\u0259lc\u0259d\u0259n t\u0259rtib olunan plana \u0259sas\u0259n S\u0259udiyy\u0259 \u018fr\u0259bistan\u0131n\u0131n \u0130stanbuldak\u0131 Ba\u015f Konsullu\u011funa daxil olan kimi bo\u011fularaq &ouml;ld&uuml;r&uuml;l&uuml;b.&nbsp; &ldquo;Report&rdquo; T&uuml;rkiy\u0259 K\u0130V-in\u0259 istinad\u0259n x\u0259b\u0259r verir ki, bu bar\u0259d\u0259 \u0130stanbul Ba\u015f Prokurorlu\u011funun&hellip;<\/p>\n","protected":false},"author":1,"featured_media":251278,"comment_status":"open","ping_status":"open","sticky":false,"template":"","format":"standard","meta":{"_lmt_disableupdate":"","_lmt_disable":"","footnotes":""},"categories":[89],"tags":[],"class_list":["post-70508","post","type-post","status-publish","format-standard","has-post-thumbnail","hentry","category-dunya-butun-xeberler"],"_links":{"self":[{"href":"https:\/\/ucnoqta.az\/index.php?rest_route=\/wp\/v2\/posts\/70508","targetHints":{"allow":["GET"]}}],"collection":[{"href":"https:\/\/ucnoqta.az\/index.php?rest_route=\/wp\/v2\/posts"}],"about":[{"href":"https:\/\/ucnoqta.az\/index.php?rest_route=\/wp\/v2\/types\/post"}],"author":[{"embeddable":true,"href":"https:\/\/ucnoqta.az\/index.php?rest_route=\/wp\/v2\/users\/1"}],"replies":[{"embeddable":true,"href":"https:\/\/ucnoqta.az\/index.php?rest_route=%2Fwp%2Fv2%2Fcomments&post=70508"}],"version-history":[{"count":0,"href":"https:\/\/ucnoqta.az\/index.php?rest_route=\/wp\/v2\/posts\/70508\/revisions"}],"wp:featuredmedia":[{"embeddable":true,"href":"https:\/\/ucnoqta.az\/index.php?rest_route=\/wp\/v2\/media\/251278"}],"wp:attachment":[{"href":"https:\/\/ucnoqta.az\/index.php?rest_route=%2Fwp%2Fv2%2Fmedia&parent=70508"}],"wp:term":[{"taxonomy":"category","embeddable":true,"href":"https:\/\/ucnoqta.az\/index.php?rest_route=%2Fwp%2Fv2%2Fcategories&post=70508"},{"taxonomy":"post_tag","embeddable":true,"href":"https:\/\/ucnoqta.az\/index.php?rest_route=%2Fwp%2Fv2%2Ftags&post=70508"}],"curies":[{"name":"wp","href":"https:\/\/api.w.org\/{rel}","templated":true}]}}