{"id":70507,"date":"2018-10-31T18:12:37","date_gmt":"2018-10-31T14:12:37","guid":{"rendered":""},"modified":"-0001-11-30T00:00:00","modified_gmt":"-0001-11-29T20:00:00","slug":"","status":"publish","type":"post","link":"https:\/\/ucnoqta.az\/?p=70507","title":{"rendered":"<font color=red><b>\u0130lham \u018fliyev \u015e\u0259ki \u015f\u0259h\u0259rinin tarixi hiss\u0259sinin qorunmas\u0131 il\u0259 ba\u011fl\u0131 s\u0259r\u0259ncam imzalay\u0131b<\/b><\/font>"},"content":{"rendered":"<p>Prezident \u0130lham \u018fliyev \u015e\u0259ki \u015f\u0259h\u0259rinin tarixi hiss\u0259sinin qorunmas\u0131 il\u0259 ba\u011fl\u0131 \u0259lav\u0259 t\u0259dbirl\u0259r haqq\u0131nda s\u0259r\u0259ncam imzalay\u0131b.<\/p>\n<p>Az\u0259rbaycan\u0131n \u0259n q\u0259dim \u015f\u0259h\u0259rl\u0259rind\u0259n v\u0259 m\u0259d\u0259niyy\u0259t m\u0259rk\u0259zl\u0259rind\u0259n biri olan \u015e\u0259kinin tarixi hiss\u0259sini \u0259hat\u0259 ed\u0259n \u201cYuxar\u0131 Ba\u015f\u201d D\u00f6vl\u0259t Tarix-Memarl\u0131q Qoru\u011fu \u00e7ox\u0259srlik tarix\u0259 malik abid\u0259l\u0259r v\u0259 unikal m\u0259d\u0259niyy\u0259t n\u00fcmun\u0259l\u0259ri il\u0259 z\u0259ngin bir \u0259razidir.<\/p>\n<p>Son ill\u0259rd\u0259 \u201cYuxar\u0131 Ba\u015f\u201d D\u00f6vl\u0259t Tarix-Memarl\u0131q Qoru\u011funun \u0259razisind\u0259 h\u0259yata ke\u00e7irilmi\u015f t\u0259dbirl\u0259r n\u0259tic\u0259sind\u0259 \u201cA\u015fa\u011f\u0131 Karvansaray\u201d Kompleksi, \u201c\u015e\u0259kixanovlar\u0131n evi\u201d, M.F.Axundzad\u0259nin ev-muzeyi, q\u0259dim k\u00fc\u00e7\u0259l\u0259rin bir hiss\u0259si b\u0259rpa olunmu\u015f, m\u00fc\u0259yy\u0259n abadl\u0131q i\u015fl\u0259ri g\u00f6r\u00fclm\u00fc\u015fd\u00fcr.<\/p>\n<p>\u015e\u0259ki \u015f\u0259h\u0259ri 2008-ci ild\u0259 D\u00fcnya Tarixi \u015e\u0259h\u0259rl\u0259r Liqas\u0131n\u0131n \u00fczv\u00fc se\u00e7ilmi\u015f, 2010-cu ild\u0259 Az\u0259rbaycan\u0131n S\u0259n\u0259tkarl\u0131q Paytaxt\u0131 elan edilmi\u015f, 2017-ci ild\u0259 UNESCO-nun \u201cYarad\u0131c\u0131 \u015f\u0259h\u0259rl\u0259r \u015f\u0259b\u0259k\u0259si\u201d siyah\u0131s\u0131na daxil olunmu\u015fdur.<\/p>\n<p>\u015e\u0259kinin turistl\u0259r \u00fc\u00e7\u00fcn c\u0259lbedici m\u0259kana \u00e7evrilm\u0259si \u0259srl\u0259rin s\u0131na\u011f\u0131ndan \u00e7\u0131xm\u0131\u015f, t\u0259bii t\u0259sirl\u0259r\u0259 m\u0259ruz qalm\u0131\u015f tarix v\u0259 m\u0259d\u0259niyy\u0259t abid\u0259l\u0259rinin konservasiyas\u0131 v\u0259 b\u0259rpas\u0131, \u0259n\u0259n\u0259vi xalq s\u0259n\u0259tkarl\u0131\u011f\u0131 n\u00f6vl\u0259rinin dir\u00e7\u0259ldilm\u0259si, istirah\u0259t-turizm infrastrukturu obyektl\u0259rinin v\u0259 xidm\u0259t sah\u0259l\u0259rinin yarad\u0131lmas\u0131 i\u015fl\u0259rinin s\u00fcr\u0259tl\u0259ndirilm\u0259sini \u015f\u0259rtl\u0259ndirir.<\/p>\n<p>S\u0259r\u0259ncamda qeyd edilir ki, Az\u0259rbaycan Respublikas\u0131n\u0131n D\u00f6vl\u0259t Turizm Agentliyi \u00fc\u00e7 ay m\u00fcdd\u0259tind\u0259 \u201cYuxar\u0131 Ba\u015f\u201d D\u00f6vl\u0259t Tarix-Memarl\u0131q Qoru\u011funun \u0259razisind\u0259 yerl\u0259\u015f\u0259n tarix v\u0259 m\u0259d\u0259niyy\u0259t abid\u0259l\u0259rinin siyah\u0131ya al\u0131nmas\u0131n\u0131 v\u0259 vahid m\u0259lumat bazas\u0131n\u0131n yarad\u0131lmas\u0131n\u0131 t\u0259min etsin; \u201cYuxar\u0131 Ba\u015f\u201d D\u00f6vl\u0259t Tarix-Memarl\u0131q Qoru\u011funun \u0259razisind\u0259 yerl\u0259\u015f\u0259n tarix v\u0259 m\u0259d\u0259niyy\u0259t abid\u0259l\u0259rinin uzunm\u00fcdd\u0259tli qorunmas\u0131, konservasiyas\u0131, b\u0259rpas\u0131 v\u0259 m\u0259qs\u0259dy\u00f6nl\u00fc istifad\u0259si il\u0259 ba\u011fl\u0131 konsepsiyan\u0131n layih\u0259sini haz\u0131rlay\u0131b Az\u0259rbaycan Respublikas\u0131n\u0131n Prezidentin\u0259 t\u0259qdim etsin.<\/p>\n","protected":false},"excerpt":{"rendered":"<p>Prezident \u0130lham \u018fliyev \u015e\u0259ki \u015f\u0259h\u0259rinin tarixi hiss\u0259sinin qorunmas\u0131 il\u0259 ba\u011fl\u0131 \u0259lav\u0259 t\u0259dbirl\u0259r haqq\u0131nda s\u0259r\u0259ncam imzalay\u0131b. Az\u0259rbaycan\u0131n \u0259n q\u0259dim \u015f\u0259h\u0259rl\u0259rind\u0259n v\u0259 m\u0259d\u0259niyy\u0259t m\u0259rk\u0259zl\u0259rind\u0259n biri olan \u015e\u0259kinin tarixi hiss\u0259sini \u0259hat\u0259 ed\u0259n \u201cYuxar\u0131&hellip;<\/p>\n","protected":false},"author":1,"featured_media":251278,"comment_status":"open","ping_status":"open","sticky":false,"template":"","format":"standard","meta":{"_lmt_disableupdate":"","_lmt_disable":"","footnotes":""},"categories":[],"tags":[],"class_list":["post-70507","post","type-post","status-publish","format-standard","has-post-thumbnail","hentry"],"_links":{"self":[{"href":"https:\/\/ucnoqta.az\/index.php?rest_route=\/wp\/v2\/posts\/70507","targetHints":{"allow":["GET"]}}],"collection":[{"href":"https:\/\/ucnoqta.az\/index.php?rest_route=\/wp\/v2\/posts"}],"about":[{"href":"https:\/\/ucnoqta.az\/index.php?rest_route=\/wp\/v2\/types\/post"}],"author":[{"embeddable":true,"href":"https:\/\/ucnoqta.az\/index.php?rest_route=\/wp\/v2\/users\/1"}],"replies":[{"embeddable":true,"href":"https:\/\/ucnoqta.az\/index.php?rest_route=%2Fwp%2Fv2%2Fcomments&post=70507"}],"version-history":[{"count":0,"href":"https:\/\/ucnoqta.az\/index.php?rest_route=\/wp\/v2\/posts\/70507\/revisions"}],"wp:featuredmedia":[{"embeddable":true,"href":"https:\/\/ucnoqta.az\/index.php?rest_route=\/wp\/v2\/media\/251278"}],"wp:attachment":[{"href":"https:\/\/ucnoqta.az\/index.php?rest_route=%2Fwp%2Fv2%2Fmedia&parent=70507"}],"wp:term":[{"taxonomy":"category","embeddable":true,"href":"https:\/\/ucnoqta.az\/index.php?rest_route=%2Fwp%2Fv2%2Fcategories&post=70507"},{"taxonomy":"post_tag","embeddable":true,"href":"https:\/\/ucnoqta.az\/index.php?rest_route=%2Fwp%2Fv2%2Ftags&post=70507"}],"curies":[{"name":"wp","href":"https:\/\/api.w.org\/{rel}","templated":true}]}}