{"id":70505,"date":"2018-10-31T17:22:20","date_gmt":"2018-10-31T13:22:20","guid":{"rendered":""},"modified":"-0001-11-30T00:00:00","modified_gmt":"-0001-11-29T20:00:00","slug":"","status":"publish","type":"post","link":"https:\/\/ucnoqta.az\/?p=70505","title":{"rendered":"\u018fli H\u0259s\u0259nov: <font color=red><b>&#8220;Prezident \u0130lham \u018fliyev \u015fair Mikay\u0131l M\u00fc\u015ffiql\u0259 ba\u011fl\u0131 m\u0259s\u0259l\u0259ni \u015f\u0259xsi n\u0259zar\u0259tin\u0259 g\u00f6t\u00fcr\u00fcb&#8221;<\/b><\/font>"},"content":{"rendered":"<p><strong>Az\u0259rbaycan poeziyas\u0131n\u0131n inki\u015faf\u0131nda b&ouml;y&uuml;k rol oynam\u0131\u015f, Stalin repressiyas\u0131n\u0131n qurban\u0131 olmu\u015f v\u0259 1938-ci ild\u0259 g&uuml;ll\u0259l\u0259nmi\u015f \u015fair Mikay\u0131l M&uuml;\u015ffiqin qal\u0131qlar\u0131n\u0131n tap\u0131lmas\u0131 il\u0259 ba\u011fl\u0131 son zamanlar k&uuml;tl\u0259vi informasiya vasit\u0259l\u0259rind\u0259 yay\u0131lan materiallar Az\u0259rbaycan Respublikas\u0131n\u0131n Prezidenti \u0130lham \u018fliyevin diqq\u0259tini c\u0259lb edib.<\/strong><\/p>\n<p>C\u0259nab Prezident m\u0259s\u0259l\u0259nin ara\u015fd\u0131r\u0131lmas\u0131 &uuml;&ccedil;&uuml;n Milli Elml\u0259r Akademiyas\u0131, S\u0259hiyy\u0259, M\u0259d\u0259niyy\u0259t nazirlikl\u0259ri v\u0259 dig\u0259r \u0259laq\u0259dar qurumlar\u0131n n&uuml;may\u0259nd\u0259l\u0259rind\u0259n ibar\u0259t i\u015f&ccedil;i qrupun yarad\u0131lmas\u0131 bar\u0259d\u0259 g&ouml;st\u0259ri\u015f verib. Tap\u015f\u0131r\u0131\u011fa \u0259sas\u0259n, Mikay\u0131l M&uuml;\u015ffiq\u0259 m\u0259xsus oldu\u011fu ehtimal edil\u0259n qal\u0131qlar m&uuml;vafiq qaydada DNK ekspertizas\u0131ndan ke&ccedil;iril\u0259c\u0259kdir. \u018fg\u0259r qal\u0131qlar\u0131n h\u0259qiq\u0259t\u0259n ona m\u0259xsus oldu\u011fu t\u0259sdiqini taparsa, \u015fairin yenid\u0259n d\u0259fn olunmas\u0131 il\u0259 ba\u011fl\u0131 b&uuml;t&uuml;n z\u0259ruri t\u0259dbirl\u0259r g&ouml;r&uuml;l\u0259c\u0259kdir.<\/p>\n<p>Ucnoqta.az x\u0259b\u0259r verir ki,&nbsp;bu haqda AZ\u018fRTAC-a Prezidentin ictimai-siyasi m\u0259s\u0259l\u0259l\u0259r &uuml;zr\u0259 k&ouml;m\u0259k&ccedil;isi \u018fli H\u0259s\u0259nov m\u0259lumat verib.<\/p>\n<p>\u018fli H\u0259s\u0259nov onu da qeyd edib ki, c\u0259nab Prezident h\u0259mi\u015f\u0259 Az\u0259rbaycan m\u0259d\u0259niyy\u0259tin\u0259, m\u0259d\u0259niyy\u0259t v\u0259 inc\u0259s\u0259n\u0259t xadiml\u0259rin\u0259, x&uuml;susil\u0259 repressiya qurban\u0131 olmu\u015f ziyal\u0131lar\u0131m\u0131z\u0131n xatir\u0259sin\u0259 b&ouml;y&uuml;k diqq\u0259tl\u0259 yana\u015f\u0131b. Bunun bariz n&uuml;mun\u0259si kimi, d&ouml;vl\u0259timizin ba\u015f&ccedil;\u0131s\u0131n\u0131n 2017-ci ilin fevral\u0131nda Bak\u0131n\u0131n Yasamal rayonu \u0259razisind\u0259 ke&ccedil;mi\u015f Statistika dair\u0259si adlanan yerd\u0259 Mikay\u0131l M&uuml;\u015ffiqin heyk\u0259linin demontaj\u0131na m&uuml;nasib\u0259tini g&ouml;st\u0259rm\u0259k olar. O vaxt c\u0259nab Prezident m\u0259s\u0259l\u0259nin ara\u015fd\u0131r\u0131lmas\u0131, g&uuml;nahkarlar\u0131n c\u0259zaland\u0131r\u0131lmas\u0131, heyk\u0259lin d\u0259rhal &ouml;z yerind\u0259 b\u0259rpa olunmas\u0131 il\u0259 ba\u011fl\u0131 tap\u015f\u0131r\u0131q vermi\u015f, h\u0259min g&ouml;st\u0259ri\u015fin q\u0131sa zamanda icra olunmas\u0131ndan sonra da heyk\u0259li ziyar\u0259t etmi\u015f v\u0259 &ouml;n&uuml;n\u0259 g&uuml;l d\u0259st\u0259si qoymu\u015fdur.<\/p>\n<p>\u018fli H\u0259s\u0259nov bildirib ki, Mikay\u0131l M&uuml;\u015ffiqin qal\u0131qlar\u0131n\u0131n a\u015fkar olunmas\u0131 bar\u0259d\u0259 yay\u0131lan m\u0259lumatlar haz\u0131rda d&ouml;vl\u0259timizin ba\u015f&ccedil;\u0131s\u0131n\u0131n n\u0259zar\u0259tind\u0259dir. \u018fminlikl\u0259 dem\u0259k olar ki, m\u0259s\u0259l\u0259nin ciddi ara\u015fd\u0131r\u0131lmas\u0131 il\u0259 ba\u011fl\u0131 q\u0131sa zamanda m&uuml;vafiq t\u0259dbirl\u0259r g&ouml;r&uuml;l\u0259c\u0259k v\u0259 n\u0259tic\u0259 bar\u0259d\u0259 ictimaiyy\u0259t\u0259 m\u0259lumat veril\u0259c\u0259kdir.<\/p>\n","protected":false},"excerpt":{"rendered":"<p>Az\u0259rbaycan poeziyas\u0131n\u0131n inki\u015faf\u0131nda b&ouml;y&uuml;k rol oynam\u0131\u015f, Stalin repressiyas\u0131n\u0131n qurban\u0131 olmu\u015f v\u0259 1938-ci ild\u0259 g&uuml;ll\u0259l\u0259nmi\u015f \u015fair Mikay\u0131l M&uuml;\u015ffiqin qal\u0131qlar\u0131n\u0131n tap\u0131lmas\u0131 il\u0259 ba\u011fl\u0131 son zamanlar k&uuml;tl\u0259vi informasiya vasit\u0259l\u0259rind\u0259 yay\u0131lan materiallar Az\u0259rbaycan Respublikas\u0131n\u0131n&hellip;<\/p>\n","protected":false},"author":1,"featured_media":251278,"comment_status":"open","ping_status":"open","sticky":false,"template":"","format":"standard","meta":{"_lmt_disableupdate":"","_lmt_disable":"","footnotes":""},"categories":[],"tags":[],"class_list":["post-70505","post","type-post","status-publish","format-standard","has-post-thumbnail","hentry"],"_links":{"self":[{"href":"https:\/\/ucnoqta.az\/index.php?rest_route=\/wp\/v2\/posts\/70505","targetHints":{"allow":["GET"]}}],"collection":[{"href":"https:\/\/ucnoqta.az\/index.php?rest_route=\/wp\/v2\/posts"}],"about":[{"href":"https:\/\/ucnoqta.az\/index.php?rest_route=\/wp\/v2\/types\/post"}],"author":[{"embeddable":true,"href":"https:\/\/ucnoqta.az\/index.php?rest_route=\/wp\/v2\/users\/1"}],"replies":[{"embeddable":true,"href":"https:\/\/ucnoqta.az\/index.php?rest_route=%2Fwp%2Fv2%2Fcomments&post=70505"}],"version-history":[{"count":0,"href":"https:\/\/ucnoqta.az\/index.php?rest_route=\/wp\/v2\/posts\/70505\/revisions"}],"wp:featuredmedia":[{"embeddable":true,"href":"https:\/\/ucnoqta.az\/index.php?rest_route=\/wp\/v2\/media\/251278"}],"wp:attachment":[{"href":"https:\/\/ucnoqta.az\/index.php?rest_route=%2Fwp%2Fv2%2Fmedia&parent=70505"}],"wp:term":[{"taxonomy":"category","embeddable":true,"href":"https:\/\/ucnoqta.az\/index.php?rest_route=%2Fwp%2Fv2%2Fcategories&post=70505"},{"taxonomy":"post_tag","embeddable":true,"href":"https:\/\/ucnoqta.az\/index.php?rest_route=%2Fwp%2Fv2%2Ftags&post=70505"}],"curies":[{"name":"wp","href":"https:\/\/api.w.org\/{rel}","templated":true}]}}