{"id":70504,"date":"2018-10-31T17:45:14","date_gmt":"2018-10-31T13:45:14","guid":{"rendered":""},"modified":"-0001-11-30T00:00:00","modified_gmt":"-0001-11-29T20:00:00","slug":"","status":"publish","type":"post","link":"https:\/\/ucnoqta.az\/?p=70504","title":{"rendered":"Bakcell \u015firk\u0259tinin d\u0259st\u0259yil\u0259 Bak\u0131da M.A.P. Beyn\u0259lxalq Teatr Festival\u0131 start g\u00f6t\u00fcr\u00fcr"},"content":{"rendered":"<p><strong>Az\u0259rbaycan\u0131n \u0130lk Mobil Operatoru v\u0259 \u018fn S&uuml;r\u0259tli Mobil \u0130nternet Provayderi Bakcell \u015firk\u0259tinin d\u0259st\u0259yi il\u0259 YARAT M&uuml;asir \u0130nc\u0259s\u0259n\u0259t M\u0259kan\u0131n\u0131n t\u0259\u015fkil etdiyi ikinci M.A.P. Beyn\u0259lxalq Teatr Festival\u0131 6-11 noyabr tarixl\u0259rind\u0259 Bak\u0131 \u015f\u0259h\u0259rind\u0259 ke&ccedil;iril\u0259c\u0259k.&nbsp;<\/strong><\/p>\n<p>&Uuml;nsiyy\u0259t, t\u0259hsil, bilik v\u0259 t\u0259cr&uuml;b\u0259 m&uuml;badil\u0259si platformas\u0131 olan M.A.P. festival\u0131n\u0131n ad\u0131, musiqi, inc\u0259s\u0259n\u0259t v\u0259 performans terminl\u0259rinin abreviaturas\u0131d\u0131r. Tama\u015fa&ccedil;\u0131 auditoriyalar\u0131na m&uuml;asir teatr formalar\u0131n\u0131n geni\u015f diapazonunu t\u0259qdim etm\u0259k m\u0259qs\u0259dil\u0259 bu festival &ouml;z&uuml;nd\u0259 m&uuml;xt\u0259lif teatr n&uuml;mun\u0259l\u0259rini birl\u0259\u015fdir\u0259c\u0259k. Bu ilki festival &ccedil;\u0259r&ccedil;iv\u0259sind\u0259 Danimarka, Estoniya, Almaniya, \u0130ran, \u0130taliya, Yaponiya, \u0130sve&ccedil;r\u0259, Rusiya v\u0259 Birl\u0259\u015fmi\u015f Krall\u0131qdan olan n&uuml;fuzlu teatr qurumlar\u0131n\u0131n 16 tama\u015fas\u0131 t\u0259qdim edil\u0259c\u0259k. Festival\u0131n ilk g&uuml;n&uuml;nd\u0259 Bak\u0131 Konqres M\u0259rk\u0259zind\u0259 ke&ccedil;iril\u0259c\u0259k r\u0259smi a&ccedil;\u0131l\u0131\u015f m\u0259rasimind\u0259n sonra h\u0259min m\u0259kana g\u0259l\u0259n teatr h\u0259v\u0259skarlar\u0131 &uuml;&ccedil;&uuml;n \u0130taliyan\u0131n &ldquo;NoQraviti&rdquo; teatr\u0131n\u0131n kollektivi t\u0259r\u0259find\u0259n haz\u0131rlanm\u0131\u015f &ldquo;Ariya&rdquo; adl\u0131 multidisiplinar tama\u015fa n&uuml;mayi\u015f olunacaq. Parlaq r\u0259qsl\u0259r, ifalar v\u0259 kostyumlar\u0131n yer ald\u0131\u011f\u0131 bu tama\u015faya Monteverdi, Vivaldi v\u0259 Perqolezinin musiqi \u0259s\u0259rl\u0259ri daxildir. R\u0259qqaslar, musiqi&ccedil;il\u0259r v\u0259 m&uuml;\u011f\u0259nnil\u0259rin ham\u0131s\u0131 bir ne&ccedil;\u0259 artistik janr\u0131 birl\u0259\u015fdirm\u0259kl\u0259, bu tama\u015fada b\u0259rab\u0259r s\u0259viyy\u0259d\u0259 m\u0259rk\u0259zi rol oynay\u0131rlar.<\/p>\n<p>M.A.P. festival\u0131, Az\u0259rbaycanda inc\u0259s\u0259n\u0259tin inki\u015faf\u0131na, habel\u0259, b&uuml;t&uuml;n d&uuml;nyada Az\u0259rbaycan inc\u0259s\u0259n\u0259tinin tan\u0131nmas\u0131na \u0259h\u0259miyy\u0259tli t&ouml;hf\u0259 verir. Bu, musiqi ,inc\u0259s\u0259n\u0259t v\u0259 performans il\u0259 m\u0259\u015f\u011ful olan insanlar\u0131n &ouml;z \u0259s\u0259rl\u0259rini beyn\u0259lxalq s\u0259viyy\u0259li pe\u015f\u0259karlarla birg\u0259 n&uuml;mayi\u015f etdirm\u0259si &uuml;&ccedil;&uuml;n unikal bir imkand\u0131r.&nbsp;<br \/>\nBakcell \u015firk\u0259ti, art\u0131q ikinci ildir ki, M.A.P festival\u0131n\u0131n ba\u015f sponsoru qismind\u0259 &ccedil;\u0131x\u0131\u015f edir. Milli telekommunikasiya operatoru olan Bakcell, Az\u0259rbaycanda musiqi v\u0259 inc\u0259s\u0259n\u0259tin inki\u015faf\u0131na t&ouml;hf\u0259 ver\u0259n layih\u0259l\u0259rin d\u0259st\u0259kl\u0259yir.&nbsp;<\/p>\n<p>&nbsp;<\/p>\n","protected":false},"excerpt":{"rendered":"<p>Az\u0259rbaycan\u0131n \u0130lk Mobil Operatoru v\u0259 \u018fn S&uuml;r\u0259tli Mobil \u0130nternet Provayderi Bakcell \u015firk\u0259tinin d\u0259st\u0259yi il\u0259 YARAT M&uuml;asir \u0130nc\u0259s\u0259n\u0259t M\u0259kan\u0131n\u0131n t\u0259\u015fkil etdiyi ikinci M.A.P. Beyn\u0259lxalq Teatr Festival\u0131 6-11 noyabr tarixl\u0259rind\u0259 Bak\u0131 \u015f\u0259h\u0259rind\u0259&hellip;<\/p>\n","protected":false},"author":1,"featured_media":251278,"comment_status":"open","ping_status":"open","sticky":false,"template":"","format":"standard","meta":{"_lmt_disableupdate":"","_lmt_disable":"","footnotes":""},"categories":[],"tags":[],"class_list":["post-70504","post","type-post","status-publish","format-standard","has-post-thumbnail","hentry"],"_links":{"self":[{"href":"https:\/\/ucnoqta.az\/index.php?rest_route=\/wp\/v2\/posts\/70504","targetHints":{"allow":["GET"]}}],"collection":[{"href":"https:\/\/ucnoqta.az\/index.php?rest_route=\/wp\/v2\/posts"}],"about":[{"href":"https:\/\/ucnoqta.az\/index.php?rest_route=\/wp\/v2\/types\/post"}],"author":[{"embeddable":true,"href":"https:\/\/ucnoqta.az\/index.php?rest_route=\/wp\/v2\/users\/1"}],"replies":[{"embeddable":true,"href":"https:\/\/ucnoqta.az\/index.php?rest_route=%2Fwp%2Fv2%2Fcomments&post=70504"}],"version-history":[{"count":0,"href":"https:\/\/ucnoqta.az\/index.php?rest_route=\/wp\/v2\/posts\/70504\/revisions"}],"wp:featuredmedia":[{"embeddable":true,"href":"https:\/\/ucnoqta.az\/index.php?rest_route=\/wp\/v2\/media\/251278"}],"wp:attachment":[{"href":"https:\/\/ucnoqta.az\/index.php?rest_route=%2Fwp%2Fv2%2Fmedia&parent=70504"}],"wp:term":[{"taxonomy":"category","embeddable":true,"href":"https:\/\/ucnoqta.az\/index.php?rest_route=%2Fwp%2Fv2%2Fcategories&post=70504"},{"taxonomy":"post_tag","embeddable":true,"href":"https:\/\/ucnoqta.az\/index.php?rest_route=%2Fwp%2Fv2%2Ftags&post=70504"}],"curies":[{"name":"wp","href":"https:\/\/api.w.org\/{rel}","templated":true}]}}