{"id":70500,"date":"2018-10-31T17:03:00","date_gmt":"2018-10-31T13:03:00","guid":{"rendered":""},"modified":"-0001-11-30T00:00:00","modified_gmt":"-0001-11-29T20:00:00","slug":"","status":"publish","type":"post","link":"https:\/\/ucnoqta.az\/?p=70500","title":{"rendered":"T\u00fcrkiy\u0259 Ordusu Suriyada terror\u00e7ular\u0131n m\u00f6vqel\u0259rin\u0259 z\u0259rb\u0259l\u0259r endirib"},"content":{"rendered":"<p><strong>T&uuml;rkiy\u0259 Ordusu Suriyan\u0131n Ayn-\u0259l-\u018fr\u0259b b&ouml;lg\u0259sind\u0259ki terror&ccedil;u PKK\/YPG-PYD-nin m&ouml;vqel\u0259rin\u0259 z\u0259rb\u0259l\u0259r endirib.<\/strong><\/p>\n<p>&ldquo;Report&rdquo; &ldquo;Anadolu&rdquo; agentliyin\u0259 istinad\u0259n x\u0259b\u0259r verir ki, m\u0259lumat\u0131 T&uuml;rkiy\u0259 Silahl\u0131 Q&uuml;vv\u0259l\u0259rinin Ba\u015f Q\u0259rargah\u0131 yay\u0131b.<\/p>\n<p>T&uuml;rkiy\u0259nin \u015eanl\u0131urfa \u0259yal\u0259tinin Suruc rayonundan F\u0259rat &ccedil;ay\u0131n\u0131n \u015f\u0259rqind\u0259 yerl\u0259\u015f\u0259n Ayn-\u0259l-\u018fr\u0259b (k&uuml;rd separat&ccedil;\u0131lar\u0131 Kobani deyir) b&ouml;lg\u0259sind\u0259ki PKK terror&ccedil;ular\u0131n\u0131n m&ouml;vqel\u0259ri haubitsa il\u0259 at\u0259\u015f\u0259 tutulub. N\u0259tic\u0259d\u0259 4 terror&ccedil;u m\u0259hv edilib, 6-s\u0131 yaralan\u0131b.<\/p>\n","protected":false},"excerpt":{"rendered":"<p>T&uuml;rkiy\u0259 Ordusu Suriyan\u0131n Ayn-\u0259l-\u018fr\u0259b b&ouml;lg\u0259sind\u0259ki terror&ccedil;u PKK\/YPG-PYD-nin m&ouml;vqel\u0259rin\u0259 z\u0259rb\u0259l\u0259r endirib. &ldquo;Report&rdquo; &ldquo;Anadolu&rdquo; agentliyin\u0259 istinad\u0259n x\u0259b\u0259r verir ki, m\u0259lumat\u0131 T&uuml;rkiy\u0259 Silahl\u0131 Q&uuml;vv\u0259l\u0259rinin Ba\u015f Q\u0259rargah\u0131 yay\u0131b. T&uuml;rkiy\u0259nin \u015eanl\u0131urfa \u0259yal\u0259tinin Suruc rayonundan F\u0259rat&hellip;<\/p>\n","protected":false},"author":1,"featured_media":251278,"comment_status":"open","ping_status":"open","sticky":false,"template":"","format":"standard","meta":{"_lmt_disableupdate":"","_lmt_disable":"","footnotes":""},"categories":[89],"tags":[],"class_list":["post-70500","post","type-post","status-publish","format-standard","has-post-thumbnail","hentry","category-dunya-butun-xeberler"],"_links":{"self":[{"href":"https:\/\/ucnoqta.az\/index.php?rest_route=\/wp\/v2\/posts\/70500","targetHints":{"allow":["GET"]}}],"collection":[{"href":"https:\/\/ucnoqta.az\/index.php?rest_route=\/wp\/v2\/posts"}],"about":[{"href":"https:\/\/ucnoqta.az\/index.php?rest_route=\/wp\/v2\/types\/post"}],"author":[{"embeddable":true,"href":"https:\/\/ucnoqta.az\/index.php?rest_route=\/wp\/v2\/users\/1"}],"replies":[{"embeddable":true,"href":"https:\/\/ucnoqta.az\/index.php?rest_route=%2Fwp%2Fv2%2Fcomments&post=70500"}],"version-history":[{"count":0,"href":"https:\/\/ucnoqta.az\/index.php?rest_route=\/wp\/v2\/posts\/70500\/revisions"}],"wp:featuredmedia":[{"embeddable":true,"href":"https:\/\/ucnoqta.az\/index.php?rest_route=\/wp\/v2\/media\/251278"}],"wp:attachment":[{"href":"https:\/\/ucnoqta.az\/index.php?rest_route=%2Fwp%2Fv2%2Fmedia&parent=70500"}],"wp:term":[{"taxonomy":"category","embeddable":true,"href":"https:\/\/ucnoqta.az\/index.php?rest_route=%2Fwp%2Fv2%2Fcategories&post=70500"},{"taxonomy":"post_tag","embeddable":true,"href":"https:\/\/ucnoqta.az\/index.php?rest_route=%2Fwp%2Fv2%2Ftags&post=70500"}],"curies":[{"name":"wp","href":"https:\/\/api.w.org\/{rel}","templated":true}]}}