{"id":69963,"date":"2018-10-18T22:02:40","date_gmt":"2018-10-18T18:02:40","guid":{"rendered":""},"modified":"-0001-11-30T00:00:00","modified_gmt":"-0001-11-29T20:00:00","slug":"","status":"publish","type":"post","link":"https:\/\/ucnoqta.az\/?p=69963","title":{"rendered":"\u201cSon 5 ild\u0259 yaln\u0131z Az\u0259rbaycan \u00e7ay\u0131 i\u00e7ir\u0259m\u201d \u2014 Rusiyal\u0131 nazir"},"content":{"rendered":"<p><strong>&ldquo;Rusiya il\u0259 Az\u0259rbaycan aras\u0131nda dostluq m&uuml;nasib\u0259tl\u0259ri ild\u0259n-il\u0259 m&ouml;hk\u0259ml\u0259nir, \u0259mt\u0259\u0259 d&ouml;vriyy\u0259si durmadan art\u0131r. Moskva pi\u015ftaxtalar\u0131na g&uuml;nd\u0259lik formatda v\u0259 iri h\u0259cmd\u0259 mallar daxil olur. T\u0259cr&uuml;b\u0259 g&ouml;st\u0259rir ki, Moskvada Az\u0259rbaycan m\u0259hsullar\u0131n\u0131 &ccedil;ox sevir v\u0259 b\u0259y\u0259nirl\u0259r. &Uuml;mid edir\u0259m ki, bu mallar\u0131n miqdar\u0131 g&uuml;n&uuml;-g&uuml;nd\u0259n artacaq&rdquo;.<\/strong><\/p>\n<p>Ucnoqta.az &quot;&Ouml;lk\u0259.az&quot;a istinad\u0259n x\u0259b\u0259r verir ki, bu bar\u0259d\u0259 jurnalistl\u0259r\u0259 Moskva H&ouml;kum\u0259tinin naziri, Ticar\u0259t v\u0259 Xidm\u0259tl\u0259r Departamentinin r\u0259hb\u0259ri Aleksey Nemeryuk Moskvan\u0131n Tver meydan\u0131nda Az\u0259rbaycan \u015f\u0259h\u0259rciyinin a&ccedil;\u0131l\u0131\u015f m\u0259rasimind\u0259 bildirib.<\/p>\n<p>A.Nemeryuk qeyd edib ki, s\u0259rgid\u0259 &ccedil;ox g&ouml;z\u0259l &ccedil;ay n&ouml;vl\u0259rini g&ouml;rm\u0259k, Az\u0259rbaycan\u0131n m\u0259d\u0259niyy\u0259ti, turizm potensial\u0131 il\u0259 tan\u0131\u015f olmaq, ustad d\u0259rsl\u0259rind\u0259 i\u015ftirak etm\u0259k olar. O deyib: &ldquo;Az\u0259rbaycan &ccedil;ox maraql\u0131 &ouml;lk\u0259dir, orada g&ouml;rm\u0259li &ccedil;ox \u015fey var. &Uuml;midvaram ki, bu g&uuml;n\u0259\u015fli g&uuml;nl\u0259rd\u0259 s\u0259rgiy\u0259 g\u0259l\u0259n moskval\u0131lar daha sonra Az\u0259rbaycan\u0131 turist qismind\u0259 ziyar\u0259t ed\u0259c\u0259kl\u0259r. Biz d\u0259 &ouml;z ad\u0131m\u0131zdan b&uuml;t&uuml;n az\u0259rbaycanl\u0131lar\u0131 Moskvaya d\u0259v\u0259t edirik&rdquo;.<\/p>\n<p>Moskva meriyas\u0131n\u0131n n&uuml;may\u0259nd\u0259si Az\u0259rbaycan &ccedil;ay\u0131n\u0131 &ccedil;ox xo\u015flad\u0131\u011f\u0131n\u0131 bildirib. A.Nemeryuk deyib: &ldquo;Son 5 ild\u0259 m\u0259n yaln\u0131z Az\u0259rbaycan &ccedil;ay\u0131 i&ccedil;ir\u0259m. Bu, &ccedil;ox keyfiyy\u0259tli v\u0259 yax\u015f\u0131 m\u0259hsuldur. Sizd\u0259 haz\u0131rlanan nar \u015fir\u0259si v\u0259 m&uuml;r\u0259bb\u0259l\u0259r d\u0259 m\u0259nim &ccedil;ox xo\u015fuma g\u0259lir. Rusiyada m&uuml;r\u0259bb\u0259ni sevirl\u0259r, \u0259fsuslar olsun ki, bizd\u0259 bu q\u0259d\u0259r &ccedil;e\u015fid yoxdur. Bu s\u0259b\u0259bd\u0259n m\u0259n &uuml;mid edir\u0259m ki, moskval\u0131lar s\u0259rgid\u0259 Az\u0259rbaycan m\u0259hsullar\u0131 il\u0259 tan\u0131\u015f olacaq, daha sonra onlar\u0131 paytaxt ma\u011fazalar\u0131nda \u0259ld\u0259 ed\u0259 bil\u0259c\u0259kl\u0259r&rdquo;.<\/p>\n<p>Moskva H&ouml;kum\u0259ti Departamentinin r\u0259hb\u0259ri paytaxtda &ccedil;oxlu sayda az\u0259rbaycanl\u0131lar\u0131n ya\u015fad\u0131\u011f\u0131n\u0131 xat\u0131rladaraq deyib: &ldquo;Art\u0131q tarix\u0259n yaranm\u0131\u015f m&uuml;\u0259yy\u0259n sah\u0259l\u0259r var ki, orada biz az\u0259rbaycanl\u0131lar olmadan ke&ccedil;in\u0259 bilmirik. \u018flb\u0259tt\u0259, biz &ccedil;ox \u015fad\u0131q ki, s\u0259fir bu m\u0259s\u0259l\u0259y\u0259 b&ouml;y&uuml;k diqq\u0259t ay\u0131r\u0131r v\u0259 b&uuml;t&ouml;vl&uuml;kd\u0259, Moskva v\u0259 Az\u0259rbaycan aras\u0131nda s\u0131x qar\u015f\u0131l\u0131ql\u0131 f\u0259aliyy\u0259t m&ouml;vcuddur. &Uuml;midvaram ki, \u0259m\u0259kda\u015fl\u0131\u011f\u0131m\u0131z &ccedil;\u0259r&ccedil;iv\u0259sind\u0259 at\u0131lan n&ouml;vb\u0259ti add\u0131m olan bu s\u0259rgi m&uuml;t\u0259madi hal alacaq. Burada h\u0259m Az\u0259rbaycandan g\u0259lmi\u015f istehsal&ccedil;\u0131lar, h\u0259m d\u0259 art\u0131q moskval\u0131 v\u0259 respublikan\u0131n Moskvada, &uuml;mumilikd\u0259 Rusiyada n&uuml;may\u0259nd\u0259l\u0259rin\u0259 &ccedil;evrilmi\u015f az\u0259rbaycanl\u0131lar i\u015ftirak edirl\u0259r&rdquo;.<\/p>\n","protected":false},"excerpt":{"rendered":"<p>&ldquo;Rusiya il\u0259 Az\u0259rbaycan aras\u0131nda dostluq m&uuml;nasib\u0259tl\u0259ri ild\u0259n-il\u0259 m&ouml;hk\u0259ml\u0259nir, \u0259mt\u0259\u0259 d&ouml;vriyy\u0259si durmadan art\u0131r. Moskva pi\u015ftaxtalar\u0131na g&uuml;nd\u0259lik formatda v\u0259 iri h\u0259cmd\u0259 mallar daxil olur. T\u0259cr&uuml;b\u0259 g&ouml;st\u0259rir ki, Moskvada Az\u0259rbaycan m\u0259hsullar\u0131n\u0131 &ccedil;ox sevir&hellip;<\/p>\n","protected":false},"author":1,"featured_media":251278,"comment_status":"open","ping_status":"open","sticky":false,"template":"","format":"standard","meta":{"_lmt_disableupdate":"","_lmt_disable":"","footnotes":""},"categories":[],"tags":[],"class_list":["post-69963","post","type-post","status-publish","format-standard","has-post-thumbnail","hentry"],"_links":{"self":[{"href":"https:\/\/ucnoqta.az\/index.php?rest_route=\/wp\/v2\/posts\/69963","targetHints":{"allow":["GET"]}}],"collection":[{"href":"https:\/\/ucnoqta.az\/index.php?rest_route=\/wp\/v2\/posts"}],"about":[{"href":"https:\/\/ucnoqta.az\/index.php?rest_route=\/wp\/v2\/types\/post"}],"author":[{"embeddable":true,"href":"https:\/\/ucnoqta.az\/index.php?rest_route=\/wp\/v2\/users\/1"}],"replies":[{"embeddable":true,"href":"https:\/\/ucnoqta.az\/index.php?rest_route=%2Fwp%2Fv2%2Fcomments&post=69963"}],"version-history":[{"count":0,"href":"https:\/\/ucnoqta.az\/index.php?rest_route=\/wp\/v2\/posts\/69963\/revisions"}],"wp:featuredmedia":[{"embeddable":true,"href":"https:\/\/ucnoqta.az\/index.php?rest_route=\/wp\/v2\/media\/251278"}],"wp:attachment":[{"href":"https:\/\/ucnoqta.az\/index.php?rest_route=%2Fwp%2Fv2%2Fmedia&parent=69963"}],"wp:term":[{"taxonomy":"category","embeddable":true,"href":"https:\/\/ucnoqta.az\/index.php?rest_route=%2Fwp%2Fv2%2Fcategories&post=69963"},{"taxonomy":"post_tag","embeddable":true,"href":"https:\/\/ucnoqta.az\/index.php?rest_route=%2Fwp%2Fv2%2Ftags&post=69963"}],"curies":[{"name":"wp","href":"https:\/\/api.w.org\/{rel}","templated":true}]}}