{"id":69960,"date":"2018-10-18T20:49:38","date_gmt":"2018-10-18T16:49:38","guid":{"rendered":""},"modified":"-0001-11-30T00:00:00","modified_gmt":"-0001-11-29T20:00:00","slug":"","status":"publish","type":"post","link":"https:\/\/ucnoqta.az\/?p=69960","title":{"rendered":"Az\u0259rbaycanl\u0131 eks-m\u00fc\u015favirin k\u00fcr\u0259k\u0259ni bel\u0259 g\u00fcll\u0259l\u0259ndi &#8211; <font color=red><b>Video<\/b><\/font>"},"content":{"rendered":"<p><strong>Az\u0259rbaycan\u0131n ba\u015f nazirinin ke&ccedil;mi\u015f m&uuml;\u015faviri Musa M\u0259mm\u0259dovun k&uuml;r\u0259k\u0259ni, i\u015f adam\u0131 Mustafa Erkin Karaman\u0131n g&uuml;ll\u0259l\u0259nm\u0259 an\u0131n\u0131n g&ouml;r&uuml;nt&uuml;s&uuml; yay\u0131l\u0131b.<\/strong><\/p>\n<p>&nbsp;Beykozda ba\u015f vermi\u015f hadis\u0259 zaman\u0131 Karaman l&uuml;ks avtomobilind\u0259 h\u0259r\u0259k\u0259td\u0259 olark\u0259n nam\u0259lum \u015f\u0259xs 5 d\u0259f\u0259 at\u0259\u015f a&ccedil;\u0131b. G&uuml;ll\u0259l\u0259rd\u0259n 2-si i\u015f adam\u0131na d\u0259yib. Karaman yaral\u0131 halda hadis\u0259 yerind\u0259n uzaqla\u015f\u0131b. Daha sonra is\u0259 o, t\u0259cili yard\u0131mla &ouml;z\u0259l x\u0259st\u0259xanalardan birin\u0259 yerl\u0259\u015fdirilib. At\u0259\u015f a&ccedil;an \u015f\u0259xs is\u0259 qa&ccedil;ma\u011f\u0131 bacar\u0131b.<br \/>\n\u0130nsidentin ba\u015f verdiyi yer\u0259 &ccedil;ox sayda polis hey\u0259ti c\u0259lb olunub. Axtar\u0131\u015flardan sonra cinay\u0259ti t&ouml;r\u0259d\u0259n 2 n\u0259f\u0259r tutulub v\u0259 onlardan 1 tapan&ccedil;a, 2 ov t&uuml;f\u0259ngi g&ouml;t&uuml;r&uuml;l&uuml;b. \u0130stintaq davam edir.&nbsp;<\/p>\n<p>Qeyd ed\u0259k ki, Mustafa Erkin Karaman 2012-ci ild\u0259 G&uuml;nel M\u0259mm\u0259dova il\u0259 &Ccedil;\u0131ra\u011fan saray\u0131nda ail\u0259 qurub.qafqazinfo<\/p>\n<p><iframe allow=\"autoplay\" allowfullscreen=\"\" frameborder=\"0\" height=\"270\" src=\"https:\/\/www.dailymotion.com\/embed\/video\/x6voh43\" width=\"480\"><\/iframe><\/p>\n","protected":false},"excerpt":{"rendered":"<p>Az\u0259rbaycan\u0131n ba\u015f nazirinin ke&ccedil;mi\u015f m&uuml;\u015faviri Musa M\u0259mm\u0259dovun k&uuml;r\u0259k\u0259ni, i\u015f adam\u0131 Mustafa Erkin Karaman\u0131n g&uuml;ll\u0259l\u0259nm\u0259 an\u0131n\u0131n g&ouml;r&uuml;nt&uuml;s&uuml; yay\u0131l\u0131b. &nbsp;Beykozda ba\u015f vermi\u015f hadis\u0259 zaman\u0131 Karaman l&uuml;ks avtomobilind\u0259 h\u0259r\u0259k\u0259td\u0259 olark\u0259n nam\u0259lum \u015f\u0259xs 5&hellip;<\/p>\n","protected":false},"author":1,"featured_media":251278,"comment_status":"open","ping_status":"open","sticky":false,"template":"","format":"standard","meta":{"_lmt_disableupdate":"","_lmt_disable":"","footnotes":""},"categories":[],"tags":[],"class_list":["post-69960","post","type-post","status-publish","format-standard","has-post-thumbnail","hentry"],"_links":{"self":[{"href":"https:\/\/ucnoqta.az\/index.php?rest_route=\/wp\/v2\/posts\/69960","targetHints":{"allow":["GET"]}}],"collection":[{"href":"https:\/\/ucnoqta.az\/index.php?rest_route=\/wp\/v2\/posts"}],"about":[{"href":"https:\/\/ucnoqta.az\/index.php?rest_route=\/wp\/v2\/types\/post"}],"author":[{"embeddable":true,"href":"https:\/\/ucnoqta.az\/index.php?rest_route=\/wp\/v2\/users\/1"}],"replies":[{"embeddable":true,"href":"https:\/\/ucnoqta.az\/index.php?rest_route=%2Fwp%2Fv2%2Fcomments&post=69960"}],"version-history":[{"count":0,"href":"https:\/\/ucnoqta.az\/index.php?rest_route=\/wp\/v2\/posts\/69960\/revisions"}],"wp:featuredmedia":[{"embeddable":true,"href":"https:\/\/ucnoqta.az\/index.php?rest_route=\/wp\/v2\/media\/251278"}],"wp:attachment":[{"href":"https:\/\/ucnoqta.az\/index.php?rest_route=%2Fwp%2Fv2%2Fmedia&parent=69960"}],"wp:term":[{"taxonomy":"category","embeddable":true,"href":"https:\/\/ucnoqta.az\/index.php?rest_route=%2Fwp%2Fv2%2Fcategories&post=69960"},{"taxonomy":"post_tag","embeddable":true,"href":"https:\/\/ucnoqta.az\/index.php?rest_route=%2Fwp%2Fv2%2Ftags&post=69960"}],"curies":[{"name":"wp","href":"https:\/\/api.w.org\/{rel}","templated":true}]}}