{"id":69957,"date":"2018-10-18T20:16:09","date_gmt":"2018-10-18T16:16:09","guid":{"rendered":""},"modified":"-0001-11-30T00:00:00","modified_gmt":"-0001-11-29T20:00:00","slug":"","status":"publish","type":"post","link":"https:\/\/ucnoqta.az\/?p=69957","title":{"rendered":"Az\u0259rbaycanl\u0131 deputatlar G\u00fcrc\u00fcstandak\u0131 prezident se\u00e7kil\u0259rini m\u00fc\u015fahid\u0259 ed\u0259c\u0259k"},"content":{"rendered":"<p><strong>&quot;Mili M\u0259clisin &uuml;zvl\u0259ri oktyabr\u0131n 28-d\u0259 G&uuml;rc&uuml;standa ke&ccedil;iril\u0259c\u0259k prezident se&ccedil;kil\u0259rini m&uuml;\u015fahid\u0259 ed\u0259c\u0259kl\u0259r&quot;.<\/strong><\/p>\n<p>Ucnoqta.az &ldquo;Report&rdquo;a istinad\u0259n&nbsp;x\u0259b\u0259r verir ki, bunu jurnalistl\u0259r\u0259 Milli M\u0259clisin &uuml;zv&uuml;, Az\u0259rbaycan-G&uuml;rc&uuml;stan parlamentl\u0259raras\u0131 dostluq qrupunun r\u0259hb\u0259ri \u018fflatun Ama\u015fov deyib. Onun s&ouml;zl\u0259rin\u0259 g&ouml;r\u0259, az\u0259rbaycanl\u0131 deputatlar\u0131n G&uuml;rc&uuml;stana m&uuml;\u015fahid\u0259&ccedil;i kimi g&ouml;nd\u0259rilm\u0259si m\u0259s\u0259l\u0259si il\u0259 ba\u011fl\u0131 haz\u0131rda m\u0259sl\u0259h\u0259tl\u0259\u015fm\u0259l\u0259r apar\u0131l\u0131r.<\/p>\n<p>Qeyd ed\u0259k ki, qon\u015fu &ouml;lk\u0259d\u0259ki prezident se&ccedil;kil\u0259rini Az\u0259rbaycan\u0131n M\u0259rk\u0259zi Se&ccedil;ki Komissiyas\u0131n\u0131n 4 n\u0259f\u0259rd\u0259n ibar\u0259t n&uuml;may\u0259nd\u0259 hey\u0259ti d\u0259 izl\u0259y\u0259c\u0259k.&nbsp;<\/p>\n","protected":false},"excerpt":{"rendered":"<p>&quot;Mili M\u0259clisin &uuml;zvl\u0259ri oktyabr\u0131n 28-d\u0259 G&uuml;rc&uuml;standa ke&ccedil;iril\u0259c\u0259k prezident se&ccedil;kil\u0259rini m&uuml;\u015fahid\u0259 ed\u0259c\u0259kl\u0259r&quot;. Ucnoqta.az &ldquo;Report&rdquo;a istinad\u0259n&nbsp;x\u0259b\u0259r verir ki, bunu jurnalistl\u0259r\u0259 Milli M\u0259clisin &uuml;zv&uuml;, Az\u0259rbaycan-G&uuml;rc&uuml;stan parlamentl\u0259raras\u0131 dostluq qrupunun r\u0259hb\u0259ri \u018fflatun Ama\u015fov deyib. Onun&hellip;<\/p>\n","protected":false},"author":1,"featured_media":251278,"comment_status":"open","ping_status":"open","sticky":false,"template":"","format":"standard","meta":{"_lmt_disableupdate":"","_lmt_disable":"","footnotes":""},"categories":[89],"tags":[],"class_list":["post-69957","post","type-post","status-publish","format-standard","has-post-thumbnail","hentry","category-dunya-butun-xeberler"],"_links":{"self":[{"href":"https:\/\/ucnoqta.az\/index.php?rest_route=\/wp\/v2\/posts\/69957","targetHints":{"allow":["GET"]}}],"collection":[{"href":"https:\/\/ucnoqta.az\/index.php?rest_route=\/wp\/v2\/posts"}],"about":[{"href":"https:\/\/ucnoqta.az\/index.php?rest_route=\/wp\/v2\/types\/post"}],"author":[{"embeddable":true,"href":"https:\/\/ucnoqta.az\/index.php?rest_route=\/wp\/v2\/users\/1"}],"replies":[{"embeddable":true,"href":"https:\/\/ucnoqta.az\/index.php?rest_route=%2Fwp%2Fv2%2Fcomments&post=69957"}],"version-history":[{"count":0,"href":"https:\/\/ucnoqta.az\/index.php?rest_route=\/wp\/v2\/posts\/69957\/revisions"}],"wp:featuredmedia":[{"embeddable":true,"href":"https:\/\/ucnoqta.az\/index.php?rest_route=\/wp\/v2\/media\/251278"}],"wp:attachment":[{"href":"https:\/\/ucnoqta.az\/index.php?rest_route=%2Fwp%2Fv2%2Fmedia&parent=69957"}],"wp:term":[{"taxonomy":"category","embeddable":true,"href":"https:\/\/ucnoqta.az\/index.php?rest_route=%2Fwp%2Fv2%2Fcategories&post=69957"},{"taxonomy":"post_tag","embeddable":true,"href":"https:\/\/ucnoqta.az\/index.php?rest_route=%2Fwp%2Fv2%2Ftags&post=69957"}],"curies":[{"name":"wp","href":"https:\/\/api.w.org\/{rel}","templated":true}]}}