{"id":69956,"date":"2018-10-18T17:30:36","date_gmt":"2018-10-18T13:30:36","guid":{"rendered":""},"modified":"-0001-11-30T00:00:00","modified_gmt":"-0001-11-29T20:00:00","slug":"","status":"publish","type":"post","link":"https:\/\/ucnoqta.az\/?p=69956","title":{"rendered":"Moskvada \u201cAz\u0259rbaycan\u0131n pay\u0131z sovqatlar\u0131\u201d adl\u0131 \u015f\u0259h\u0259rcik a\u00e7\u0131l\u0131b"},"content":{"rendered":"<p><strong>Heyd\u0259r \u018fliyev Fondunun t\u0259\u015fkilat&ccedil;\u0131l\u0131\u011f\u0131 il\u0259 Moskvada &ldquo;Az\u0259rbaycan\u0131n pay\u0131z sovqatlar\u0131&rdquo; adl\u0131 \u015f\u0259h\u0259rcik a&ccedil;\u0131l\u0131b <\/strong><\/p>\n<p>Heyd\u0259r \u018fliyev Fondu, Az\u0259rbaycan\u0131n Rusiyadak\u0131 s\u0259firliyi v\u0259 Moskva h&ouml;kum\u0259tinin t\u0259\u015fkilat&ccedil;\u0131l\u0131\u011f\u0131, Az\u0259rbaycan\u0131n \u0130qtisadiyyat Nazirliyinin d\u0259st\u0259yi il\u0259 oktyabr\u0131n 17-d\u0259n 21-d\u0259k Moskvan\u0131n Tver meydan\u0131nda &ldquo;Az\u0259rbaycan\u0131n pay\u0131z sovqatlar\u0131&rdquo; adl\u0131 \u015f\u0259h\u0259rcik f\u0259aliyy\u0259t g&ouml;st\u0259r\u0259c\u0259k.<br \/>\nOktyabr\u0131n 18-d\u0259 \u015f\u0259h\u0259rciyin t\u0259nt\u0259n\u0259li a&ccedil;\u0131l\u0131\u015f m\u0259rasimind\u0259 Heyd\u0259r \u018fliyev Fondunun icra&ccedil;\u0131 direktoru Anar \u018fl\u0259kb\u0259rov, Moskva h&ouml;kum\u0259tinin naziri, ticar\u0259t v\u0259 xidm\u0259tl\u0259r departamentinin r\u0259hb\u0259ri Aleksey Nemeryuk, Az\u0259rbaycan\u0131n Rusiyadak\u0131 s\u0259firi Polad B&uuml;lb&uuml;lo\u011flu v\u0259 dig\u0259r r\u0259smi \u015f\u0259xsl\u0259r i\u015ftirak edibl\u0259r.<\/p>\n<p>Moskva h&ouml;kum\u0259tinin naziri, ticar\u0259t v\u0259 xidm\u0259tl\u0259r departamentinin r\u0259hb\u0259ri Aleksey Nemeryuk a&ccedil;\u0131l\u0131\u015f m\u0259rasimind\u0259 &ccedil;\u0131x\u0131\u015f ed\u0259r\u0259k bildirib ki, burada Az\u0259rbaycanda istehsal olunan \u0259n yax\u015f\u0131 m\u0259hsullar t\u0259qdim edilir. O deyib: &ldquo;Bu g&uuml;n ilk d\u0259f\u0259 Moskvada bu formatda Az\u0259rbaycan g&uuml;nl\u0259ri ke&ccedil;irilir. Az\u0259rbaycan\u0131n \u0259n yax\u015f\u0131 istehsal&ccedil;\u0131lar\u0131 Moskvada &ouml;z m\u0259hsullar\u0131n\u0131 n&uuml;mayi\u015f etdirirl\u0259r. Biz bu g&uuml;n Tver meydan\u0131na g\u0259l\u0259n h\u0259r k\u0259si g&ouml;rm\u0259kd\u0259n m\u0259mnunluq duyuruq. Burada h\u0259r \u015fey g&ouml;z\u0259l t\u0259\u015fkil olunub. \u015e\u0259h\u0259rcikd\u0259 Az\u0259rbaycan m\u0259hsullar\u0131 n&uuml;mayi\u015f etdirilir, ziyar\u0259t&ccedil;il\u0259r ustad d\u0259rsl\u0259rind\u0259 i\u015ftirak ed\u0259 bil\u0259c\u0259kl\u0259r. Bir ne&ccedil;\u0259 g&uuml;n \u0259rzind\u0259 burada maraql\u0131 t\u0259dbirl\u0259r ke&ccedil;iril\u0259c\u0259k. &Uuml;mid edirik ki, bel\u0259 t\u0259dbirl\u0259r m&uuml;t\u0259madi t\u0259\u015fkil olunacaq. Moskvaya xo\u015f g\u0259lmisiniz!&rdquo;.<\/p>\n<p>Az\u0259rbaycan\u0131n Rusiyadak\u0131 s\u0259firi Polad B&uuml;lb&uuml;lo\u011flu Az\u0259rbaycan m\u0259hsullar\u0131n\u0131n n&uuml;mayi\u015fi &uuml;&ccedil;&uuml;n \u015f\u0259rait yarad\u0131ld\u0131\u011f\u0131na g&ouml;r\u0259 Moskva h&ouml;kum\u0259tin\u0259, Rusiya paytaxt\u0131n\u0131n meri Sergey Sobyanin\u0259 t\u0259\u015f\u0259kk&uuml;r&uuml;n&uuml; bildirib. O deyib: &ldquo;Az\u0259rbaycan il\u0259 Rusiya aras\u0131nda mehriban qon\u015fuluq, strateji t\u0259r\u0259fda\u015fl\u0131q m&uuml;nasib\u0259tl\u0259ri m&ouml;vcuddur. Biz \u015fad\u0131q ki, bu m&uuml;nasib\u0259tl\u0259rd\u0259 Rusiya paytaxt\u0131n\u0131n x&uuml;susi yeri var. Moskva meri Sergey Sobyaninin Bak\u0131ya s\u0259f\u0259ri zaman\u0131 olduqca m\u0259hsuldar dan\u0131\u015f\u0131qlar apar\u0131l\u0131b&rdquo;.<\/p>\n<p>S\u0259fir s\u0259rginin t\u0259\u015fkilin\u0259 g&ouml;r\u0259 Heyd\u0259r \u018fliyev Fondunun prezidenti Mehriban \u018fliyevaya t\u0259\u015f\u0259kk&uuml;r&uuml;n&uuml; bildirib. &ldquo;Bu g&uuml;n t\u0259\u015fkil olunan s\u0259rgi Moskva h&ouml;kum\u0259ti il\u0259 Az\u0259rbaycan h&ouml;kum\u0259ti aras\u0131nda \u0259m\u0259kda\u015fl\u0131\u011f\u0131n t\u0259zah&uuml;r&uuml;d&uuml;r. M\u0259n \u015f\u0259h\u0259rciyin g&ouml;z\u0259l t\u0259\u015fkilin\u0259 g&ouml;r\u0259 Heyd\u0259r \u018fliyev Fonduna, Fondun prezidenti Mehriban \u018fliyevaya t\u0259\u015f\u0259kk&uuml;r&uuml;m&uuml; bildirm\u0259k ist\u0259yir\u0259m. Heyd\u0259r \u018fliyev Fondu b&uuml;t&uuml;n d&uuml;nyada Az\u0259rbaycan\u0131n tan\u0131d\u0131lmas\u0131 istiqam\u0259tind\u0259 b&ouml;y&uuml;k i\u015fl\u0259r g&ouml;r&uuml;r. M\u0259n Az\u0259rbaycan\u0131n Rusiyadak\u0131 s\u0259firi kimi &ccedil;ox \u015fadam ki, Az\u0259rbaycan m\u0259d\u0259niyy\u0259tini t\u0259bli\u011f ed\u0259n Heyd\u0259r \u018fliyev Fondunun x\u0259tti il\u0259 Moskvada da &ccedil;oxsayl\u0131 t\u0259dbirl\u0259r ke&ccedil;irilir&rdquo;, &#8211; dey\u0259 diplomat bildirib.<\/p>\n<p>Polad B&uuml;lb&uuml;lo\u011flu s\u0259rgid\u0259 Az\u0259rbaycan\u0131n turizm potensial\u0131n\u0131 \u0259ks etdir\u0259n materiallar\u0131n oldu\u011funu da qeyd edib, moskval\u0131lar\u0131 Az\u0259rbaycana d\u0259v\u0259t edib. O, h\u0259m&ccedil;inin bel\u0259 s\u0259rgil\u0259rin \u0259n\u0259n\u0259vi ke&ccedil;iril\u0259c\u0259yin\u0259 &uuml;midvar oldu\u011funu bildirib.<\/p>\n<p>\u015e\u0259h\u0259rcikd\u0259 Az\u0259rbaycan m\u0259d\u0259niyy\u0259ti v\u0259 tarixi, milli m\u0259tb\u0259x n&uuml;mun\u0259l\u0259ri t\u0259qdim edilir, misg\u0259rlik, xal&ccedil;a&ccedil;\u0131l\u0131q, m&uuml;xt\u0259lif s\u0259n\u0259tkarl\u0131q n&ouml;vl\u0259ri &uuml;zr\u0259 m\u0259hsullar n&uuml;mayi\u015f etdirilir. Be\u015f g&uuml;n \u0259rzind\u0259 Az\u0259rbaycan m\u0259d\u0259niyy\u0259tinin t\u0259bli\u011fi &ccedil;\u0259r&ccedil;iv\u0259sind\u0259 konsert v\u0259 s\u0259rgil\u0259r t\u0259\u015fkil olunacaq, \u015f\u0259h\u0259rciy\u0259 g\u0259l\u0259nl\u0259r\u0259 Az\u0259rbaycan\u0131n m&uuml;xt\u0259lif milli s\u0259n\u0259tkarl\u0131q n&uuml;mun\u0259l\u0259rinin haz\u0131rlanmas\u0131 v\u0259 milli r\u0259qsl\u0259r, musiqi al\u0259tl\u0259rind\u0259 ifa &uuml;zr\u0259 ustad d\u0259rsl\u0259ri d\u0259 ke&ccedil;iril\u0259c\u0259k.<\/p>\n<p>T\u0259dbir &ccedil;\u0259r&ccedil;iv\u0259sind\u0259 Az\u0259rbaycan m\u0259tb\u0259xini t\u0259qdim ed\u0259n restoranlar, &ccedil;ay evi, Az\u0259rbaycanda istehsal olunan m&uuml;xt\u0259lif m\u0259hsullar\u0131n sat\u0131\u015f\u0131 t\u0259\u015fkil edilib. H\u0259m&ccedil;inin &ldquo;I Love Baku&rdquo; milli suvenir brendinin m\u0259hsullar\u0131 t\u0259qdim edilir. Heyd\u0259r \u018fliyev Fondunun m&uuml;xt\u0259lif n\u0259\u015frl\u0259ri Moskva sakinl\u0259rin\u0259 v\u0259 Rusiya paytaxt\u0131n\u0131n qonaqlar\u0131na &ouml;lk\u0259mizin m\u0259d\u0259niyy\u0259ti, tarixi, insanlar\u0131, inc\u0259s\u0259n\u0259ti v\u0259 milli m\u0259tb\u0259ximiz bar\u0259d\u0259 \u0259trafl\u0131 m\u0259lumat \u0259ld\u0259 etm\u0259kd\u0259 yard\u0131m&ccedil;\u0131 olacaq.<\/p>\n<p>\u015e\u0259h\u0259rciyin f\u0259aliyy\u0259t g&ouml;st\u0259rdiyi g&uuml;nl\u0259rd\u0259 D&ouml;vl\u0259t R\u0259qs Ansambl\u0131 v\u0259 D&ouml;vl\u0259t \u0130nstrumental Ansambl\u0131n\u0131n, Xalq artisti \u018fnv\u0259r Sad\u0131qovun r\u0259hb\u0259rliyi il\u0259 &ldquo;Qayta\u011f\u0131&rdquo; ansambl\u0131n\u0131n &ccedil;\u0131x\u0131\u015flar\u0131 olacaq, \u015e\u0259hriyar \u0130manovun m&uuml;\u015fayi\u0259ti il\u0259 musiqi proqram\u0131 t\u0259qdim edil\u0259c\u0259k.<\/p>\n<p>\u015e\u0259h\u0259rciy\u0259 g\u0259l\u0259nl\u0259r r\u0259ngar\u0259ng \u0259rzaq &ccedil;e\u015fidl\u0259ri v\u0259 suvenirl\u0259r almaq, m&uuml;xt\u0259lif ustad d\u0259rsl\u0259rind\u0259 i\u015ftirak etm\u0259k, fotos\u0259rgi il\u0259 tan\u0131\u015f olmaq, yarad\u0131c\u0131 kollektivl\u0259rin &ccedil;\u0131x\u0131\u015flar\u0131na baxmaq v\u0259 pe\u015f\u0259kar a\u015fpazlardan milli x&ouml;r\u0259kl\u0259rin haz\u0131rlanmas\u0131 s\u0259n\u0259tini &ouml;yr\u0259nm\u0259k imkan\u0131 \u0259ld\u0259 ed\u0259c\u0259kl\u0259r. T\u0259dbirin qonaqlar\u0131 Az\u0259rbaycan m\u0259tb\u0259xinin n&uuml;mun\u0259l\u0259rinin dad\u0131na da baxa bil\u0259c\u0259kl\u0259r.<\/p>\n","protected":false},"excerpt":{"rendered":"<p>Heyd\u0259r \u018fliyev Fondunun t\u0259\u015fkilat&ccedil;\u0131l\u0131\u011f\u0131 il\u0259 Moskvada &ldquo;Az\u0259rbaycan\u0131n pay\u0131z sovqatlar\u0131&rdquo; adl\u0131 \u015f\u0259h\u0259rcik a&ccedil;\u0131l\u0131b Heyd\u0259r \u018fliyev Fondu, Az\u0259rbaycan\u0131n Rusiyadak\u0131 s\u0259firliyi v\u0259 Moskva h&ouml;kum\u0259tinin t\u0259\u015fkilat&ccedil;\u0131l\u0131\u011f\u0131, Az\u0259rbaycan\u0131n \u0130qtisadiyyat Nazirliyinin d\u0259st\u0259yi il\u0259 oktyabr\u0131n 17-d\u0259n 21-d\u0259k&hellip;<\/p>\n","protected":false},"author":1,"featured_media":251278,"comment_status":"open","ping_status":"open","sticky":false,"template":"","format":"standard","meta":{"_lmt_disableupdate":"","_lmt_disable":"","footnotes":""},"categories":[],"tags":[],"class_list":["post-69956","post","type-post","status-publish","format-standard","has-post-thumbnail","hentry"],"_links":{"self":[{"href":"https:\/\/ucnoqta.az\/index.php?rest_route=\/wp\/v2\/posts\/69956","targetHints":{"allow":["GET"]}}],"collection":[{"href":"https:\/\/ucnoqta.az\/index.php?rest_route=\/wp\/v2\/posts"}],"about":[{"href":"https:\/\/ucnoqta.az\/index.php?rest_route=\/wp\/v2\/types\/post"}],"author":[{"embeddable":true,"href":"https:\/\/ucnoqta.az\/index.php?rest_route=\/wp\/v2\/users\/1"}],"replies":[{"embeddable":true,"href":"https:\/\/ucnoqta.az\/index.php?rest_route=%2Fwp%2Fv2%2Fcomments&post=69956"}],"version-history":[{"count":0,"href":"https:\/\/ucnoqta.az\/index.php?rest_route=\/wp\/v2\/posts\/69956\/revisions"}],"wp:featuredmedia":[{"embeddable":true,"href":"https:\/\/ucnoqta.az\/index.php?rest_route=\/wp\/v2\/media\/251278"}],"wp:attachment":[{"href":"https:\/\/ucnoqta.az\/index.php?rest_route=%2Fwp%2Fv2%2Fmedia&parent=69956"}],"wp:term":[{"taxonomy":"category","embeddable":true,"href":"https:\/\/ucnoqta.az\/index.php?rest_route=%2Fwp%2Fv2%2Fcategories&post=69956"},{"taxonomy":"post_tag","embeddable":true,"href":"https:\/\/ucnoqta.az\/index.php?rest_route=%2Fwp%2Fv2%2Ftags&post=69956"}],"curies":[{"name":"wp","href":"https:\/\/api.w.org\/{rel}","templated":true}]}}