{"id":69955,"date":"2018-10-18T19:12:09","date_gmt":"2018-10-18T15:12:09","guid":{"rendered":""},"modified":"-0001-11-30T00:00:00","modified_gmt":"-0001-11-29T20:00:00","slug":"","status":"publish","type":"post","link":"https:\/\/ucnoqta.az\/?p=69955","title":{"rendered":"Tramp Meksikan\u0131 h\u0259d\u0259l\u0259di"},"content":{"rendered":"<p><strong>AB\u015e prezidenti Donald Tramp Meksika il\u0259 s\u0259rh\u0259di ba\u011flayaca\u011f\u0131n\u0131 b\u0259yan edib.<\/strong><\/p>\n<p>Ucnoqta.az &ldquo;Qafqazinfo&rdquo;ya istinad\u0259n x\u0259b\u0259r verir ki, bu bar\u0259d\u0259 amerikal\u0131 lider tvitter hesab\u0131nda yaz\u0131b. Onun s&ouml;zl\u0259rin\u0259 g&ouml;r\u0259, \u0259g\u0259r \u015ftatlara M\u0259rk\u0259zi Amerikan\u0131n Qvatemala, Honduras, Salvador kimi &ouml;lk\u0259l\u0259rind\u0259n miqrant ax\u0131n\u0131 azalmasa, AB\u015e c\u0259nub s\u0259rh\u0259dini ba\u011flayacaq:<br \/>\n&ldquo;Liderl\u0259r (h\u0259min &ouml;lk\u0259l\u0259rin-red.) Meksikadan AB\u015e-a n&uuml;fuz ed\u0259n b&ouml;y&uuml;k insan, o c&uuml;ml\u0259d\u0259n cinay\u0259tkar ax\u0131n\u0131n\u0131 dayand\u0131rmaq &uuml;&ccedil;&uuml;n dem\u0259k olar ki, he&ccedil; n\u0259 etmirl\u0259r. M\u0259n bu t\u0259zyiqi dayand\u0131rma\u011f\u0131 Meksikadan \u0259n ciddi \u015f\u0259kild\u0259 xahi\u015f ed\u0259c\u0259m. \u018fg\u0259r onlar bunu ed\u0259 bilm\u0259s\u0259l\u0259r, o zaman m\u0259n AB\u015e Silahl\u0131 Q&uuml;vv\u0259l\u0259rin\u0259 m&uuml;raci\u0259t etm\u0259li v\u0259 c\u0259nub s\u0259rh\u0259dimizi ba\u011flamal\u0131 olacam&rdquo;.<\/p>\n<p>Amerikal\u0131 lider h\u0259m&ccedil;inin b\u0259yan edib ki, &ouml;z \u0259halisin\u0259 n\u0259zar\u0259t etm\u0259y\u0259n bu &uuml;&ccedil; &ouml;lk\u0259y\u0259 yard\u0131m\u0131 dayand\u0131rmaq niyy\u0259tind\u0259dir.&nbsp;<\/p>\n","protected":false},"excerpt":{"rendered":"<p>AB\u015e prezidenti Donald Tramp Meksika il\u0259 s\u0259rh\u0259di ba\u011flayaca\u011f\u0131n\u0131 b\u0259yan edib. Ucnoqta.az &ldquo;Qafqazinfo&rdquo;ya istinad\u0259n x\u0259b\u0259r verir ki, bu bar\u0259d\u0259 amerikal\u0131 lider tvitter hesab\u0131nda yaz\u0131b. Onun s&ouml;zl\u0259rin\u0259 g&ouml;r\u0259, \u0259g\u0259r \u015ftatlara M\u0259rk\u0259zi Amerikan\u0131n&hellip;<\/p>\n","protected":false},"author":1,"featured_media":251278,"comment_status":"open","ping_status":"open","sticky":false,"template":"","format":"standard","meta":{"_lmt_disableupdate":"","_lmt_disable":"","footnotes":""},"categories":[89],"tags":[],"class_list":["post-69955","post","type-post","status-publish","format-standard","has-post-thumbnail","hentry","category-dunya-butun-xeberler"],"_links":{"self":[{"href":"https:\/\/ucnoqta.az\/index.php?rest_route=\/wp\/v2\/posts\/69955","targetHints":{"allow":["GET"]}}],"collection":[{"href":"https:\/\/ucnoqta.az\/index.php?rest_route=\/wp\/v2\/posts"}],"about":[{"href":"https:\/\/ucnoqta.az\/index.php?rest_route=\/wp\/v2\/types\/post"}],"author":[{"embeddable":true,"href":"https:\/\/ucnoqta.az\/index.php?rest_route=\/wp\/v2\/users\/1"}],"replies":[{"embeddable":true,"href":"https:\/\/ucnoqta.az\/index.php?rest_route=%2Fwp%2Fv2%2Fcomments&post=69955"}],"version-history":[{"count":0,"href":"https:\/\/ucnoqta.az\/index.php?rest_route=\/wp\/v2\/posts\/69955\/revisions"}],"wp:featuredmedia":[{"embeddable":true,"href":"https:\/\/ucnoqta.az\/index.php?rest_route=\/wp\/v2\/media\/251278"}],"wp:attachment":[{"href":"https:\/\/ucnoqta.az\/index.php?rest_route=%2Fwp%2Fv2%2Fmedia&parent=69955"}],"wp:term":[{"taxonomy":"category","embeddable":true,"href":"https:\/\/ucnoqta.az\/index.php?rest_route=%2Fwp%2Fv2%2Fcategories&post=69955"},{"taxonomy":"post_tag","embeddable":true,"href":"https:\/\/ucnoqta.az\/index.php?rest_route=%2Fwp%2Fv2%2Ftags&post=69955"}],"curies":[{"name":"wp","href":"https:\/\/api.w.org\/{rel}","templated":true}]}}