{"id":69954,"date":"2018-10-18T17:06:23","date_gmt":"2018-10-18T13:06:23","guid":{"rendered":""},"modified":"-0001-11-30T00:00:00","modified_gmt":"-0001-11-29T20:00:00","slug":"","status":"publish","type":"post","link":"https:\/\/ucnoqta.az\/?p=69954","title":{"rendered":"Oqtay \u018fs\u0259dov \u0130taliya Senat\u0131n\u0131n s\u0259drini q\u0259bul edib"},"content":{"rendered":"<p><strong>Milli M\u0259clisin S\u0259dri Oqtay \u018fs\u0259dov&nbsp; \u0130taliya&nbsp; Respublikas\u0131&nbsp; Senat\u0131n\u0131n s\u0259dri xan\u0131m&nbsp; Maria&nbsp; Elizabetta Alberti&nbsp; Kasellatinin&nbsp; ba\u015f&ccedil;\u0131l\u0131q&nbsp; etdiyi&nbsp; n&uuml;may\u0259nd\u0259&nbsp; hey\u0259ti il\u0259&nbsp; g&ouml;r&uuml;\u015f&uuml;b.&nbsp;<\/strong><\/p>\n<p>Spiker&nbsp; n&uuml;may\u0259nd\u0259&nbsp; hey\u0259ti&nbsp; &uuml;zvl\u0259rini&nbsp; salamlayaraq&nbsp; \u0130taliya&nbsp; Senat\u0131&nbsp; s\u0259drinin&nbsp; &ouml;lk\u0259miz\u0259 ilk&nbsp; s\u0259f\u0259rinin&nbsp; \u0259laq\u0259l\u0259rimizin&nbsp; daha&nbsp; da inki\u015faf\u0131na &ouml;z&nbsp; t&ouml;hf\u0259sini ver\u0259c\u0259yin\u0259 inam\u0131n\u0131 ifad\u0259 edib. S&ouml;hb\u0259td\u0259&nbsp; bildirilib ki,&nbsp; \u0130taliya &ouml;lk\u0259mizin Avropada&nbsp; v\u0259 d&uuml;nyada&nbsp; m&uuml;h&uuml;m&nbsp; t\u0259r\u0259fda\u015flar\u0131ndan biridir.&nbsp; M&uuml;st\u0259qillik ill\u0259rind\u0259&nbsp; \u0130taliya il\u0259 s\u0131x&nbsp; dostluq&nbsp; tell\u0259ri&nbsp; qurulub. D&ouml;vl\u0259t&nbsp; ba\u015f&ccedil;\u0131lar\u0131n\u0131n qar\u015f\u0131l\u0131ql\u0131&nbsp; s\u0259f\u0259rl\u0259ri zaman\u0131 apar\u0131lan&nbsp; dan\u0131\u015f\u0131qlar m&uuml;nasib\u0259tl\u0259rimizin&nbsp; daha&nbsp; da&nbsp; d\u0259rinl\u0259\u015fm\u0259si&nbsp; &uuml;&ccedil;&uuml;n yax\u015f\u0131 imkanlar&nbsp; yaratd\u0131b.<br \/>\nAz\u0259rbaycan\u0131n Birinci Vitse-prezidenti xan\u0131m Mehriban \u018fliyevan\u0131n &ouml;t\u0259n ay \u0130taliyaya s\u0259f\u0259ri zaman\u0131 Az\u0259rbaycan Xalq C&uuml;mhuriyy\u0259tinin 100&nbsp; illiyi il\u0259 ba\u011fl\u0131 \u0130taliya&nbsp; Senat\u0131ndak\u0131&nbsp; konfransda&nbsp; i\u015ftirak\u0131&nbsp; v\u0259 s\u0259f\u0259r&nbsp; &ccedil;\u0259r&ccedil;iv\u0259sind\u0259&nbsp; ke&ccedil;iril\u0259n&nbsp; t\u0259dbirl\u0259r iki &ouml;lk\u0259nin bir-birin\u0259 verdiyi&nbsp; qar\u015f\u0131l\u0131ql\u0131&nbsp; d\u0259y\u0259rin bariz&nbsp; n&uuml;mun\u0259sidir.<\/p>\n<p>Bu g&uuml;n\u0259d\u0259k &ouml;lk\u0259l\u0259rimiz&nbsp; aras\u0131nda&nbsp; 44&nbsp; s\u0259n\u0259d&nbsp; imzalan\u0131b.&nbsp; Biz 2014-c&uuml; il iyulun 14-d\u0259 \u0130taliya&nbsp; Senat\u0131nda &ldquo;Strateji&nbsp; t\u0259r\u0259fda\u015fl\u0131q&nbsp; haqq\u0131nda&rdquo; Birg\u0259 B\u0259yannam\u0259nin q\u0259bul&nbsp; edilm\u0259sin\u0259 b&ouml;y&uuml;k \u0259h\u0259miyy\u0259t&nbsp; veririk.&nbsp; He&ccedil;&nbsp; d\u0259&nbsp; t\u0259sad&uuml;fi&nbsp; deyildir ki,&nbsp; \u0130taliya&nbsp; Avropada&nbsp; h\u0259m&nbsp; d\u0259 &ouml;lk\u0259mizin \u0259n m&uuml;h&uuml;m&nbsp; ticar\u0259t&nbsp; t\u0259r\u0259fda\u015f\u0131d\u0131r.&nbsp; T\u0259kc\u0259&nbsp; cari ilin 9 ay\u0131 \u0259rzind\u0259 iki &ouml;lk\u0259 aras\u0131nda&nbsp; ticar\u0259t&nbsp; d&ouml;vriyy\u0259sinin h\u0259cmi&nbsp; 3,7 milyard&nbsp; AB\u015e dollar\u0131&nbsp; h\u0259cmind\u0259 olmu\u015fdur. Biz&nbsp; bu&nbsp; g&ouml;st\u0259ricini&nbsp; g\u0259l\u0259c\u0259kd\u0259&nbsp; daha da&nbsp; y&uuml;ks\u0259ltm\u0259k niyy\u0259tind\u0259yik. Qar\u015f\u0131l\u0131ql\u0131 biznes&nbsp; forumlar\u0131n\u0131n m&uuml;t\u0259madi&nbsp; ke&ccedil;irilm\u0259si,&nbsp; H&ouml;kum\u0259tl\u0259raras\u0131&nbsp; Komissiyan\u0131n f\u0259aliyy\u0259ti bu fikri s&ouml;yl\u0259m\u0259y\u0259 \u0259sas&nbsp; verir. Bu g&uuml;n Az\u0259rbaycanda m&uuml;xt\u0259lif sah\u0259l\u0259rd\u0259 50 \u0130taliya \u015firk\u0259ti&nbsp; f\u0259aliyy\u0259t&nbsp; g&ouml;st\u0259rir.<\/p>\n<p>S&ouml;hb\u0259td\u0259 S\u0259dr&nbsp; qeyd&nbsp; edib ki, Avropan\u0131n enerji&nbsp; t\u0259hl&uuml;k\u0259sizliyin\u0259 \u0259h\u0259miyy\u0259tli&nbsp; t&ouml;hf\u0259&nbsp; ver\u0259n Az\u0259rbaycanda t\u0259sdiq&nbsp; olunmu\u015f 2,5 trilyon kubmetr qaz&nbsp; ehtiyat\u0131&nbsp; vard\u0131r. Bu, 100 il \u0259rzind\u0259 biz\u0259 v\u0259&nbsp; t\u0259r\u0259fda\u015flar\u0131m\u0131za&nbsp; kifay\u0259t&nbsp; ed\u0259c\u0259k&nbsp; s\u0259viyy\u0259d\u0259dir.&nbsp; G\u0259l\u0259c\u0259kd\u0259 TANAP v\u0259 TAP boru&nbsp; k\u0259m\u0259rl\u0259ri&nbsp; Az\u0259rbaycan\u0131n t\u0259bii qaz\u0131n\u0131&nbsp; Avropa&nbsp; bazar\u0131na&nbsp; &ccedil;\u0131xaracaqd\u0131r. &Ouml;lk\u0259miz&nbsp; Q\u0259rbl\u0259&nbsp; m&uuml;nasib\u0259tl\u0259rd\u0259&nbsp; etibarl\u0131&nbsp; t\u0259r\u0259fda\u015f oldu\u011funu t\u0259cr&uuml;b\u0259d\u0259 d\u0259f\u0259l\u0259rl\u0259 n&uuml;mayi\u015f etdirmi\u015fdir. Bak\u0131-Tbilisi-Ceyhan, Bak\u0131-Tbilisi-\u018frzurum, Bak\u0131-Tbilisi-Qars&nbsp; kimi iri transmilli&nbsp; layih\u0259l\u0259r bunun \u0259yani s&uuml;butudur.&nbsp;<\/p>\n<p>&nbsp;<br \/>\nParlamentin s\u0259dri m\u0259d\u0259ni \u0259laq\u0259l\u0259rimizin d\u0259 u\u011furla inki\u015faf&nbsp; etdiyini&nbsp; dil\u0259 g\u0259tirdi. O, bel\u0259 bir&nbsp; fikri vur\u011fulad\u0131 ki, Heyd\u0259r&nbsp; \u018fliyev Fondu iki &ouml;lk\u0259&nbsp; aras\u0131nda siyasi v\u0259 m\u0259d\u0259ni \u0259laq\u0259l\u0259rin m&ouml;hk\u0259ml\u0259nm\u0259sind\u0259&nbsp; m&uuml;h&uuml;m i\u015fl\u0259r&nbsp; g&ouml;rm\u0259kd\u0259dir. Fondun bu &ouml;lk\u0259d\u0259&nbsp; h\u0259yata&nbsp; ke&ccedil;irdiyi&nbsp; layih\u0259l\u0259r&nbsp; humanitar&nbsp; sah\u0259d\u0259&nbsp; \u0259m\u0259kda\u015fl\u0131\u011f\u0131m\u0131za&nbsp; x&uuml;susi&nbsp; t&ouml;hf\u0259l\u0259r verir.<br \/>\n&nbsp;S\u0259dr qanunverici orqanlar&nbsp; aras\u0131nda y&uuml;ks\u0259k&nbsp; s\u0259viyy\u0259li&nbsp; s\u0259f\u0259rl\u0259rin \u0259h\u0259miyy\u0259tini&nbsp; vur\u011fulayaraq&nbsp; h\u0259r iki &ouml;lk\u0259&nbsp; parlamentind\u0259&nbsp; dostluq&nbsp; qruplar\u0131n\u0131n f\u0259aliyy\u0259t g&ouml;st\u0259rm\u0259sini t\u0259qdir etdi. Bildirildi ki,&nbsp; deputatlar\u0131m\u0131z&nbsp; n&uuml;fuzlu&nbsp; beyn\u0259lxalq&nbsp; t\u0259\u015fkilatlarda&nbsp; s\u0131x t\u0259masda olur, onlar\u0131&nbsp; maraqland\u0131ran m\u0259s\u0259l\u0259l\u0259r \u0259traf\u0131nda&nbsp; fikir&nbsp; m&uuml;badil\u0259si&nbsp; apar\u0131rlar.<\/p>\n<p>Oqtay \u018fs\u0259dov \u0130taliya&nbsp; Senat\u0131n\u0131n&nbsp; 2010-cu ild\u0259 q\u0259bul etdiyi &ldquo;C\u0259nubi Qafqazda v\u0259ziyy\u0259tl\u0259 ba\u011fl\u0131&rdquo; q\u0259tnam\u0259ni &ccedil;ox m&uuml;h&uuml;m s\u0259n\u0259d kimi d\u0259y\u0259rl\u0259ndirdi. Q\u0259tnam\u0259d\u0259 C\u0259nubi Qafqazda s&uuml;lh&uuml;n b\u0259rq\u0259rar olunmas\u0131nda &ouml;lk\u0259l\u0259rin \u0259razi b&uuml;t&ouml;vl&uuml;y&uuml; prinsipin\u0259 b&ouml;y&uuml;k &ouml;n\u0259m verilm\u0259sinin \u0259h\u0259miyy\u0259tini&nbsp; vur\u011fulad\u0131.<br \/>\nS\u0259mimi&nbsp; q\u0259bul&nbsp; &uuml;&ccedil;&uuml;n minn\u0259tdarl\u0131\u011f\u0131n\u0131 bildir\u0259n \u0130taliya&nbsp; Respublikas\u0131&nbsp; Senat\u0131n\u0131n s\u0259dri xan\u0131m&nbsp; Maria&nbsp; Elizabetta Alberti&nbsp; Kasellati &ouml;lk\u0259miz\u0259&nbsp; s\u0259f\u0259rind\u0259n v\u0259 burada&nbsp; ke&ccedil;irdiyi&nbsp; g&ouml;r&uuml;\u015fl\u0259rd\u0259n m\u0259mnun&nbsp; qald\u0131\u011f\u0131n\u0131&nbsp; s&ouml;yl\u0259di. O, parlamentl\u0259r&nbsp; s\u0259viyy\u0259sind\u0259&nbsp; \u0259laq\u0259l\u0259rin&nbsp; g\u0259l\u0259c\u0259kd\u0259 d\u0259 inki\u015faf&nbsp; etdirilm\u0259sinin&nbsp; vacibliyin\u0259&nbsp; toxunaraq,&nbsp; h\u0259r iki&nbsp; &ouml;lk\u0259&nbsp; deputatlar\u0131n\u0131n m&uuml;t\u0259madi&nbsp; g&ouml;r&uuml;\u015fl\u0259rinin&nbsp; \u0259h\u0259miyy\u0259tli oldu\u011funu dedi.<br \/>\n&nbsp;Qonaq Az\u0259rbaycan\u0131n&nbsp; Birinci Vitse-Prezidenti&nbsp; xan\u0131m Mehriban \u018fliyevan\u0131n i\u015ftirak\u0131 il\u0259 \u0130taliyada&nbsp; Xalq&nbsp; C&uuml;mhuriyy\u0259tinin&nbsp; 100 illiyi il\u0259 ba\u011fl\u0131&nbsp; ke&ccedil;iril\u0259n&nbsp; t\u0259dbirl\u0259rd\u0259n s&ouml;z&nbsp; a&ccedil;d\u0131.&nbsp; O d&ouml;vrd\u0259&nbsp; m&uuml;s\u0259lman \u015e\u0259rqind\u0259 ilk parlamentli&nbsp; respublika qurma\u011fa&nbsp; nail olan Az\u0259rbaycanda&nbsp; qad\u0131nlara&nbsp; se&ccedil;ki&nbsp; h&uuml;ququnun verilm\u0259sini&nbsp; m&uuml;h&uuml;m nailiyy\u0259t kimi d\u0259y\u0259rl\u0259ndirdi.<br \/>\n&nbsp;Avropa \u0130ttifaq\u0131n\u0131n &uuml;zv&uuml; kimi \u0130taliyan\u0131n Az\u0259rbaycanla&nbsp; h\u0259yat\u0131n m&uuml;xt\u0259lif&nbsp; sah\u0259l\u0259rind\u0259 \u0259laq\u0259l\u0259rin inki\u015faf\u0131nda&nbsp; maraql\u0131 oldu\u011funu qeyd&nbsp; etdi. Bildirildi ki, onun &ouml;lk\u0259si&nbsp; Az\u0259rbaycanla&nbsp; t\u0259kc\u0259 neft-qaz&nbsp; sah\u0259sind\u0259 deyil,&nbsp; k\u0259nd&nbsp; t\u0259s\u0259rr&uuml;fat\u0131, elm, t\u0259hsil, m\u0259d\u0259ni sah\u0259l\u0259rd\u0259&nbsp; d\u0259 \u0259laq\u0259l\u0259ri&nbsp; d\u0259rinl\u0259\u015fdirm\u0259k niyy\u0259tind\u0259dir.<br \/>\n&nbsp;&nbsp;<br \/>\nS&ouml;hb\u0259td\u0259 parlamentl\u0259raras\u0131 \u0259laq\u0259l\u0259rin g\u0259l\u0259c\u0259k inki\u015faf&nbsp; perspektivl\u0259ri, iqtisadi, humanitar&nbsp; sah\u0259l\u0259rd\u0259 m&uuml;nasib\u0259tl\u0259rin daha da d\u0259rinl\u0259\u015fm\u0259si v\u0259 dig\u0259r&nbsp; m\u0259s\u0259l\u0259l\u0259r bar\u0259d\u0259 fikir m&uuml;badil\u0259si apar\u0131l\u0131b.<br \/>\n&nbsp;<br \/>\nG&ouml;r&uuml;\u015fd\u0259 Milli M\u0259clis&nbsp; S\u0259drinin Birinci m&uuml;avini Ziyaf\u0259t \u018fsg\u0259rov, s\u0259dr&nbsp; m&uuml;avini Valeh \u018fl\u0259sg\u0259rov, parlament Aparat\u0131n\u0131n r\u0259hb\u0259ri S\u0259fa Mirz\u0259yev, \u0130taliya&nbsp; il\u0259 parlamentl\u0259raras\u0131 \u0259laq\u0259l\u0259r&nbsp; &uuml;zr\u0259 i\u015f&ccedil;i qrupun ba\u015f&ccedil;\u0131s\u0131 Az\u0259r&nbsp; K\u0259rimli, deputatlardan &Uuml;lviyy\u0259 A\u011fayeva, Dilar\u0259 C\u0259bray\u0131lova, Az\u0259rbaycan\u0131n \u0130taliyadak\u0131&nbsp; s\u0259firi M\u0259mm\u0259d \u018fhm\u0259dzad\u0259, \u0130taliyan\u0131n &ouml;lk\u0259mizd\u0259ki&nbsp; s\u0259firi Audusto Massari v\u0259 dig\u0259r&nbsp; r\u0259smi \u015f\u0259xsl\u0259r i\u015ftirak&nbsp; edibl\u0259r.&nbsp;<\/p>\n","protected":false},"excerpt":{"rendered":"<p>Milli M\u0259clisin S\u0259dri Oqtay \u018fs\u0259dov&nbsp; \u0130taliya&nbsp; Respublikas\u0131&nbsp; Senat\u0131n\u0131n s\u0259dri xan\u0131m&nbsp; Maria&nbsp; Elizabetta Alberti&nbsp; Kasellatinin&nbsp; ba\u015f&ccedil;\u0131l\u0131q&nbsp; etdiyi&nbsp; n&uuml;may\u0259nd\u0259&nbsp; hey\u0259ti il\u0259&nbsp; g&ouml;r&uuml;\u015f&uuml;b.&nbsp; Spiker&nbsp; n&uuml;may\u0259nd\u0259&nbsp; hey\u0259ti&nbsp; &uuml;zvl\u0259rini&nbsp; salamlayaraq&nbsp; \u0130taliya&nbsp; Senat\u0131&nbsp; s\u0259drinin&nbsp; &ouml;lk\u0259miz\u0259 ilk&nbsp;&hellip;<\/p>\n","protected":false},"author":1,"featured_media":251278,"comment_status":"open","ping_status":"open","sticky":false,"template":"","format":"standard","meta":{"_lmt_disableupdate":"","_lmt_disable":"","footnotes":""},"categories":[],"tags":[],"class_list":["post-69954","post","type-post","status-publish","format-standard","has-post-thumbnail","hentry"],"_links":{"self":[{"href":"https:\/\/ucnoqta.az\/index.php?rest_route=\/wp\/v2\/posts\/69954","targetHints":{"allow":["GET"]}}],"collection":[{"href":"https:\/\/ucnoqta.az\/index.php?rest_route=\/wp\/v2\/posts"}],"about":[{"href":"https:\/\/ucnoqta.az\/index.php?rest_route=\/wp\/v2\/types\/post"}],"author":[{"embeddable":true,"href":"https:\/\/ucnoqta.az\/index.php?rest_route=\/wp\/v2\/users\/1"}],"replies":[{"embeddable":true,"href":"https:\/\/ucnoqta.az\/index.php?rest_route=%2Fwp%2Fv2%2Fcomments&post=69954"}],"version-history":[{"count":0,"href":"https:\/\/ucnoqta.az\/index.php?rest_route=\/wp\/v2\/posts\/69954\/revisions"}],"wp:featuredmedia":[{"embeddable":true,"href":"https:\/\/ucnoqta.az\/index.php?rest_route=\/wp\/v2\/media\/251278"}],"wp:attachment":[{"href":"https:\/\/ucnoqta.az\/index.php?rest_route=%2Fwp%2Fv2%2Fmedia&parent=69954"}],"wp:term":[{"taxonomy":"category","embeddable":true,"href":"https:\/\/ucnoqta.az\/index.php?rest_route=%2Fwp%2Fv2%2Fcategories&post=69954"},{"taxonomy":"post_tag","embeddable":true,"href":"https:\/\/ucnoqta.az\/index.php?rest_route=%2Fwp%2Fv2%2Ftags&post=69954"}],"curies":[{"name":"wp","href":"https:\/\/api.w.org\/{rel}","templated":true}]}}