{"id":69951,"date":"2018-10-18T16:19:55","date_gmt":"2018-10-18T12:19:55","guid":{"rendered":""},"modified":"-0001-11-30T00:00:00","modified_gmt":"-0001-11-29T20:00:00","slug":"","status":"publish","type":"post","link":"https:\/\/ucnoqta.az\/?p=69951","title":{"rendered":"Az\u0259rbaycan v\u0259 T\u00fcrkm\u0259nistan X\u0130N-l\u0259ri aras\u0131nda \u0259m\u0259kda\u015fl\u0131q proqram\u0131 imzalan\u0131b"},"content":{"rendered":"<p><strong>Bak\u0131da Az\u0259rbaycan v\u0259 T&uuml;rkm\u0259nistan X\u0130N-l\u0259ri aras\u0131nda siyasi m\u0259sl\u0259h\u0259tl\u0259\u015fm\u0259l\u0259r ba\u015f tutub.<\/strong><\/p>\n<p>Xarici \u0130\u015fl\u0259r Nazirliyinin m\u0259tbuat xidm\u0259tind\u0259n Ucnoqta.az-a&nbsp;veril\u0259n m\u0259lumata g&ouml;r\u0259, n&uuml;may\u0259nd\u0259 hey\u0259tl\u0259rin\u0259 Az\u0259rbaycan t\u0259r\u0259find\u0259n xarici i\u015fl\u0259r naziri Elmar M\u0259mm\u0259dyarov, T&uuml;rkm\u0259nistan t\u0259r\u0259find\u0259n is\u0259 Nazirl\u0259r Kabineti s\u0259drinin m&uuml;avini, xarici i\u015fl\u0259r naziri R\u0259\u015fid Meredov r\u0259hb\u0259rlik edibl\u0259r.<br \/>\nH\u0259ms&ouml;hb\u0259tl\u0259r iki qon\u015fu &ouml;lk\u0259 aras\u0131nda \u0259n\u0259n\u0259vi \u0259m\u0259kda\u015fl\u0131\u011f\u0131n \u0259h\u0259miyy\u0259tini vur\u011fulayaraq, Az\u0259rbaycan-T&uuml;rm\u0259nistan m&uuml;nasib\u0259tl\u0259rinin inki\u015faf\u0131 prioritetl\u0259rinin D&ouml;vl\u0259t ba\u015f&ccedil;\u0131lar\u0131 t\u0259r\u0259find\u0259n m&uuml;\u0259yy\u0259n edildiyini vur\u011fulay\u0131blar.<\/p>\n<p>Bu x&uuml;susda, R.Meredov &ouml;lk\u0259miz\u0259 etdiyi s\u0259f\u0259r zaman\u0131 Az\u0259rbaycan Prezidenti \u0130lham \u018fliyev t\u0259r\u0259find\u0259n q\u0259bul edildiyini minn\u0259tdarl\u0131q hissi il\u0259 vur\u011fulay\u0131b. M.M\u0259mm\u0259dyarov m\u0259sl\u0259h\u0259tl\u0259\u015fm\u0259l\u0259rin ke&ccedil;irilm\u0259sini t\u0259qdir\u0259layiq hal kimi d\u0259y\u0259rl\u0259ndir\u0259r\u0259k, onlar\u0131n ikit\u0259r\u0259fli m&uuml;nasib\u0259tl\u0259rin geni\u015f g&uuml;nd\u0259liyi &uuml;zr\u0259 m&uuml;xt\u0259lif m\u0259s\u0259l\u0259l\u0259r \u0259traf\u0131nda m&uuml;vqel\u0259rin \u0259laq\u0259l\u0259ndirilm\u0259si &uuml;&ccedil;&uuml;n g&ouml;z\u0259l imkan yaratd\u0131\u011f\u0131n\u0131 qeyd edib. M\u0259sl\u0259h\u0259tl\u0259\u015fm\u0259l\u0259r &ccedil;\u0259r&ccedil;iv\u0259sind\u0259 t\u0259r\u0259fl\u0259r siyasi-diplomatik, o c&uuml;ml\u0259d\u0259n \u0259n y&uuml;ks\u0259k s\u0259viyy\u0259d\u0259 s\u0259f\u0259rl\u0259r m&uuml;badil\u0259sinin davam etdirilm\u0259si, beyn\u0259lxalq v\u0259 regional \u0259m\u0259kda\u015fl\u0131q bar\u0259d\u0259 \u0259trafl\u0131 m&uuml;zakir\u0259\u0259l\u0259r apar\u0131l\u0131b. Aktau zirv\u0259 toplant\u0131s\u0131nda imzalanm\u0131\u015f X\u0259z\u0259r d\u0259nizinin h&uuml;quqi statusu &uuml;zr\u0259 konvensiyan\u0131n tarixi \u0259h\u0259miyy\u0259ti bir daha &ouml;n\u0259 &ccedil;\u0259kib.<\/p>\n<p>\u0130ki &ouml;lk\u0259 aras\u0131nda ticari-iqtisadi \u0259m\u0259kda\u015fl\u0131qda m&uuml;\u015fahid\u0259 edil\u0259n m&uuml;sb\u0259t dinamika qeyd edil\u0259r\u0259k, onun keyfiyy\u0259t bax\u0131m\u0131ndan yeni, daha y&uuml;ks\u0259k s\u0259viyy\u0259y\u0259 qald\u0131r\u0131lmas\u0131 m\u0259qs\u0259dil\u0259, ayr\u0131-ayr\u0131 d&ouml;vl\u0259t qurumlar\u0131 v\u0259 i\u015fg&uuml;zar dair\u0259l\u0259ri t\u0259r\u0259find\u0259n yerin\u0259 yetirilm\u0259li i\u015fl\u0259rin \u0259laq\u0259l\u0259ndirilm\u0259si perspektivl\u0259ri m&uuml;zakir\u0259 edilib. Logistika, s\u0259naye v\u0259 m\u0259d\u0259ni-humanitar sah\u0259l\u0259rd\u0259 m&uuml;nasib\u0259tl\u0259rin daha da inki\u015faf etdirilm\u0259si &uuml;&ccedil;&uuml;n \u0259lveri\u015fli \u0259m\u0259kda\u015fl\u0131q f&uuml;rs\u0259tl\u0259rinin oldu\u011fu vur\u011fulan\u0131b.<\/p>\n<p>G&ouml;r&uuml;\u015f \u0259snas\u0131nda R.Meredov beyn\u0259lxalq t\u0259\u015fkilatlarda, ilk n&ouml;vb\u0259d\u0259 BMT sistemin\u0259 daxil olan qurumlarda T&uuml;rkm\u0259nistan\u0131n t\u0259\u015f\u0259bb&uuml;sl\u0259rinin n\u0259inki sad\u0259c\u0259 d\u0259st\u0259kl\u0259nm\u0259si, bir &ccedil;ox hallarda onlara h\u0259mm&uuml;\u0259lif olaraq qo\u015fulmas\u0131na g&ouml;r\u0259 Az\u0259rbaycan t\u0259r\u0259fin\u0259 d\u0259rin t\u0259\u015f\u0259kk&uuml;r bildirib.Nazir E.M\u0259mm\u0259dyarov &ouml;z t\u0259r\u0259find\u0259n beyn\u0259lxalq t\u0259\u015fkilatlarda m&uuml;xt\u0259lif m\u0259s\u0259l\u0259l\u0259r &uuml;zr\u0259, \u0259n ba\u015fl\u0131cas\u0131 is\u0259 Erm\u0259nistan-Az\u0259rbaycan m&uuml;naqi\u015f\u0259si kontekstind\u0259 &ouml;lk\u0259mizin \u0259razi b&uuml;t&ouml;vl&uuml;y&uuml; v\u0259 suverenliyin\u0259 g&ouml;st\u0259rdiyi d\u0259st\u0259y\u0259 g&ouml;r\u0259 T&uuml;rkm\u0259nistan t\u0259r\u0259fin\u0259 minn\u0259tdarl\u0131q ifad\u0259 edib.<\/p>\n<p>G&ouml;r&uuml;\u015fd\u0259, h\u0259m&ccedil;inin beyn\u0259lxalq t\u0259\u015fkilatlar &ccedil;\u0259r&ccedil;iv\u0259sind\u0259 qar\u015f\u0131l\u0131ql\u0131 d\u0259st\u0259yin g&ouml;st\u0259rm\u0259si, &ouml;lk\u0259l\u0259r aras\u0131nda m&uuml;qavil\u0259-h&uuml;quq bazas\u0131n\u0131n geni\u015fl\u0259ndirilm\u0259sin\u0259 dair fikir m&uuml;badil\u0259si apar\u0131ld\u0131, o c&uuml;ml\u0259d\u0259n qar\u015f\u0131l\u0131ql\u0131 maraq k\u0259sb ed\u0259n dig\u0259r regional v\u0259 beyn\u0259lxalq m\u0259s\u0259l\u0259l\u0259r m&uuml;zakir\u0259 edilib.<\/p>\n<p>M\u0259sl\u0259h\u0259tl\u0259\u015fm\u0259l\u0259rin yekunlar\u0131na dair nazirl\u0259r s\u0259viyy\u0259sind\u0259 Az\u0259rbaycan v\u0259 T&uuml;rkm\u0259nistan\u0131n X\u0130N-l\u0259ri aras\u0131nda 2019-2020-ci ill\u0259r &uuml;&ccedil;&uuml;n \u0259m\u0259kda\u015fl\u0131q proqram\u0131 imzalan\u0131b.<\/p>\n","protected":false},"excerpt":{"rendered":"<p>Bak\u0131da Az\u0259rbaycan v\u0259 T&uuml;rkm\u0259nistan X\u0130N-l\u0259ri aras\u0131nda siyasi m\u0259sl\u0259h\u0259tl\u0259\u015fm\u0259l\u0259r ba\u015f tutub. Xarici \u0130\u015fl\u0259r Nazirliyinin m\u0259tbuat xidm\u0259tind\u0259n Ucnoqta.az-a&nbsp;veril\u0259n m\u0259lumata g&ouml;r\u0259, n&uuml;may\u0259nd\u0259 hey\u0259tl\u0259rin\u0259 Az\u0259rbaycan t\u0259r\u0259find\u0259n xarici i\u015fl\u0259r naziri Elmar M\u0259mm\u0259dyarov, T&uuml;rkm\u0259nistan t\u0259r\u0259find\u0259n is\u0259&hellip;<\/p>\n","protected":false},"author":1,"featured_media":251278,"comment_status":"open","ping_status":"open","sticky":false,"template":"","format":"standard","meta":{"_lmt_disableupdate":"","_lmt_disable":"","footnotes":""},"categories":[86],"tags":[],"class_list":["post-69951","post","type-post","status-publish","format-standard","has-post-thumbnail","hentry","category-siyaset"],"_links":{"self":[{"href":"https:\/\/ucnoqta.az\/index.php?rest_route=\/wp\/v2\/posts\/69951","targetHints":{"allow":["GET"]}}],"collection":[{"href":"https:\/\/ucnoqta.az\/index.php?rest_route=\/wp\/v2\/posts"}],"about":[{"href":"https:\/\/ucnoqta.az\/index.php?rest_route=\/wp\/v2\/types\/post"}],"author":[{"embeddable":true,"href":"https:\/\/ucnoqta.az\/index.php?rest_route=\/wp\/v2\/users\/1"}],"replies":[{"embeddable":true,"href":"https:\/\/ucnoqta.az\/index.php?rest_route=%2Fwp%2Fv2%2Fcomments&post=69951"}],"version-history":[{"count":0,"href":"https:\/\/ucnoqta.az\/index.php?rest_route=\/wp\/v2\/posts\/69951\/revisions"}],"wp:featuredmedia":[{"embeddable":true,"href":"https:\/\/ucnoqta.az\/index.php?rest_route=\/wp\/v2\/media\/251278"}],"wp:attachment":[{"href":"https:\/\/ucnoqta.az\/index.php?rest_route=%2Fwp%2Fv2%2Fmedia&parent=69951"}],"wp:term":[{"taxonomy":"category","embeddable":true,"href":"https:\/\/ucnoqta.az\/index.php?rest_route=%2Fwp%2Fv2%2Fcategories&post=69951"},{"taxonomy":"post_tag","embeddable":true,"href":"https:\/\/ucnoqta.az\/index.php?rest_route=%2Fwp%2Fv2%2Ftags&post=69951"}],"curies":[{"name":"wp","href":"https:\/\/api.w.org\/{rel}","templated":true}]}}