{"id":69948,"date":"2018-10-18T17:46:31","date_gmt":"2018-10-18T13:46:31","guid":{"rendered":""},"modified":"-0001-11-30T00:00:00","modified_gmt":"-0001-11-29T20:00:00","slug":"","status":"publish","type":"post","link":"https:\/\/ucnoqta.az\/?p=69948","title":{"rendered":"Xal\u00e7a Muzeyind\u0259 \u201cDekorativ s\u0259n\u0259t v\u0259 interyer\u201d adl\u0131 konfrans ke\u00e7irilib"},"content":{"rendered":"<div><strong>Az\u0259rbaycan Xal&ccedil;a Muzeyind\u0259 ke&ccedil;iril\u0259n beyn\u0259lxalq konfrans u\u011furla yekunla\u015f\u0131b<\/strong><\/p>\n<p>Oktyabr\u0131n 10-12-d\u0259 Az\u0259rbaycan Xal&ccedil;a Muzeyind\u0259 Beyn\u0259lxalq Muzeyl\u0259r \u015euras\u0131n\u0131n (ICOM) iki beyn\u0259lxalq komit\u0259sinin &ndash; Dekorativ s\u0259n\u0259t, dizayn muzeyl\u0259ri v\u0259 kolleksiyalar\u0131 (ICDAD) v\u0259 Tarixi ev muzeyl\u0259ri &uuml;zr\u0259 beyn\u0259lxalq komit\u0259l\u0259rinin (DEMHIST) &ldquo;Dekorativ s\u0259n\u0259t v\u0259 interyer&rdquo; adl\u0131 konfrans\u0131 ke&ccedil;irilib.<\/p><\/div>\n<div>Xal&ccedil;a Muzeyind\u0259n Ucnoqta.az-a veril\u0259n m\u0259lumata g&ouml;r\u0259, Az\u0259rbaycan\u0131n M\u0259d\u0259niyy\u0259t Nazirliyi, Beyn\u0259lxalq Muzeyl\u0259r \u015euras\u0131 (ICOM), o c&uuml;ml\u0259d\u0259n ICDAD v\u0259 DEMHIST-in, \u0130COM Az\u0259rbaycan Milli Komit\u0259si, Az\u0259rbaycan Xal&ccedil;a Muzeyinin t\u0259\u015fkilat&ccedil;\u0131l\u0131\u011f\u0131, Az\u0259rbaycan Milli \u0130nc\u0259s\u0259n\u0259t Muzeyi, &ldquo;\u0130&ccedil;\u0259ri\u015f\u0259h\u0259r&rdquo; D&ouml;vl\u0259t Tarix-Memarl\u0131q Qoru\u011fu, B&uuml;lb&uuml;l&uuml;n Memorial Muzeyi v\u0259 &ldquo;Az-Granata&rdquo; \u015firk\u0259tinin d\u0259st\u0259yi il\u0259 ba\u015f tutan konfransda Az\u0259rbaycan, Avstriya, \u0130taliya, Portuqaliya, Almaniya, Livan, Niderland, Yaponiya, AB\u015e, Hindistan, Misir, &Ccedil;exiya, G&uuml;rc&uuml;stan, T&uuml;rkiy\u0259 olmaqla, 14 &ouml;lk\u0259d\u0259n 42 n&uuml;may\u0259nd\u0259 i\u015ftirak edib.<\/div>\n<div>Konfransa qat\u0131lan bir s\u0131ra xarici &ouml;lk\u0259l\u0259rin n&uuml;may\u0259nd\u0259l\u0259ri konfrans\u0131n i\u015fini y&uuml;ks\u0259k s\u0259viyy\u0259d\u0259 qiym\u0259tl\u0259ndiribl\u0259r. Beyn\u0259lxalq Muzeyl\u0259r \u015euras\u0131n\u0131n Dekorativ s\u0259n\u0259t, dizayn muzeyl\u0259ri v\u0259 kolleksiyalar\u0131 beyn\u0259lxalq komit\u0259sinin prezidenti Helena Koenigsmarkova konfrans\u0131n &ccedil;ox yax\u015f\u0131 t\u0259\u015fkil olundu\u011funu bildir\u0259r\u0259k deyib ki, xal&ccedil;a v\u0259 tekstil m&ouml;vzusu Bak\u0131da bizim &uuml;&ccedil;&uuml;n bir ilk idi. &ldquo;Konfrans &ccedil;ox maraql\u0131 m&uuml;zakir\u0259l\u0259rl\u0259, &ccedil;\u0131x\u0131\u015flarla yadda qald\u0131&rdquo;.<\/div>\n<div>&Ouml;lk\u0259miz\u0259 ilk d\u0259f\u0259 s\u0259f\u0259r etdiyini dey\u0259n qonaq Az\u0259rbaycan haqq\u0131nda y&uuml;ks\u0259k t\u0259\u0259ss&uuml;ratlar\u0131n\u0131 dil\u0259 g\u0259tirib: &ldquo;H\u0259r \u015feyd\u0259n \u0259vv\u0259l Bak\u0131dak\u0131 m&uuml;asir memarl\u0131\u011f\u0131 b\u0259y\u0259ndim. Faktiki olaraq, ilk g&uuml;n&uuml;m&uuml;z muzeyl\u0259rd\u0259 v\u0259 \u0130&ccedil;\u0259ri \u015e\u0259h\u0259rd\u0259 ke&ccedil;di. &Ouml;lk\u0259niz haqq\u0131nda m&uuml;sb\u0259t t\u0259\u0259s&uuml;ratlarlara sahib\u0259m&rdquo;, &#8211; dey\u0259 o, bildirib.&nbsp;<\/div>\n<div>Heyd\u0259r \u018fliyev M\u0259rk\u0259zinin v\u0259 Az\u0259rbaycan Xal&ccedil;a Muzeyinin x&uuml;susi memarl\u0131\u011f\u0131 il\u0259 se&ccedil;il\u0259n binas\u0131na heyranl\u0131\u011f\u0131n\u0131 dil\u0259 g\u0259tir\u0259n qonaq vur\u011fulay\u0131b ki, \u0259minlikl\u0259 &ouml;z t\u0259cr&uuml;b\u0259m\u0259 \u0259sas\u0259n dey\u0259 bil\u0259r\u0259m ki, Xal&ccedil;a Muzeyi d&uuml;nyan\u0131n \u0259n m&uuml;asir muzeyl\u0259rin\u0259 aiddir. &ldquo;H\u0259m&ccedil;inin, kolleksiyan\u0131n, ekspozisiyan\u0131n, elmi-t\u0259dqiqat\u0131n keyfiyy\u0259ti &#8211; bunlar\u0131n ham\u0131s\u0131 ideal muzeyin \u0259sas g&ouml;st\u0259ricil\u0259ridir. Xal&ccedil;a Muzeyi bununla kifay\u0259tl\u0259nmir, daim inki\u015faf edir, bu da, cox vacibdir. Xal&ccedil;a Muzeyi arzular\u0131m\u0131n muzeyidir. M\u0259n b&uuml;t&uuml;n muzeyl\u0259r\u0259 bu inki\u015faf yolunu ke&ccedil;m\u0259yi arzu edir\u0259m&rdquo; &ndash; dey\u0259 o, s&ouml;zl\u0259rin\u0259 \u0259lav\u0259 edib.&nbsp;<\/div>\n<div>Beyn\u0259lxalq Muzeyl\u0259r \u015euras\u0131n\u0131n Tarixi ev muzeyl\u0259ri beyn\u0259lxalq komit\u0259sinin idar\u0259 hey\u0259tinin &uuml;zv&uuml; Yoshihiro Nakatani bildirib ki, o konfransa&nbsp; DEMH\u0130STin&nbsp; &uuml;zv&uuml; olaraq qat\u0131l\u0131b. Qonaq deyib: &ldquo;\u0130nteryer haqq\u0131nda bu q\u0259d\u0259r m\u0259ruz\u0259y\u0259 qulaq asmaq m\u0259nim &uuml;&ccedil;&uuml;n &ccedil;ox maraql\u0131 idi. Biz ev-muzeyl\u0259rin interyer h\u0259lli, interyer texnikalar\u0131 v\u0259 istifad\u0259si haqq\u0131nda&nbsp; bir &ccedil;ox m\u0259qal\u0259l\u0259r e\u015fitdik&rdquo;.<\/div>\n<div>&nbsp;<span style=\"white-space:pre\"> <\/span>Qonaq Az\u0259rbaycan Xal&ccedil;a Muzeyi, &uuml;mumiyy\u0259tl\u0259, &ouml;lk\u0259miz haqq\u0131nda t\u0259\u0259ss&uuml;ratlar\u0131n\u0131n y&uuml;ks\u0259k oldu\u011funu bildirib: &ldquo;Xal&ccedil;a Muzeyind\u0259 ekspozisiyaya, xal&ccedil;alar\u0131n n&uuml;mayi\u015f qaydas\u0131na heyran qald\u0131m. Bizd\u0259 xal&ccedil;a olmasa da, tekstil n&uuml;mun\u0259l\u0259rimiz var v\u0259 b\u0259z\u0259n tekstil s\u0259n\u0259tini g&ouml;z\u0259l n&uuml;mayi\u015f etdirm\u0259k &ccedil;\u0259tindir. Amma sizin ekspozisiyan\u0131z sad\u0259 v\u0259 g&ouml;z\u0259ldir. Bak\u0131 v\u0259 Az\u0259rbaycan haqq\u0131nda t\u0259\u0259ss&uuml;ratlar\u0131m &ccedil;ox m&uuml;sb\u0259tdir. Bak\u0131da Avropa \u015f\u0259h\u0259rl\u0259rinin ruhu var, y\u0259ni Milan, Paris v\u0259 ya Venesiya kimi. M\u0259n Yapon kimi, burada m\u0259n\u0259 tan\u0131\u015f olan, b\u0259nz\u0259r bir Asiya ruhunu da hiss edir\u0259m. \u015e\u0259h\u0259riniz iki ruhu da birl\u0259\u015fdirir v\u0259 bu, m\u0259nd\u0259 m&uuml;xt\u0259lif hissl\u0259r yarad\u0131r&rdquo; &ndash; dey\u0259 o, hissl\u0259rini ifad\u0259 edib.<\/div>\n","protected":false},"excerpt":{"rendered":"<p>Az\u0259rbaycan Xal&ccedil;a Muzeyind\u0259 ke&ccedil;iril\u0259n beyn\u0259lxalq konfrans u\u011furla yekunla\u015f\u0131b Oktyabr\u0131n 10-12-d\u0259 Az\u0259rbaycan Xal&ccedil;a Muzeyind\u0259 Beyn\u0259lxalq Muzeyl\u0259r \u015euras\u0131n\u0131n (ICOM) iki beyn\u0259lxalq komit\u0259sinin &ndash; Dekorativ s\u0259n\u0259t, dizayn muzeyl\u0259ri v\u0259 kolleksiyalar\u0131 (ICDAD) v\u0259 Tarixi&hellip;<\/p>\n","protected":false},"author":1,"featured_media":251278,"comment_status":"open","ping_status":"open","sticky":false,"template":"","format":"standard","meta":{"_lmt_disableupdate":"","_lmt_disable":"","footnotes":""},"categories":[102],"tags":[],"class_list":["post-69948","post","type-post","status-publish","format-standard","has-post-thumbnail","hentry","category-medeniyyet-butun-xeberler"],"_links":{"self":[{"href":"https:\/\/ucnoqta.az\/index.php?rest_route=\/wp\/v2\/posts\/69948","targetHints":{"allow":["GET"]}}],"collection":[{"href":"https:\/\/ucnoqta.az\/index.php?rest_route=\/wp\/v2\/posts"}],"about":[{"href":"https:\/\/ucnoqta.az\/index.php?rest_route=\/wp\/v2\/types\/post"}],"author":[{"embeddable":true,"href":"https:\/\/ucnoqta.az\/index.php?rest_route=\/wp\/v2\/users\/1"}],"replies":[{"embeddable":true,"href":"https:\/\/ucnoqta.az\/index.php?rest_route=%2Fwp%2Fv2%2Fcomments&post=69948"}],"version-history":[{"count":0,"href":"https:\/\/ucnoqta.az\/index.php?rest_route=\/wp\/v2\/posts\/69948\/revisions"}],"wp:featuredmedia":[{"embeddable":true,"href":"https:\/\/ucnoqta.az\/index.php?rest_route=\/wp\/v2\/media\/251278"}],"wp:attachment":[{"href":"https:\/\/ucnoqta.az\/index.php?rest_route=%2Fwp%2Fv2%2Fmedia&parent=69948"}],"wp:term":[{"taxonomy":"category","embeddable":true,"href":"https:\/\/ucnoqta.az\/index.php?rest_route=%2Fwp%2Fv2%2Fcategories&post=69948"},{"taxonomy":"post_tag","embeddable":true,"href":"https:\/\/ucnoqta.az\/index.php?rest_route=%2Fwp%2Fv2%2Ftags&post=69948"}],"curies":[{"name":"wp","href":"https:\/\/api.w.org\/{rel}","templated":true}]}}