{"id":69932,"date":"2018-10-18T13:06:03","date_gmt":"2018-10-18T09:06:03","guid":{"rendered":""},"modified":"-0001-11-30T00:00:00","modified_gmt":"-0001-11-29T20:00:00","slug":"","status":"publish","type":"post","link":"https:\/\/ucnoqta.az\/?p=69932","title":{"rendered":"G\u00fcrc\u00fcstanda o\u011furlanm\u0131\u015f 17 ya\u015fl\u0131 az\u0259rbaycanl\u0131 q\u0131z tap\u0131l\u0131b"},"content":{"rendered":"<p><strong>G&uuml;rc&uuml;stan\u0131n Saqareco rayonunun L\u0259mb\u0259li k\u0259ndind\u0259 oktyabr\u0131n 12-d\u0259 ya\u015fad\u0131\u011f\u0131 evind\u0259n o\u011furlanm\u0131\u015f 17 ya\u015fl\u0131 az\u0259rbaycanl\u0131 q\u0131z tap\u0131l\u0131b.<\/strong><\/p>\n<p>Bu bar\u0259d\u0259 G&uuml;rc&uuml;stan Daxili \u0130\u015fl\u0259r Nazirliyi m\u0259lumat yay\u0131b. Nazirlikd\u0259n bildirilib ki, be\u015f g&uuml;n davam ed\u0259n axtar\u0131\u015flardan sonra H.M. adl\u0131 q\u0131z Marneuli rayonunun Candar k\u0259ndind\u0259 a\u015fkarlan\u0131b. G\u0259ncin sa\u011flaml\u0131q durumunda h\u0259r hans\u0131 bir problemin olmad\u0131\u011f\u0131 qeyd olunub.<br \/>\nHaz\u0131rda q\u0131z psixoloqlar\u0131n n\u0259zar\u0259ti alt\u0131ndad\u0131r.<\/p>\n<p>Faktla ba\u011fl\u0131 istintaq t\u0259bdirl\u0259ri davam etdirilir.<\/p>\n","protected":false},"excerpt":{"rendered":"<p>G&uuml;rc&uuml;stan\u0131n Saqareco rayonunun L\u0259mb\u0259li k\u0259ndind\u0259 oktyabr\u0131n 12-d\u0259 ya\u015fad\u0131\u011f\u0131 evind\u0259n o\u011furlanm\u0131\u015f 17 ya\u015fl\u0131 az\u0259rbaycanl\u0131 q\u0131z tap\u0131l\u0131b. Bu bar\u0259d\u0259 G&uuml;rc&uuml;stan Daxili \u0130\u015fl\u0259r Nazirliyi m\u0259lumat yay\u0131b. Nazirlikd\u0259n bildirilib ki, be\u015f g&uuml;n davam ed\u0259n&hellip;<\/p>\n","protected":false},"author":1,"featured_media":251278,"comment_status":"open","ping_status":"open","sticky":false,"template":"","format":"standard","meta":{"_lmt_disableupdate":"","_lmt_disable":"","footnotes":""},"categories":[89],"tags":[],"class_list":["post-69932","post","type-post","status-publish","format-standard","has-post-thumbnail","hentry","category-dunya-butun-xeberler"],"_links":{"self":[{"href":"https:\/\/ucnoqta.az\/index.php?rest_route=\/wp\/v2\/posts\/69932","targetHints":{"allow":["GET"]}}],"collection":[{"href":"https:\/\/ucnoqta.az\/index.php?rest_route=\/wp\/v2\/posts"}],"about":[{"href":"https:\/\/ucnoqta.az\/index.php?rest_route=\/wp\/v2\/types\/post"}],"author":[{"embeddable":true,"href":"https:\/\/ucnoqta.az\/index.php?rest_route=\/wp\/v2\/users\/1"}],"replies":[{"embeddable":true,"href":"https:\/\/ucnoqta.az\/index.php?rest_route=%2Fwp%2Fv2%2Fcomments&post=69932"}],"version-history":[{"count":0,"href":"https:\/\/ucnoqta.az\/index.php?rest_route=\/wp\/v2\/posts\/69932\/revisions"}],"wp:featuredmedia":[{"embeddable":true,"href":"https:\/\/ucnoqta.az\/index.php?rest_route=\/wp\/v2\/media\/251278"}],"wp:attachment":[{"href":"https:\/\/ucnoqta.az\/index.php?rest_route=%2Fwp%2Fv2%2Fmedia&parent=69932"}],"wp:term":[{"taxonomy":"category","embeddable":true,"href":"https:\/\/ucnoqta.az\/index.php?rest_route=%2Fwp%2Fv2%2Fcategories&post=69932"},{"taxonomy":"post_tag","embeddable":true,"href":"https:\/\/ucnoqta.az\/index.php?rest_route=%2Fwp%2Fv2%2Ftags&post=69932"}],"curies":[{"name":"wp","href":"https:\/\/api.w.org\/{rel}","templated":true}]}}