{"id":69931,"date":"2018-10-18T12:49:22","date_gmt":"2018-10-18T08:49:22","guid":{"rendered":""},"modified":"-0001-11-30T00:00:00","modified_gmt":"-0001-11-29T20:00:00","slug":"","status":"publish","type":"post","link":"https:\/\/ucnoqta.az\/?p=69931","title":{"rendered":"Qad\u0131nlar\u0131n \u00e7antalar\u0131ndan telefon o\u011furlayan \u015f\u0259xs saxlan\u0131l\u0131b"},"content":{"rendered":"<p><strong>O\u011furluq etm\u0259kd\u0259 \u015f&uuml;bh\u0259li bilin\u0259n \u015f\u0259xs saxlan\u0131l\u0131b<\/strong><\/p>\n<p>D\u0130N-d\u0259n Ucnoqta.az-a veril\u0259n m\u0259lumata g&ouml;r\u0259, polis \u0259m\u0259kda\u015flar\u0131n\u0131n ke&ccedil;irdikl\u0259ri \u0259m\u0259liyyat t\u0259dbirl\u0259ri n\u0259tic\u0259sind\u0259 paytaxt \u0259razisind\u0259 ictimai n\u0259qliyyatda v\u0259 insanlar\u0131n s\u0131x oldu\u011fu yerl\u0259rd\u0259 qad\u0131nlar\u0131n &ccedil;antalar\u0131ndan o\u011furluq ed\u0259n \u015f\u0259xs saxlan\u0131l\u0131b.<br \/>\n\u200bDaxil olmu\u015f m&uuml;raci\u0259tl\u0259r \u0259sas\u0131nda Bak\u0131 \u015eBP\u0130-nin Cinay\u0259t Axtar\u0131\u015f\u0131 \u0130dar\u0259si v\u0259 Nizami RP\u0130-nin 23-c&uuml; Polis B&ouml;lm\u0259si \u0259m\u0259kda\u015flar\u0131n\u0131n birg\u0259 ke&ccedil;irdikl\u0259ri \u0259m\u0259liyyat-axtar\u0131\u015f t\u0259dbirl\u0259ri n\u0259tic\u0259sind\u0259 cari ilin sentyabr ay\u0131ndan oktyabr\u0131n 16-d\u0259k olan m&uuml;dd\u0259td\u0259 rayon \u0259razisind\u0259 ictimai n\u0259qliyyatda v\u0259 insanlar\u0131n s\u0131x oldu\u011fu yerl\u0259rd\u0259 &uuml;mumilikd\u0259 12 qad\u0131n\u0131n &ccedil;antalar\u0131ndan mobil telefonlar\u0131n\u0131 o\u011furlamaqda \u015f&uuml;bh\u0259li bilin\u0259n Bak\u0131 \u015f\u0259h\u0259r sakini, \u0259vv\u0259ll\u0259r m\u0259hkum olunmu\u015f Oqtay H&uuml;seynov saxlan\u0131l\u0131b.<\/p>\n<p>\u200bAra\u015fd\u0131rma apar\u0131l\u0131r.<\/p>\n","protected":false},"excerpt":{"rendered":"<p>O\u011furluq etm\u0259kd\u0259 \u015f&uuml;bh\u0259li bilin\u0259n \u015f\u0259xs saxlan\u0131l\u0131b D\u0130N-d\u0259n Ucnoqta.az-a veril\u0259n m\u0259lumata g&ouml;r\u0259, polis \u0259m\u0259kda\u015flar\u0131n\u0131n ke&ccedil;irdikl\u0259ri \u0259m\u0259liyyat t\u0259dbirl\u0259ri n\u0259tic\u0259sind\u0259 paytaxt \u0259razisind\u0259 ictimai n\u0259qliyyatda v\u0259 insanlar\u0131n s\u0131x oldu\u011fu yerl\u0259rd\u0259 qad\u0131nlar\u0131n &ccedil;antalar\u0131ndan o\u011furluq ed\u0259n&hellip;<\/p>\n","protected":false},"author":1,"featured_media":251278,"comment_status":"open","ping_status":"open","sticky":false,"template":"","format":"standard","meta":{"_lmt_disableupdate":"","_lmt_disable":"","footnotes":""},"categories":[],"tags":[],"class_list":["post-69931","post","type-post","status-publish","format-standard","has-post-thumbnail","hentry"],"_links":{"self":[{"href":"https:\/\/ucnoqta.az\/index.php?rest_route=\/wp\/v2\/posts\/69931","targetHints":{"allow":["GET"]}}],"collection":[{"href":"https:\/\/ucnoqta.az\/index.php?rest_route=\/wp\/v2\/posts"}],"about":[{"href":"https:\/\/ucnoqta.az\/index.php?rest_route=\/wp\/v2\/types\/post"}],"author":[{"embeddable":true,"href":"https:\/\/ucnoqta.az\/index.php?rest_route=\/wp\/v2\/users\/1"}],"replies":[{"embeddable":true,"href":"https:\/\/ucnoqta.az\/index.php?rest_route=%2Fwp%2Fv2%2Fcomments&post=69931"}],"version-history":[{"count":0,"href":"https:\/\/ucnoqta.az\/index.php?rest_route=\/wp\/v2\/posts\/69931\/revisions"}],"wp:featuredmedia":[{"embeddable":true,"href":"https:\/\/ucnoqta.az\/index.php?rest_route=\/wp\/v2\/media\/251278"}],"wp:attachment":[{"href":"https:\/\/ucnoqta.az\/index.php?rest_route=%2Fwp%2Fv2%2Fmedia&parent=69931"}],"wp:term":[{"taxonomy":"category","embeddable":true,"href":"https:\/\/ucnoqta.az\/index.php?rest_route=%2Fwp%2Fv2%2Fcategories&post=69931"},{"taxonomy":"post_tag","embeddable":true,"href":"https:\/\/ucnoqta.az\/index.php?rest_route=%2Fwp%2Fv2%2Ftags&post=69931"}],"curies":[{"name":"wp","href":"https:\/\/api.w.org\/{rel}","templated":true}]}}