{"id":69926,"date":"2018-10-18T12:12:04","date_gmt":"2018-10-18T08:12:04","guid":{"rendered":""},"modified":"-0001-11-30T00:00:00","modified_gmt":"-0001-11-29T20:00:00","slug":"","status":"publish","type":"post","link":"https:\/\/ucnoqta.az\/?p=69926","title":{"rendered":"\u00c7oban yolda\u015f\u0131n\u0131 g\u00fcll\u0259l\u0259y\u0259n \u015f\u0259xsin daha bir n\u0259f\u0259ri \u00f6ld\u00fcrd\u00fcy\u00fc a\u015fkarlan\u0131b"},"content":{"rendered":"<p><strong>Oktyabr\u0131n 14-d\u0259 saat 23 rad\u0259l\u0259rind\u0259 Saatl\u0131 rayonu \u0259razisind\u0259 Goranboy rayon sakini S\u0259rxan Mirz\u0259yevin \u0259lind\u0259n ald\u0131\u011f\u0131 g&uuml;ll\u0259 yaras\u0131 il\u0259 x\u0259st\u0259xanaya g\u0259tirilm\u0259si bar\u0259d\u0259 daxil olmu\u015f m\u0259lumatla \u0259laq\u0259dar d\u0259rhal polis v\u0259 prokurorluq orqanlar\u0131n\u0131n \u0259m\u0259kda\u015flar\u0131 t\u0259r\u0259find\u0259n m&uuml;vafiq t\u0259dbirl\u0259r g&ouml;r&uuml;l&uuml;b.<\/strong><\/p>\n<p>D\u0130N-nin m\u0259tbuat xidm\u0259tind\u0259n Ucnoqta.az-a veril\u0259n m\u0259lumata g&ouml;r\u0259, ara\u015fd\u0131rmalarla m&uuml;\u0259yy\u0259n edilib ki, rayonun Orta Mu\u011fan k\u0259ndind\u0259ki fermalar\u0131n birind\u0259 &ccedil;oban i\u015fl\u0259y\u0259n S.Mirz\u0259yev x\u0259sar\u0259ti dig\u0259r &ccedil;oban yolda\u015f\u0131, \u0130mi\u015fli rayon sakini Aq\u015fin Astanovun ov t&uuml;f\u0259ngind\u0259n a&ccedil;d\u0131\u011f\u0131 at\u0259\u015f n\u0259tic\u0259sind\u0259 al\u0131b.<br \/>\nD\u0259rhal ke&ccedil;irilmi\u015f t\u0259xir\u0259sal\u0131nmaz t\u0259dbirl\u0259rl\u0259 A.Astanov \u0130mi\u015fli rayonunun \u0259razisind\u0259 saxlan\u0131l\u0131b.<\/p>\n<p>\u0130stintaq-\u0259m\u0259liyyat t\u0259dbirl\u0259ri il\u0259 A.Astanovun h\u0259min g&uuml;n ax\u015fam t&ouml;r\u0259tdiyi daha bir a\u011f\u0131r cinay\u0259tin &uuml;st&uuml; a&ccedil;\u0131l\u0131b.<br \/>\nBel\u0259 ki, bu \u015f\u0259xsin Sabirabad rayonunun X\u0259lf\u0259li k\u0259ndi \u0259razisind\u0259 onunla birg\u0259 i\u015fl\u0259y\u0259n Bak\u0131 \u015f\u0259h\u0259r sakini Natiq G&uuml;lbalayevl\u0259 aralar\u0131nda ba\u015f vermi\u015f m&uuml;naqi\u015f\u0259 z\u0259minind\u0259 t&uuml;f\u0259ngd\u0259n a&ccedil;d\u0131\u011f\u0131 at\u0259\u015fl\u0259 sonuncunu q\u0259tl\u0259 yetirm\u0259si, meyitini is\u0259 h\u0259min k\u0259ndin \u0259razisind\u0259n ke&ccedil;\u0259n kanala atmas\u0131 m&uuml;\u0259yy\u0259n edilib.<br \/>\nMeyitin v\u0259 cinay\u0259t t&ouml;r\u0259dil\u0259rk\u0259n istifad\u0259 edilmi\u015f t&uuml;f\u0259ngin tap\u0131lmas\u0131 istiqam\u0259tind\u0259 t\u0259dbirl\u0259r g&ouml;r&uuml;l&uuml;r.<br \/>\nFaktla ba\u011fl\u0131 Cinay\u0259t M\u0259c\u0259ll\u0259sinin 120-ci (q\u0259sd\u0259n adam &ouml;ld&uuml;rm\u0259) madd\u0259si il\u0259 cinay\u0259t i\u015fi ba\u015flan\u0131l\u0131b.<\/p>\n<p>\u0130stintaq v\u0259 \u0259m\u0259liyyat-axtar\u0131\u015f t\u0259dbirl\u0259ri davam etdirilir.<\/p>\n","protected":false},"excerpt":{"rendered":"<p>Oktyabr\u0131n 14-d\u0259 saat 23 rad\u0259l\u0259rind\u0259 Saatl\u0131 rayonu \u0259razisind\u0259 Goranboy rayon sakini S\u0259rxan Mirz\u0259yevin \u0259lind\u0259n ald\u0131\u011f\u0131 g&uuml;ll\u0259 yaras\u0131 il\u0259 x\u0259st\u0259xanaya g\u0259tirilm\u0259si bar\u0259d\u0259 daxil olmu\u015f m\u0259lumatla \u0259laq\u0259dar d\u0259rhal polis v\u0259 prokurorluq orqanlar\u0131n\u0131n&hellip;<\/p>\n","protected":false},"author":1,"featured_media":251278,"comment_status":"open","ping_status":"open","sticky":false,"template":"","format":"standard","meta":{"_lmt_disableupdate":"","_lmt_disable":"","footnotes":""},"categories":[],"tags":[],"class_list":["post-69926","post","type-post","status-publish","format-standard","has-post-thumbnail","hentry"],"_links":{"self":[{"href":"https:\/\/ucnoqta.az\/index.php?rest_route=\/wp\/v2\/posts\/69926","targetHints":{"allow":["GET"]}}],"collection":[{"href":"https:\/\/ucnoqta.az\/index.php?rest_route=\/wp\/v2\/posts"}],"about":[{"href":"https:\/\/ucnoqta.az\/index.php?rest_route=\/wp\/v2\/types\/post"}],"author":[{"embeddable":true,"href":"https:\/\/ucnoqta.az\/index.php?rest_route=\/wp\/v2\/users\/1"}],"replies":[{"embeddable":true,"href":"https:\/\/ucnoqta.az\/index.php?rest_route=%2Fwp%2Fv2%2Fcomments&post=69926"}],"version-history":[{"count":0,"href":"https:\/\/ucnoqta.az\/index.php?rest_route=\/wp\/v2\/posts\/69926\/revisions"}],"wp:featuredmedia":[{"embeddable":true,"href":"https:\/\/ucnoqta.az\/index.php?rest_route=\/wp\/v2\/media\/251278"}],"wp:attachment":[{"href":"https:\/\/ucnoqta.az\/index.php?rest_route=%2Fwp%2Fv2%2Fmedia&parent=69926"}],"wp:term":[{"taxonomy":"category","embeddable":true,"href":"https:\/\/ucnoqta.az\/index.php?rest_route=%2Fwp%2Fv2%2Fcategories&post=69926"},{"taxonomy":"post_tag","embeddable":true,"href":"https:\/\/ucnoqta.az\/index.php?rest_route=%2Fwp%2Fv2%2Ftags&post=69926"}],"curies":[{"name":"wp","href":"https:\/\/api.w.org\/{rel}","templated":true}]}}