{"id":69921,"date":"2018-10-18T11:34:46","date_gmt":"2018-10-18T07:34:46","guid":{"rendered":""},"modified":"-0001-11-30T00:00:00","modified_gmt":"-0001-11-29T20:00:00","slug":"","status":"publish","type":"post","link":"https:\/\/ucnoqta.az\/?p=69921","title":{"rendered":"Allah\u015f\u00fck\u00fcr Pa\u015fazad\u0259 Avstriyaya gedib"},"content":{"rendered":"<p><strong>Qafqaz M&uuml;s\u0259lmanlar\u0131 \u0130dar\u0259sinin s\u0259dri \u015feyx&uuml;lislam Allah\u015f&uuml;k&uuml;r Pa\u015fazad\u0259 Avstriyan\u0131n paytaxt\u0131 Vyana \u015f\u0259h\u0259rin\u0259 s\u0259f\u0259r\u0259 gedib.&nbsp;&nbsp;<\/strong><\/p>\n<p>Ucnoqta.az x\u0259b\u0259r verir ki, QM\u0130-nin m\u0259tbuat xidm\u0259tind\u0259n &quot;Report&quot;a veril\u0259n m\u0259lumata g&ouml;r\u0259, s\u0259f\u0259rd\u0259 m\u0259qs\u0259d oktyabr ay\u0131n\u0131n 19-da Vyanada ke&ccedil;iril\u0259c\u0259k KA\u0130C\u0130\u0130D Dialoq M\u0259rk\u0259zinin Direktorlar \u015euras\u0131n\u0131n n&ouml;vb\u0259ti &#8211; 19-cu sessiyas\u0131nda i\u015ftirak etm\u0259kdir.<br \/>\nD&uuml;nyan\u0131n \u0259n n&uuml;fuzlu beyn\u0259lxalq h&ouml;kum\u0259tl\u0259raras\u0131 t\u0259\u015fkilatlar\u0131ndan olan KA\u0130C\u0130\u0130D-in 9 n\u0259f\u0259rlik Direktorlar \u015euras\u0131nda yer alan yegan\u0259 m&uuml;s\u0259lman dini lider A.Pa\u015fazad\u0259 qat\u0131laca\u011f\u0131 sessiyan\u0131n g&uuml;nd\u0259liyind\u0259 bir s\u0131ra &ouml;n\u0259mli m\u0259s\u0259l\u0259l\u0259r, o c&uuml;ml\u0259d\u0259n m\u0259rk\u0259zin idar\u0259etm\u0259 sistemind\u0259 m&uuml;h&uuml;m d\u0259yi\u015fiklikl\u0259rl\u0259 ba\u011fl\u0131, o c&uuml;ml\u0259d\u0259n, insani resurslar bar\u0259d\u0259 t\u0259qdimat, KA\u0130C\u0130\u0130D idar\u0259etm\u0259 strategiyas\u0131 \u0259traf\u0131nda m&uuml;zakir\u0259l\u0259rin davam etdirilm\u0259si n\u0259z\u0259rd\u0259 tutulub.<\/p>\n<p>Toplant\u0131n\u0131n proqram\u0131na dinl\u0259raras\u0131 dialoqa dair beyn\u0259lxalq d&ouml;vl\u0259tl\u0259raras\u0131 koordinasiya m\u0259s\u0259l\u0259l\u0259ri, h\u0259m&ccedil;inin, G20 &ccedil;\u0259r&ccedil;iv\u0259sind\u0259 Dinl\u0259raras\u0131 Forumun inki\u015faf perspektivl\u0259ri kimi qlobal \u0259h\u0259miyy\u0259tli m\u0259s\u0259l\u0259l\u0259r daxildir.<\/p>\n<p>S\u0259f\u0259r oktyabr\u0131n 20-d\u0259k davam ed\u0259c\u0259k.&nbsp;<\/p>\n<p>Qeyd ed\u0259k ki, KAICIID Beyn\u0259lxalq Dinl\u0259raras\u0131 v\u0259 M\u0259d\u0259niyy\u0259tl\u0259raras\u0131 Dialoq M\u0259rk\u0259zi S\u0259udiyy\u0259 \u018fr\u0259bistan\u0131, \u0130spaniya, Avstriya t\u0259r\u0259find\u0259n t\u0259sis olunmu\u015f v\u0259 Vatikan d&ouml;vl\u0259tinin ba\u015f m&uuml;\u015fahid\u0259&ccedil;i kimi &ccedil;\u0131x\u0131\u015f etdiyi beyn\u0259lxalq h&ouml;kum\u0259tl\u0259raras\u0131 t\u0259\u015fkilatd\u0131r. Qurumun \u0259sas v\u0259zif\u0259si d&uuml;nyada ba\u015f ver\u0259n m&uuml;naqi\u015f\u0259l\u0259rin qar\u015f\u0131s\u0131n\u0131 almaq, onlar\u0131 aradan qald\u0131rmaq &uuml;&ccedil;&uuml;n d&uuml;nya s\u0259viyy\u0259sind\u0259 dinl\u0259raras\u0131 v\u0259 m\u0259d\u0259niyy\u0259tl\u0259raras\u0131 dialoqu t\u0259\u015fviq etm\u0259kdir. Q\u0259rargah\u0131 Vyana \u015f\u0259h\u0259rind\u0259 yerl\u0259\u015fir.<\/p>\n","protected":false},"excerpt":{"rendered":"<p>Qafqaz M&uuml;s\u0259lmanlar\u0131 \u0130dar\u0259sinin s\u0259dri \u015feyx&uuml;lislam Allah\u015f&uuml;k&uuml;r Pa\u015fazad\u0259 Avstriyan\u0131n paytaxt\u0131 Vyana \u015f\u0259h\u0259rin\u0259 s\u0259f\u0259r\u0259 gedib.&nbsp;&nbsp; Ucnoqta.az x\u0259b\u0259r verir ki, QM\u0130-nin m\u0259tbuat xidm\u0259tind\u0259n &quot;Report&quot;a veril\u0259n m\u0259lumata g&ouml;r\u0259, s\u0259f\u0259rd\u0259 m\u0259qs\u0259d oktyabr ay\u0131n\u0131n 19-da Vyanada&hellip;<\/p>\n","protected":false},"author":1,"featured_media":251278,"comment_status":"open","ping_status":"open","sticky":false,"template":"","format":"standard","meta":{"_lmt_disableupdate":"","_lmt_disable":"","footnotes":""},"categories":[],"tags":[],"class_list":["post-69921","post","type-post","status-publish","format-standard","has-post-thumbnail","hentry"],"_links":{"self":[{"href":"https:\/\/ucnoqta.az\/index.php?rest_route=\/wp\/v2\/posts\/69921","targetHints":{"allow":["GET"]}}],"collection":[{"href":"https:\/\/ucnoqta.az\/index.php?rest_route=\/wp\/v2\/posts"}],"about":[{"href":"https:\/\/ucnoqta.az\/index.php?rest_route=\/wp\/v2\/types\/post"}],"author":[{"embeddable":true,"href":"https:\/\/ucnoqta.az\/index.php?rest_route=\/wp\/v2\/users\/1"}],"replies":[{"embeddable":true,"href":"https:\/\/ucnoqta.az\/index.php?rest_route=%2Fwp%2Fv2%2Fcomments&post=69921"}],"version-history":[{"count":0,"href":"https:\/\/ucnoqta.az\/index.php?rest_route=\/wp\/v2\/posts\/69921\/revisions"}],"wp:featuredmedia":[{"embeddable":true,"href":"https:\/\/ucnoqta.az\/index.php?rest_route=\/wp\/v2\/media\/251278"}],"wp:attachment":[{"href":"https:\/\/ucnoqta.az\/index.php?rest_route=%2Fwp%2Fv2%2Fmedia&parent=69921"}],"wp:term":[{"taxonomy":"category","embeddable":true,"href":"https:\/\/ucnoqta.az\/index.php?rest_route=%2Fwp%2Fv2%2Fcategories&post=69921"},{"taxonomy":"post_tag","embeddable":true,"href":"https:\/\/ucnoqta.az\/index.php?rest_route=%2Fwp%2Fv2%2Ftags&post=69921"}],"curies":[{"name":"wp","href":"https:\/\/api.w.org\/{rel}","templated":true}]}}