{"id":69920,"date":"2018-10-18T12:12:49","date_gmt":"2018-10-18T08:12:49","guid":{"rendered":""},"modified":"-0001-11-30T00:00:00","modified_gmt":"-0001-11-29T20:00:00","slug":"","status":"publish","type":"post","link":"https:\/\/ucnoqta.az\/?p=69920","title":{"rendered":"Az\u0259rbaycanl\u0131 xan\u0259nd\u0259 qarda\u015f \u00f6lk\u0259nin \u201cK\u00f6n\u00fcl ba\u011f\u0131\u201dna qonaq oldu"},"content":{"rendered":"<p><strong>Az\u0259rbaycanl\u0131 xan\u0259nd\u0259 G&uuml;lnar \u0130sayeva T&uuml;rkiy\u0259nin birinci kanal\u0131, &ldquo;TRT-M&uuml;zik&rdquo; musiqi kanal\u0131n\u0131n &ldquo;K&ouml;n&uuml;l ba\u011f\u0131&rdquo; proqram\u0131nda qonaq olub. <\/strong><\/p>\n<p>Ucnoqta.az x\u0259b\u0259r verir ki, o, Az\u0259rbaycan mahn\u0131 v\u0259 mu\u011famlar\u0131n\u0131 G&uuml;lnar\u0259 X\u0259lilovaya m\u0259xsus milli geyimd\u0259 ifa edib. Verili\u015fd\u0259 xan\u0259nd\u0259 &ldquo;El\u0259 baxma g&ouml;zl\u0259rin\u0259 g&ouml;z d\u0259y\u0259r&rdquo;, &ldquo;Bu ayr\u0131l\u0131q n\u0259d\u0259n oldu&rdquo;, &ldquo;Sar\u0131 g\u0259lin&rdquo;, &ldquo;Bu qala da\u015fl\u0131 qala&rdquo;, &ldquo;S\u0259n M&uuml;fiqin yan\u0131nda qal s\u0259n\u0259 qurban&rdquo;, &ldquo;Da\u011flarda duman g&ouml;z\u0259ldir&rdquo; mahn\u0131lar\u0131 il\u0259 b\u0259rab\u0259r, t&uuml;rk s\u0259n\u0259t&ccedil;isi Ali &Ccedil;akarla birlikd\u0259&nbsp; duet oxuyub.<\/p>\n","protected":false},"excerpt":{"rendered":"<p>Az\u0259rbaycanl\u0131 xan\u0259nd\u0259 G&uuml;lnar \u0130sayeva T&uuml;rkiy\u0259nin birinci kanal\u0131, &ldquo;TRT-M&uuml;zik&rdquo; musiqi kanal\u0131n\u0131n &ldquo;K&ouml;n&uuml;l ba\u011f\u0131&rdquo; proqram\u0131nda qonaq olub. Ucnoqta.az x\u0259b\u0259r verir ki, o, Az\u0259rbaycan mahn\u0131 v\u0259 mu\u011famlar\u0131n\u0131 G&uuml;lnar\u0259 X\u0259lilovaya m\u0259xsus milli geyimd\u0259 ifa&hellip;<\/p>\n","protected":false},"author":1,"featured_media":251278,"comment_status":"open","ping_status":"open","sticky":false,"template":"","format":"standard","meta":{"_lmt_disableupdate":"","_lmt_disable":"","footnotes":""},"categories":[102],"tags":[],"class_list":["post-69920","post","type-post","status-publish","format-standard","has-post-thumbnail","hentry","category-medeniyyet-butun-xeberler"],"_links":{"self":[{"href":"https:\/\/ucnoqta.az\/index.php?rest_route=\/wp\/v2\/posts\/69920","targetHints":{"allow":["GET"]}}],"collection":[{"href":"https:\/\/ucnoqta.az\/index.php?rest_route=\/wp\/v2\/posts"}],"about":[{"href":"https:\/\/ucnoqta.az\/index.php?rest_route=\/wp\/v2\/types\/post"}],"author":[{"embeddable":true,"href":"https:\/\/ucnoqta.az\/index.php?rest_route=\/wp\/v2\/users\/1"}],"replies":[{"embeddable":true,"href":"https:\/\/ucnoqta.az\/index.php?rest_route=%2Fwp%2Fv2%2Fcomments&post=69920"}],"version-history":[{"count":0,"href":"https:\/\/ucnoqta.az\/index.php?rest_route=\/wp\/v2\/posts\/69920\/revisions"}],"wp:featuredmedia":[{"embeddable":true,"href":"https:\/\/ucnoqta.az\/index.php?rest_route=\/wp\/v2\/media\/251278"}],"wp:attachment":[{"href":"https:\/\/ucnoqta.az\/index.php?rest_route=%2Fwp%2Fv2%2Fmedia&parent=69920"}],"wp:term":[{"taxonomy":"category","embeddable":true,"href":"https:\/\/ucnoqta.az\/index.php?rest_route=%2Fwp%2Fv2%2Fcategories&post=69920"},{"taxonomy":"post_tag","embeddable":true,"href":"https:\/\/ucnoqta.az\/index.php?rest_route=%2Fwp%2Fv2%2Ftags&post=69920"}],"curies":[{"name":"wp","href":"https:\/\/api.w.org\/{rel}","templated":true}]}}