{"id":69894,"date":"2018-10-17T20:38:17","date_gmt":"2018-10-17T16:38:17","guid":{"rendered":""},"modified":"-0001-11-30T00:00:00","modified_gmt":"-0001-11-29T20:00:00","slug":"","status":"publish","type":"post","link":"https:\/\/ucnoqta.az\/?p=69894","title":{"rendered":"AB\u015e-\u0131n d\u00f6vl\u0259t katibi: &#8220;T\u00fcrkiy\u0259y\u0259 qar\u015f\u0131 sanksiyalar\u0131n l\u0259\u011fvi il\u0259 ba\u011fl\u0131 q\u0259rar tezlikl\u0259 veril\u0259c\u0259k&#8221;"},"content":{"rendered":"<p><strong>&quot;AB\u015e T&uuml;rkiy\u0259y\u0259 qar\u015f\u0131 t\u0259tbiq etdiyi sanksiyalar\u0131n l\u0259\u011fv edilib-edilm\u0259m\u0259si il\u0259 ba\u011fl\u0131 yax\u0131n vaxtlarda q\u0259rar ver\u0259c\u0259k&quot;.<\/strong><\/p>\n<p>Bunu AB\u015e-\u0131n d&ouml;vl\u0259t katibi Maykl Pompeo T&uuml;rkiy\u0259y\u0259 s\u0259f\u0259ri zaman\u0131 bildirib.<br \/>\nQeyd ed\u0259k ki, AB\u015e h&ouml;kum\u0259ti casusluqda ittiham olunan amerikal\u0131 ke\u015fi\u015f Endryu Bransonun h\u0259bsin\u0259 g&ouml;r\u0259 T&uuml;rkiy\u0259y\u0259 qar\u015f\u0131 sanksiya t\u0259tbiq edib. AB\u015e v\u0259t\u0259nda\u015f\u0131 olan ke\u015fi\u015f is\u0259 bu g&uuml;nl\u0259rd\u0259 azadl\u0131\u011fa burax\u0131l\u0131b.report<\/p>\n","protected":false},"excerpt":{"rendered":"<p>&quot;AB\u015e T&uuml;rkiy\u0259y\u0259 qar\u015f\u0131 t\u0259tbiq etdiyi sanksiyalar\u0131n l\u0259\u011fv edilib-edilm\u0259m\u0259si il\u0259 ba\u011fl\u0131 yax\u0131n vaxtlarda q\u0259rar ver\u0259c\u0259k&quot;. Bunu AB\u015e-\u0131n d&ouml;vl\u0259t katibi Maykl Pompeo T&uuml;rkiy\u0259y\u0259 s\u0259f\u0259ri zaman\u0131 bildirib. Qeyd ed\u0259k ki, AB\u015e h&ouml;kum\u0259ti casusluqda&hellip;<\/p>\n","protected":false},"author":1,"featured_media":251278,"comment_status":"open","ping_status":"open","sticky":false,"template":"","format":"standard","meta":{"_lmt_disableupdate":"","_lmt_disable":"","footnotes":""},"categories":[89],"tags":[],"class_list":["post-69894","post","type-post","status-publish","format-standard","has-post-thumbnail","hentry","category-dunya-butun-xeberler"],"_links":{"self":[{"href":"https:\/\/ucnoqta.az\/index.php?rest_route=\/wp\/v2\/posts\/69894","targetHints":{"allow":["GET"]}}],"collection":[{"href":"https:\/\/ucnoqta.az\/index.php?rest_route=\/wp\/v2\/posts"}],"about":[{"href":"https:\/\/ucnoqta.az\/index.php?rest_route=\/wp\/v2\/types\/post"}],"author":[{"embeddable":true,"href":"https:\/\/ucnoqta.az\/index.php?rest_route=\/wp\/v2\/users\/1"}],"replies":[{"embeddable":true,"href":"https:\/\/ucnoqta.az\/index.php?rest_route=%2Fwp%2Fv2%2Fcomments&post=69894"}],"version-history":[{"count":0,"href":"https:\/\/ucnoqta.az\/index.php?rest_route=\/wp\/v2\/posts\/69894\/revisions"}],"wp:featuredmedia":[{"embeddable":true,"href":"https:\/\/ucnoqta.az\/index.php?rest_route=\/wp\/v2\/media\/251278"}],"wp:attachment":[{"href":"https:\/\/ucnoqta.az\/index.php?rest_route=%2Fwp%2Fv2%2Fmedia&parent=69894"}],"wp:term":[{"taxonomy":"category","embeddable":true,"href":"https:\/\/ucnoqta.az\/index.php?rest_route=%2Fwp%2Fv2%2Fcategories&post=69894"},{"taxonomy":"post_tag","embeddable":true,"href":"https:\/\/ucnoqta.az\/index.php?rest_route=%2Fwp%2Fv2%2Ftags&post=69894"}],"curies":[{"name":"wp","href":"https:\/\/api.w.org\/{rel}","templated":true}]}}