{"id":64529,"date":"2018-05-21T20:00:28","date_gmt":"2018-05-21T16:00:28","guid":{"rendered":""},"modified":"-0001-11-30T00:00:00","modified_gmt":"-0001-11-29T20:00:00","slug":"","status":"publish","type":"post","link":"https:\/\/ucnoqta.az\/?p=64529","title":{"rendered":"AB\u015e d\u00f6vl\u0259t katibi: \u0130ran bu \u015f\u0259rtl\u0259ri q\u0259bul etm\u0259s\u0259 &#8230;"},"content":{"rendered":"<p>AB\u015e d\u00f6vl\u0259t katibi Maykl Pompeo \u0130ranla yeni raz\u0131la\u015fma imzalanmas\u0131 \u00fc\u00e7\u00fcn 12 \u015f\u0259rt ir\u0259li s\u00fcr\u00fcb.<\/p>\n<p>\u00a0<\/p>\n<p>APA-n\u0131n \u201cAssociated Press\u201d agentliyin\u0259 istinad\u0259n verdiyi m\u0259lumata g\u00f6r\u0259, AB\u015e d\u00f6vl\u0259t katibi deyib ki, Tehran uran\u0131n z\u0259nginl\u0259\u015fdirilm\u0259si \u00fczr\u0259 i\u015fl\u0259ri dayand\u0131rmal\u0131 v\u0259 he\u00e7 vaxt pluton emal\u0131 il\u0259 m\u0259\u015f\u011ful olmamal\u0131d\u0131r.<\/p>\n<p>\u00a0<\/p>\n<p>M. Pompeo \u0130ran\u0131n ballistik raketl\u0259rin yay\u0131lmas\u0131n\u0131 v\u0259 raket haz\u0131rlanmas\u0131n\u0131 dayand\u0131rmal\u0131 oldu\u011funu bildirib. Eyni zamanda, o qeyd edib ki, Tehran Yax\u0131n \u015e\u0259rqd\u0259 f\u0259aliyy\u0259t g\u00f6st\u0259r\u0259n terror\u00e7u qrupla\u015fmalar\u0131 maliyy\u0259l\u0259\u015fdirm\u0259m\u0259lidir. AB\u015e \u0130ran\u0131n Suriyadak\u0131 b\u00fct\u00fcn q\u00fcvv\u0259l\u0259rini \u00e7\u0131xarmas\u0131n\u0131 da ist\u0259yir.<\/p>\n<p>\u00a0<\/p>\n<p>M. Pompeo deyib ki, \u0130ran bu \u015f\u0259rtl\u0259ri q\u0259bul edib, siyas\u0259tini d\u0259yi\u015fm\u0259s\u0259, ona qar\u015f\u0131 tarixin \u0259n a\u011f\u0131r sanksiyalar\u0131 t\u0259tbiq edil\u0259c\u0259k.<\/p>\n<p>\u00a0<\/p>\n<p>Qeyd ed\u0259k ki, bu il may\u0131n 8-d\u0259 AB\u015e prezidenti Donald Tramp \u00f6lk\u0259sinin \u0130ranla n\u00fcv\u0259 proqram\u0131na dair imzalanm\u0131\u015f raz\u0131la\u015fmadan \u00e7\u0131xd\u0131\u011f\u0131n\u0131 b\u0259yan edib. Bu raz\u0131la\u015fma Tehran\u0131n n\u00fcv\u0259 sah\u0259sind\u0259 f\u0259aliyy\u0259tinin m\u0259hdudla\u015fd\u0131r\u0131lmas\u0131 qar\u015f\u0131l\u0131\u011f\u0131nda BMT T\u0259hl\u00fck\u0259sizlik \u015euras\u0131, o c\u00fcml\u0259d\u0259n AB\u015e v\u0259 Avropa \u0130ttifaq\u0131n\u0131n t\u0259tbiq etdiyi sanksiyalar\u0131n qald\u0131r\u0131lmas\u0131n\u0131 n\u0259z\u0259rd\u0259 tutub.<\/p>\n","protected":false},"excerpt":{"rendered":"<p>AB\u015e d\u00f6vl\u0259t katibi Maykl Pompeo \u0130ranla yeni raz\u0131la\u015fma imzalanmas\u0131 \u00fc\u00e7\u00fcn 12 \u015f\u0259rt ir\u0259li s\u00fcr\u00fcb. \u00a0 APA-n\u0131n \u201cAssociated Press\u201d agentliyin\u0259 istinad\u0259n verdiyi m\u0259lumata g\u00f6r\u0259, AB\u015e d\u00f6vl\u0259t katibi deyib ki, Tehran uran\u0131n&hellip;<\/p>\n","protected":false},"author":1,"featured_media":251278,"comment_status":"open","ping_status":"open","sticky":false,"template":"","format":"standard","meta":{"_lmt_disableupdate":"","_lmt_disable":"","footnotes":""},"categories":[89],"tags":[],"class_list":["post-64529","post","type-post","status-publish","format-standard","has-post-thumbnail","hentry","category-dunya-butun-xeberler"],"_links":{"self":[{"href":"https:\/\/ucnoqta.az\/index.php?rest_route=\/wp\/v2\/posts\/64529","targetHints":{"allow":["GET"]}}],"collection":[{"href":"https:\/\/ucnoqta.az\/index.php?rest_route=\/wp\/v2\/posts"}],"about":[{"href":"https:\/\/ucnoqta.az\/index.php?rest_route=\/wp\/v2\/types\/post"}],"author":[{"embeddable":true,"href":"https:\/\/ucnoqta.az\/index.php?rest_route=\/wp\/v2\/users\/1"}],"replies":[{"embeddable":true,"href":"https:\/\/ucnoqta.az\/index.php?rest_route=%2Fwp%2Fv2%2Fcomments&post=64529"}],"version-history":[{"count":0,"href":"https:\/\/ucnoqta.az\/index.php?rest_route=\/wp\/v2\/posts\/64529\/revisions"}],"wp:featuredmedia":[{"embeddable":true,"href":"https:\/\/ucnoqta.az\/index.php?rest_route=\/wp\/v2\/media\/251278"}],"wp:attachment":[{"href":"https:\/\/ucnoqta.az\/index.php?rest_route=%2Fwp%2Fv2%2Fmedia&parent=64529"}],"wp:term":[{"taxonomy":"category","embeddable":true,"href":"https:\/\/ucnoqta.az\/index.php?rest_route=%2Fwp%2Fv2%2Fcategories&post=64529"},{"taxonomy":"post_tag","embeddable":true,"href":"https:\/\/ucnoqta.az\/index.php?rest_route=%2Fwp%2Fv2%2Ftags&post=64529"}],"curies":[{"name":"wp","href":"https:\/\/api.w.org\/{rel}","templated":true}]}}