{"id":64522,"date":"2018-05-21T15:40:34","date_gmt":"2018-05-21T11:40:34","guid":{"rendered":""},"modified":"-0001-11-30T00:00:00","modified_gmt":"-0001-11-29T20:00:00","slug":"","status":"publish","type":"post","link":"https:\/\/ucnoqta.az\/?p=64522","title":{"rendered":"<font color=red><b>Vaqif \u018fliyev m\u0259d\u0259niyy\u0259t nazirinin birinci m\u00fcavini t\u0259yin olunub<\/b><\/font>"},"content":{"rendered":"<p>&nbsp;<\/p>\n<p>Az\u0259rbaycan Prezidentinin 18 may 2018-ci tarixli S\u0259r\u0259ncam\u0131na uy\u011fun olaraq Vaqif Qadir o\u011flu \u018fliyev m\u0259d\u0259niyy\u0259t nazirinin birinci m&uuml;avini v\u0259zif\u0259sin\u0259 t\u0259yin olunub.<\/p>\n<p>M\u0259d\u0259niyy\u0259t Nazirliyind\u0259n Trend-\u0259 veril\u0259n m\u0259lumata g&ouml;r\u0259, Vaqif \u018fliyev 1953-c&uuml; il iyul ay\u0131n\u0131n 17-d\u0259 anadan olub. 1975-ci ild\u0259 Az\u0259rbaycan D&ouml;vl\u0259t Universitetinin fizika fak&uuml;lt\u0259sini bitirib. 1975-1982-ci ill\u0259rd\u0259 Az\u0259rbaycan Milli Elml\u0259r Akademiyas\u0131 T\u0259bii Ehtiyatlar\u0131n Kosmik T\u0259dqiqatlar\u0131 \u0130nstitutunda m&uuml;h\u0259ndis, ki&ccedil;ik elmi i\u015f&ccedil;i, qrup r\u0259hb\u0259ri, ba\u015f m&uuml;\u0259llim v\u0259zif\u0259l\u0259rind\u0259 i\u015fl\u0259yib. 1982-1988-ci ill\u0259rd\u0259 Az\u0259rbaycan D&ouml;vl\u0259t Universiteti komsomol komit\u0259sinin katibi, 1988-1994-c&uuml; ill\u0259rd\u0259 BDU-nun fizika fak&uuml;lt\u0259sind\u0259 ba\u015f m&uuml;\u0259llim v\u0259zif\u0259sind\u0259 &ccedil;al\u0131\u015f\u0131b.<\/p>\n<p>1994-2001-ci ill\u0259rd\u0259 g\u0259ncl\u0259r, idman nazirinin 1-ci m&uuml;avini, 2001-2003-c&uuml; ill\u0259rd\u0259 is\u0259 g\u0259ncl\u0259r, idman v\u0259 turizm nazirinin 1-ci m&uuml;avini v\u0259zif\u0259sind\u0259 &ccedil;al\u0131\u015f\u0131b. 2003-c&uuml; ild\u0259n 2011-ci il\u0259 kimi Sumqay\u0131t \u015f\u0259h\u0259r \u0130cra Hakimiyy\u0259tinin ba\u015f&ccedil;\u0131s\u0131 v\u0259zif\u0259sini tutub. 18 fevral 2011-ci il Prezident \u0130lham \u018fliyevin imzalad\u0131\u011f\u0131 s\u0259r\u0259ncama \u0259sas\u0259n Vaqif \u018fliyev m\u0259d\u0259niyy\u0259t v\u0259 turizm nazirinin 1-ci m&uuml;avini t\u0259yin olunub. Fizika-riyaziyyat elml\u0259ri namiz\u0259didir.<\/p>\n","protected":false},"excerpt":{"rendered":"<p>&nbsp; Az\u0259rbaycan Prezidentinin 18 may 2018-ci tarixli S\u0259r\u0259ncam\u0131na uy\u011fun olaraq Vaqif Qadir o\u011flu \u018fliyev m\u0259d\u0259niyy\u0259t nazirinin birinci m&uuml;avini v\u0259zif\u0259sin\u0259 t\u0259yin olunub. M\u0259d\u0259niyy\u0259t Nazirliyind\u0259n Trend-\u0259 veril\u0259n m\u0259lumata g&ouml;r\u0259, Vaqif \u018fliyev 1953-c&uuml;&hellip;<\/p>\n","protected":false},"author":1,"featured_media":251278,"comment_status":"open","ping_status":"open","sticky":false,"template":"","format":"standard","meta":{"_lmt_disableupdate":"","_lmt_disable":"","footnotes":""},"categories":[],"tags":[],"class_list":["post-64522","post","type-post","status-publish","format-standard","has-post-thumbnail","hentry"],"_links":{"self":[{"href":"https:\/\/ucnoqta.az\/index.php?rest_route=\/wp\/v2\/posts\/64522","targetHints":{"allow":["GET"]}}],"collection":[{"href":"https:\/\/ucnoqta.az\/index.php?rest_route=\/wp\/v2\/posts"}],"about":[{"href":"https:\/\/ucnoqta.az\/index.php?rest_route=\/wp\/v2\/types\/post"}],"author":[{"embeddable":true,"href":"https:\/\/ucnoqta.az\/index.php?rest_route=\/wp\/v2\/users\/1"}],"replies":[{"embeddable":true,"href":"https:\/\/ucnoqta.az\/index.php?rest_route=%2Fwp%2Fv2%2Fcomments&post=64522"}],"version-history":[{"count":0,"href":"https:\/\/ucnoqta.az\/index.php?rest_route=\/wp\/v2\/posts\/64522\/revisions"}],"wp:featuredmedia":[{"embeddable":true,"href":"https:\/\/ucnoqta.az\/index.php?rest_route=\/wp\/v2\/media\/251278"}],"wp:attachment":[{"href":"https:\/\/ucnoqta.az\/index.php?rest_route=%2Fwp%2Fv2%2Fmedia&parent=64522"}],"wp:term":[{"taxonomy":"category","embeddable":true,"href":"https:\/\/ucnoqta.az\/index.php?rest_route=%2Fwp%2Fv2%2Fcategories&post=64522"},{"taxonomy":"post_tag","embeddable":true,"href":"https:\/\/ucnoqta.az\/index.php?rest_route=%2Fwp%2Fv2%2Ftags&post=64522"}],"curies":[{"name":"wp","href":"https:\/\/api.w.org\/{rel}","templated":true}]}}