{"id":64516,"date":"2018-05-21T13:41:37","date_gmt":"2018-05-21T09:41:37","guid":{"rendered":""},"modified":"-0001-11-30T00:00:00","modified_gmt":"-0001-11-29T20:00:00","slug":"","status":"publish","type":"post","link":"https:\/\/ucnoqta.az\/?p=64516","title":{"rendered":"D\u00fc\u015fm\u0259n t\u0259xribat\u0131n\u0131n qar\u015f\u0131s\u0131n\u0131 alark\u0259n h\u0259lak olan h\u0259rb\u00e7i A\u011fstafada d\u0259fn olunub- <font color=red><b>Fotolar<\/b><\/font>"},"content":{"rendered":"<p><strong>D&uuml;n\u0259n Az\u0259rbaycan-Erm\u0259nistan d&ouml;vl\u0259t s\u0259rh\u0259dinin Nax&ccedil;\u0131van Muxtar Respublikas\u0131 sah\u0259sind\u0259 d&uuml;\u015fm\u0259n t\u0259r\u0259finin n&ouml;vb\u0259ti t\u0259xribat\u0131n\u0131n qar\u015f\u0131s\u0131n\u0131 alark\u0259n h\u0259lak olan Az\u0259rbaycan Ordusunun h\u0259rbi qulluq&ccedil;usu Adil \u018fli o\u011flu Tatarov A\u011fstafa rayonunda d\u0259fn olunub.<\/strong><\/p>\n<p>Ucnoqta.az APA-ya istinad\u0259n x\u0259b\u0259r verir ki, \u015f\u0259hid \u0259sg\u0259rin Q\u0131raq K\u0259s\u0259m\u0259n k\u0259nind\u0259 olan evind\u0259 vida m\u0259rasimi ke&ccedil;irilib. M\u0259rasimd\u0259 rayon \u0130cra Hakimiyy\u0259tinin ba\u015f&ccedil;\u0131s\u0131 M\u0259h\u0259rr\u0259m Quliyev, \u015f\u0259hid h\u0259rb&ccedil;inin xidm\u0259t etdiyi h\u0259rbi hiss\u0259nin, M&uuml;dafi\u0259 Nazirliyinin t\u0259msil&ccedil;il\u0259ri &ccedil;\u0131x\u0131\u015f edibl\u0259r. Adil Tatarovun n&uuml;mun\u0259vi \u0259sg\u0259r oldu\u011fu, d&uuml;\u015fm\u0259n t\u0259xribat\u0131n\u0131n qar\u015f\u0131s\u0131n\u0131 alark\u0259n q\u0259hr\u0259mancas\u0131na \u015f\u0259hid oldu\u011fu vur\u011fulan\u0131b.<br \/>\n\u015e\u0259hid \u0259sg\u0259r Q\u0131raq K\u0259s\u0259m\u0259n k\u0259nd q\u0259biristanl\u0131\u011f\u0131nda torpa\u011fa tap\u015f\u0131r\u0131l\u0131b.<\/p>\n","protected":false},"excerpt":{"rendered":"<p>D&uuml;n\u0259n Az\u0259rbaycan-Erm\u0259nistan d&ouml;vl\u0259t s\u0259rh\u0259dinin Nax&ccedil;\u0131van Muxtar Respublikas\u0131 sah\u0259sind\u0259 d&uuml;\u015fm\u0259n t\u0259r\u0259finin n&ouml;vb\u0259ti t\u0259xribat\u0131n\u0131n qar\u015f\u0131s\u0131n\u0131 alark\u0259n h\u0259lak olan Az\u0259rbaycan Ordusunun h\u0259rbi qulluq&ccedil;usu Adil \u018fli o\u011flu Tatarov A\u011fstafa rayonunda d\u0259fn olunub. Ucnoqta.az APA-ya&hellip;<\/p>\n","protected":false},"author":1,"featured_media":251278,"comment_status":"open","ping_status":"open","sticky":false,"template":"","format":"standard","meta":{"_lmt_disableupdate":"","_lmt_disable":"","footnotes":""},"categories":[],"tags":[],"class_list":["post-64516","post","type-post","status-publish","format-standard","has-post-thumbnail","hentry"],"_links":{"self":[{"href":"https:\/\/ucnoqta.az\/index.php?rest_route=\/wp\/v2\/posts\/64516","targetHints":{"allow":["GET"]}}],"collection":[{"href":"https:\/\/ucnoqta.az\/index.php?rest_route=\/wp\/v2\/posts"}],"about":[{"href":"https:\/\/ucnoqta.az\/index.php?rest_route=\/wp\/v2\/types\/post"}],"author":[{"embeddable":true,"href":"https:\/\/ucnoqta.az\/index.php?rest_route=\/wp\/v2\/users\/1"}],"replies":[{"embeddable":true,"href":"https:\/\/ucnoqta.az\/index.php?rest_route=%2Fwp%2Fv2%2Fcomments&post=64516"}],"version-history":[{"count":0,"href":"https:\/\/ucnoqta.az\/index.php?rest_route=\/wp\/v2\/posts\/64516\/revisions"}],"wp:featuredmedia":[{"embeddable":true,"href":"https:\/\/ucnoqta.az\/index.php?rest_route=\/wp\/v2\/media\/251278"}],"wp:attachment":[{"href":"https:\/\/ucnoqta.az\/index.php?rest_route=%2Fwp%2Fv2%2Fmedia&parent=64516"}],"wp:term":[{"taxonomy":"category","embeddable":true,"href":"https:\/\/ucnoqta.az\/index.php?rest_route=%2Fwp%2Fv2%2Fcategories&post=64516"},{"taxonomy":"post_tag","embeddable":true,"href":"https:\/\/ucnoqta.az\/index.php?rest_route=%2Fwp%2Fv2%2Ftags&post=64516"}],"curies":[{"name":"wp","href":"https:\/\/api.w.org\/{rel}","templated":true}]}}