{"id":64515,"date":"2018-05-21T13:11:15","date_gmt":"2018-05-21T09:11:15","guid":{"rendered":""},"modified":"-0001-11-30T00:00:00","modified_gmt":"-0001-11-29T20:00:00","slug":"","status":"publish","type":"post","link":"https:\/\/ucnoqta.az\/?p=64515","title":{"rendered":"\u018fm\u0259k v\u0259 \u018fhalinin Sosial M\u00fcdafi\u0259si Nazirliyinin f\u0259aliyy\u0259ti t\u0259kmill\u0259\u015fdiril\u0259c\u0259k"},"content":{"rendered":"<p><strong>&quot;\u018fm\u0259k v\u0259 \u018fhalinin Sosial M&uuml;dafi\u0259si Nazirliyinin g&ouml;st\u0259rdiyi b&uuml;t&uuml;n xidm\u0259tl\u0259rd\u0259 \u015f\u0259ffafl\u0131\u011f\u0131n t\u0259min olunmas\u0131, s&uuml;r&uuml;nd&uuml;rm\u0259&ccedil;iliy\u0259 yol verilm\u0259m\u0259si v\u0259 sosial \u0259dal\u0259tin t\u0259min olunmas\u0131 bizim \u0259sas prioritetimiz olacaq&quot;.<\/strong><\/p>\n<p>Ucnoqta.az &quot;APA-Economics&quot;\u0259 istinad\u0259n x\u0259b\u0259r verir ki, bunu \u0259m\u0259k v\u0259 \u0259halinin sosial m&uuml;dafi\u0259si naziri Sahil Babayev deyib. Onun s&ouml;zl\u0259rin\u0259 g&ouml;r\u0259, bu &ccedil;\u0259r&ccedil;iv\u0259d\u0259 b&uuml;t&uuml;n istiqam\u0259tl\u0259r &uuml;zr\u0259 t\u0259kmill\u0259\u015fdirm\u0259 i\u015fl\u0259ri apar\u0131lacaq, \u0259haliy\u0259 daha yax\u015f\u0131 xidm\u0259tin g&ouml;st\u0259rilm\u0259si &uuml;&ccedil;&uuml;n m&uuml;vafiq t\u0259dbirl\u0259r g&ouml;r&uuml;l\u0259c\u0259k.<br \/>\n&quot;Sosial sektorun daha s\u0259m\u0259r\u0259li v\u0259 effektiv f\u0259aliyy\u0259ti &uuml;&ccedil;&uuml;n i\u015fl\u0259rimizi sistemli aparaca\u011f\u0131q. Konkret m\u0259s\u0259l\u0259l\u0259r\u0259 g\u0259ldikd\u0259, m&uuml;vafiq istiqam\u0259tl\u0259r &uuml;zr\u0259 i\u015f&ccedil;i qruplar yarad\u0131l\u0131b. \u0130\u015f&ccedil;i qruplar\u0131n f\u0259aliyy\u0259ti &ccedil;\u0259r&ccedil;iv\u0259sind\u0259 t\u0259klifl\u0259r haz\u0131rlanacaq v\u0259 m&uuml;vafiq q\u0259rarlar q\u0259bul edil\u0259c\u0259k&quot;,- dey\u0259 nazir \u0259lav\u0259 edib.<\/p>\n","protected":false},"excerpt":{"rendered":"<p>&quot;\u018fm\u0259k v\u0259 \u018fhalinin Sosial M&uuml;dafi\u0259si Nazirliyinin g&ouml;st\u0259rdiyi b&uuml;t&uuml;n xidm\u0259tl\u0259rd\u0259 \u015f\u0259ffafl\u0131\u011f\u0131n t\u0259min olunmas\u0131, s&uuml;r&uuml;nd&uuml;rm\u0259&ccedil;iliy\u0259 yol verilm\u0259m\u0259si v\u0259 sosial \u0259dal\u0259tin t\u0259min olunmas\u0131 bizim \u0259sas prioritetimiz olacaq&quot;. Ucnoqta.az &quot;APA-Economics&quot;\u0259 istinad\u0259n x\u0259b\u0259r verir ki,&hellip;<\/p>\n","protected":false},"author":1,"featured_media":251278,"comment_status":"open","ping_status":"open","sticky":false,"template":"","format":"standard","meta":{"_lmt_disableupdate":"","_lmt_disable":"","footnotes":""},"categories":[],"tags":[],"class_list":["post-64515","post","type-post","status-publish","format-standard","has-post-thumbnail","hentry"],"_links":{"self":[{"href":"https:\/\/ucnoqta.az\/index.php?rest_route=\/wp\/v2\/posts\/64515","targetHints":{"allow":["GET"]}}],"collection":[{"href":"https:\/\/ucnoqta.az\/index.php?rest_route=\/wp\/v2\/posts"}],"about":[{"href":"https:\/\/ucnoqta.az\/index.php?rest_route=\/wp\/v2\/types\/post"}],"author":[{"embeddable":true,"href":"https:\/\/ucnoqta.az\/index.php?rest_route=\/wp\/v2\/users\/1"}],"replies":[{"embeddable":true,"href":"https:\/\/ucnoqta.az\/index.php?rest_route=%2Fwp%2Fv2%2Fcomments&post=64515"}],"version-history":[{"count":0,"href":"https:\/\/ucnoqta.az\/index.php?rest_route=\/wp\/v2\/posts\/64515\/revisions"}],"wp:featuredmedia":[{"embeddable":true,"href":"https:\/\/ucnoqta.az\/index.php?rest_route=\/wp\/v2\/media\/251278"}],"wp:attachment":[{"href":"https:\/\/ucnoqta.az\/index.php?rest_route=%2Fwp%2Fv2%2Fmedia&parent=64515"}],"wp:term":[{"taxonomy":"category","embeddable":true,"href":"https:\/\/ucnoqta.az\/index.php?rest_route=%2Fwp%2Fv2%2Fcategories&post=64515"},{"taxonomy":"post_tag","embeddable":true,"href":"https:\/\/ucnoqta.az\/index.php?rest_route=%2Fwp%2Fv2%2Ftags&post=64515"}],"curies":[{"name":"wp","href":"https:\/\/api.w.org\/{rel}","templated":true}]}}