{"id":64512,"date":"2018-05-21T19:00:58","date_gmt":"2018-05-21T15:00:58","guid":{"rendered":""},"modified":"-0001-11-30T00:00:00","modified_gmt":"-0001-11-29T20:00:00","slug":"","status":"publish","type":"post","link":"https:\/\/ucnoqta.az\/?p=64512","title":{"rendered":"\u0130raqda 4 partiya koalisiya h\u00f6kum\u0259ti quracaq"},"content":{"rendered":"<p><strong>&nbsp;\u0130raqda 4 partiyan\u0131n i\u015ftirak\u0131 il\u0259 koalisiya h&ouml;kum\u0259ti qurulacaq.<\/strong><\/p>\n<p>&ldquo;Report&rdquo; &ldquo;Anadolu&rdquo;ya istinad\u0259n x\u0259b\u0259r verir ki, bunu Milli Hikm\u0259t \u0130ttifaq\u0131n\u0131n s&ouml;z&ccedil;&uuml;s&uuml; M\u0259h\u0259mm\u0259d Cemil Mayyahi bildirib.<\/p>\n<p>&ldquo;72 saat \u0259rzind\u0259 &ldquo;As-Sayrun&rdquo;, &ldquo;Feth&rdquo;, Milli Hikm\u0259t \u0130ttifaq\u0131 v\u0259 &quot;Nasir&quot; t\u0259\u015fkilatlar\u0131ndan ibar\u0259t koalisiya h&ouml;kum\u0259t elan edil\u0259c\u0259k&rdquo;, &#8211; o vur\u011fulay\u0131b.<\/p>\n<p>Qeyd ed\u0259k ki, \u0130raqda ke&ccedil;iril\u0259n parlament se&ccedil;kil\u0259rind\u0259 tan\u0131nm\u0131\u015f din xadimi M&uuml;qt\u0259da \u0259s-S\u0259drin &ldquo;As-Sayrun&rdquo; bloku qalib g\u0259lib. Bu blok parlamentd\u0259 54 yer qazan\u0131b. \u0130rany&ouml;n&uuml;ml&uuml; (&quot;Ha\u015fdi-\u015fabi&quot; silahl\u0131 qrupla\u015fmas\u0131n\u0131n d\u0259st\u0259kl\u0259diyi) &ldquo;F\u0259th&rdquo; alyans\u0131 47 yerl\u0259 ikinci, haz\u0131rk\u0131 ba\u015f nazir Heyd\u0259r \u0259l-\u0130badinin &ldquo;Nasir&rdquo; t\u0259\u015fkilat\u0131 42 deputatla &uuml;&ccedil;&uuml;nc&uuml; olub. \u018fmmar \u0259l-H\u0259kimin Milli Hikm\u0259t \u0130ttifaq\u0131 is\u0259 20 yer qazan\u0131b. M&uuml;qt\u0259da \u018fs-S\u0259dr parlament se&ccedil;kil\u0259rind\u0259 i\u015ftirak etm\u0259diyind\u0259n \u0130raq\u0131n ba\u015f naziri ola bilm\u0259z. Bununla bel\u0259, onun blokunu t\u0259msil ed\u0259n \u015f\u0259xsin h&ouml;kum\u0259t\u0259 ba\u015f&ccedil;\u0131lq etm\u0259si d\u0259 vacib say\u0131lm\u0131r. Odur ki, Heyd\u0259r \u0259l-\u0130badinin yenid\u0259n ba\u015f nazir olaca\u011f\u0131 g&ouml;zl\u0259nilir.<\/p>\n<p>Bundan \u0259lav\u0259, ke&ccedil;mi\u015f ba\u015f nazir Nuri \u0259l-Malikinin &ldquo;Qanun d&ouml;vl\u0259ti&rdquo; Birliyi 26 yer qazan\u0131b. Bu siyasi t\u0259\u015fkilat\u0131n koalisiyadan k\u0259nar qalaca\u011f\u0131 g&ouml;zl\u0259nilir. \u0130raq Konstitusiyas\u0131na g&ouml;r\u0259, r\u0259smi n\u0259tic\u0259l\u0259r a&ccedil;\u0131qland\u0131qdan sonra 90 g&uuml;n \u0259rzind\u0259 h&ouml;kum\u0259t qurulmal\u0131d\u0131r. \u0130raq prezidenti Fuad Masum 15 g&uuml;n \u0259rzind\u0259 m\u0259clisi ilk toplant\u0131 ke&ccedil;irm\u0259y\u0259 &ccedil;a\u011f\u0131racaq. Bu toplant\u0131da parlamentin s\u0259dri v\u0259 iki m&uuml;avini se&ccedil;il\u0259c\u0259k. \u0130lk toplant\u0131dan sonra bir ay \u0259rzind\u0259 parlament \u0130raq prezidentini se&ccedil;\u0259c\u0259k. Yeni prezident 15 g&uuml;n \u0259rzind\u0259 m\u0259clisd\u0259 \u0259n &ccedil;ox yer qazanan partiyaya h&ouml;kum\u0259ti qurmaq s\u0259lahiyy\u0259ti ver\u0259c\u0259k. Yeni ba\u015f nazirin quraca\u011f\u0131 h&ouml;kum\u0259t\u0259 30 g&uuml;n \u0259rzind\u0259 parlamentd\u0259 etmad verilm\u0259lidir.<\/p>\n<p>Xat\u0131rladaq ki, &ouml;lk\u0259d\u0259 parlament se&ccedil;kil\u0259ri may\u0131n 12-d\u0259 ke&ccedil;irilib. \u0130raq parlamenti 328 deputatdan ibar\u0259tdir. Parlament\u0259 3 t&uuml;rkman\u0131n se&ccedil;ildiyi bar\u0259d\u0259 d\u0259 x\u0259b\u0259r yay\u0131lm\u0131\u015fd\u0131. Onlar se&ccedil;kil\u0259rin n\u0259tc\u0259l\u0259rinin saxtala\u015fd\u0131r\u0131ld\u0131\u011f\u0131n\u0131 bildirib. Ke&ccedil;mi\u015f ba\u015f nazir Nuri \u0259l-Malikinin ba\u015f&ccedil;\u0131l\u0131q etdiyi &ldquo;Qanun d&ouml;vl\u0259ti&rdquo; koalisiyas\u0131 da se&ccedil;kil\u0259rin n\u0259tic\u0259l\u0259rinin saxtala\u015fd\u0131r\u0131ld\u0131\u011f\u0131n\u0131 bildir\u0259r\u0259k t\u0259krar se&ccedil;kil\u0259rin ke&ccedil;irilm\u0259sini t\u0259l\u0259b edibl\u0259r.<\/p>\n","protected":false},"excerpt":{"rendered":"<p>&nbsp;\u0130raqda 4 partiyan\u0131n i\u015ftirak\u0131 il\u0259 koalisiya h&ouml;kum\u0259ti qurulacaq. &ldquo;Report&rdquo; &ldquo;Anadolu&rdquo;ya istinad\u0259n x\u0259b\u0259r verir ki, bunu Milli Hikm\u0259t \u0130ttifaq\u0131n\u0131n s&ouml;z&ccedil;&uuml;s&uuml; M\u0259h\u0259mm\u0259d Cemil Mayyahi bildirib. &ldquo;72 saat \u0259rzind\u0259 &ldquo;As-Sayrun&rdquo;, &ldquo;Feth&rdquo;, Milli Hikm\u0259t&hellip;<\/p>\n","protected":false},"author":1,"featured_media":251278,"comment_status":"open","ping_status":"open","sticky":false,"template":"","format":"standard","meta":{"_lmt_disableupdate":"","_lmt_disable":"","footnotes":""},"categories":[89],"tags":[],"class_list":["post-64512","post","type-post","status-publish","format-standard","has-post-thumbnail","hentry","category-dunya-butun-xeberler"],"_links":{"self":[{"href":"https:\/\/ucnoqta.az\/index.php?rest_route=\/wp\/v2\/posts\/64512","targetHints":{"allow":["GET"]}}],"collection":[{"href":"https:\/\/ucnoqta.az\/index.php?rest_route=\/wp\/v2\/posts"}],"about":[{"href":"https:\/\/ucnoqta.az\/index.php?rest_route=\/wp\/v2\/types\/post"}],"author":[{"embeddable":true,"href":"https:\/\/ucnoqta.az\/index.php?rest_route=\/wp\/v2\/users\/1"}],"replies":[{"embeddable":true,"href":"https:\/\/ucnoqta.az\/index.php?rest_route=%2Fwp%2Fv2%2Fcomments&post=64512"}],"version-history":[{"count":0,"href":"https:\/\/ucnoqta.az\/index.php?rest_route=\/wp\/v2\/posts\/64512\/revisions"}],"wp:featuredmedia":[{"embeddable":true,"href":"https:\/\/ucnoqta.az\/index.php?rest_route=\/wp\/v2\/media\/251278"}],"wp:attachment":[{"href":"https:\/\/ucnoqta.az\/index.php?rest_route=%2Fwp%2Fv2%2Fmedia&parent=64512"}],"wp:term":[{"taxonomy":"category","embeddable":true,"href":"https:\/\/ucnoqta.az\/index.php?rest_route=%2Fwp%2Fv2%2Fcategories&post=64512"},{"taxonomy":"post_tag","embeddable":true,"href":"https:\/\/ucnoqta.az\/index.php?rest_route=%2Fwp%2Fv2%2Ftags&post=64512"}],"curies":[{"name":"wp","href":"https:\/\/api.w.org\/{rel}","templated":true}]}}