{"id":64511,"date":"2018-05-21T12:43:42","date_gmt":"2018-05-21T08:43:42","guid":{"rendered":""},"modified":"-0001-11-30T00:00:00","modified_gmt":"-0001-11-29T20:00:00","slug":"","status":"publish","type":"post","link":"https:\/\/ucnoqta.az\/?p=64511","title":{"rendered":"Az\u0259rbaycan v\u0259 Serbiya prezidentl\u0259rinin t\u0259kb\u0259t\u0259k g\u00f6r\u00fc\u015f\u00fc ke\u00e7irilib"},"content":{"rendered":"<p><strong>May\u0131n 21-d\u0259 r\u0259smi qar\u015f\u0131lanma m\u0259rasimind\u0259n sonra Az\u0259rbaycan Respublikas\u0131n\u0131n Prezidenti \u0130lham \u018fliyevin Serbiya Respublikas\u0131n\u0131n Prezidenti Aleksandr Vu&ccedil;i&ccedil; il\u0259 t\u0259kb\u0259t\u0259k g&ouml;r&uuml;\u015f&uuml; olub.<\/strong><\/p>\n<p>G&ouml;r&uuml;\u015fd\u0259 Az\u0259rbaycan il\u0259 Serbiya aras\u0131nda ikit\u0259r\u0259fli m&uuml;nasib\u0259tl\u0259rin siyasi, iqtisadi v\u0259 dig\u0259r sah\u0259l\u0259rd\u0259 u\u011furla inki\u015faf etdiyi vur\u011fuland\u0131. &Ouml;lk\u0259l\u0259rimiz aras\u0131ndak\u0131 \u0259laq\u0259l\u0259rin daha da geni\u015fl\u0259ndirilm\u0259si &uuml;&ccedil;&uuml;n yax\u015f\u0131 potensial\u0131n oldu\u011fu bildirilib.<br \/>\nSerbiya prezidenti Aleksandr Vu&ccedil;i&ccedil;in Az\u0259rbaycana r\u0259smi s\u0259f\u0259rinin &ouml;lk\u0259l\u0259rimiz aras\u0131nda \u0259m\u0259kda\u015fl\u0131\u011f\u0131n inki\u015faf\u0131na t&ouml;hf\u0259 ver\u0259c\u0259yi diqq\u0259t\u0259 &ccedil;atd\u0131r\u0131l\u0131b.<br \/>\nS&ouml;hb\u0259t zaman\u0131 ikit\u0259r\u0259fli m&uuml;nasib\u0259tl\u0259r v\u0259 qar\u015f\u0131l\u0131ql\u0131 maraq do\u011furan dig\u0259r m\u0259s\u0259l\u0259l\u0259r \u0259traf\u0131nda fikir m&uuml;badil\u0259si apar\u0131l\u0131b.Apa<\/p>\n","protected":false},"excerpt":{"rendered":"<p>May\u0131n 21-d\u0259 r\u0259smi qar\u015f\u0131lanma m\u0259rasimind\u0259n sonra Az\u0259rbaycan Respublikas\u0131n\u0131n Prezidenti \u0130lham \u018fliyevin Serbiya Respublikas\u0131n\u0131n Prezidenti Aleksandr Vu&ccedil;i&ccedil; il\u0259 t\u0259kb\u0259t\u0259k g&ouml;r&uuml;\u015f&uuml; olub. G&ouml;r&uuml;\u015fd\u0259 Az\u0259rbaycan il\u0259 Serbiya aras\u0131nda ikit\u0259r\u0259fli m&uuml;nasib\u0259tl\u0259rin siyasi, iqtisadi v\u0259&hellip;<\/p>\n","protected":false},"author":1,"featured_media":251278,"comment_status":"open","ping_status":"open","sticky":false,"template":"","format":"standard","meta":{"_lmt_disableupdate":"","_lmt_disable":"","footnotes":""},"categories":[],"tags":[],"class_list":["post-64511","post","type-post","status-publish","format-standard","has-post-thumbnail","hentry"],"_links":{"self":[{"href":"https:\/\/ucnoqta.az\/index.php?rest_route=\/wp\/v2\/posts\/64511","targetHints":{"allow":["GET"]}}],"collection":[{"href":"https:\/\/ucnoqta.az\/index.php?rest_route=\/wp\/v2\/posts"}],"about":[{"href":"https:\/\/ucnoqta.az\/index.php?rest_route=\/wp\/v2\/types\/post"}],"author":[{"embeddable":true,"href":"https:\/\/ucnoqta.az\/index.php?rest_route=\/wp\/v2\/users\/1"}],"replies":[{"embeddable":true,"href":"https:\/\/ucnoqta.az\/index.php?rest_route=%2Fwp%2Fv2%2Fcomments&post=64511"}],"version-history":[{"count":0,"href":"https:\/\/ucnoqta.az\/index.php?rest_route=\/wp\/v2\/posts\/64511\/revisions"}],"wp:featuredmedia":[{"embeddable":true,"href":"https:\/\/ucnoqta.az\/index.php?rest_route=\/wp\/v2\/media\/251278"}],"wp:attachment":[{"href":"https:\/\/ucnoqta.az\/index.php?rest_route=%2Fwp%2Fv2%2Fmedia&parent=64511"}],"wp:term":[{"taxonomy":"category","embeddable":true,"href":"https:\/\/ucnoqta.az\/index.php?rest_route=%2Fwp%2Fv2%2Fcategories&post=64511"},{"taxonomy":"post_tag","embeddable":true,"href":"https:\/\/ucnoqta.az\/index.php?rest_route=%2Fwp%2Fv2%2Ftags&post=64511"}],"curies":[{"name":"wp","href":"https:\/\/api.w.org\/{rel}","templated":true}]}}