{"id":64510,"date":"2018-05-21T12:40:46","date_gmt":"2018-05-21T08:40:46","guid":{"rendered":""},"modified":"-0001-11-30T00:00:00","modified_gmt":"-0001-11-29T20:00:00","slug":"","status":"publish","type":"post","link":"https:\/\/ucnoqta.az\/?p=64510","title":{"rendered":"Aleksandr Vu\u00e7i\u00e7in r\u0259smi qar\u015f\u0131lanma m\u0259rasimi olub"},"content":{"rendered":"<p><strong>Az\u0259rbaycanda r\u0259smi s\u0259f\u0259rd\u0259 olan Serbiya Respublikas\u0131n\u0131n Prezidenti Aleksandr Vu&ccedil;i&ccedil;in may\u0131n 21-d\u0259 r\u0259smi qar\u015f\u0131lanma m\u0259rasimi olub.<\/strong><\/p>\n<p>H\u0259r iki &ouml;lk\u0259nin d&ouml;vl\u0259t bayraqlar\u0131n\u0131n dal\u011faland\u0131\u011f\u0131 meydanda Serbiya Prezidentinin \u015f\u0259r\u0259fin\u0259 f\u0259xri qarovul d\u0259st\u0259si d&uuml;z&uuml;lm&uuml;\u015fd&uuml;.<br \/>\nAz\u0259rbaycan Prezidenti \u0130lham \u018fliyev Serbiya Prezidenti Aleksandr Vu&ccedil;i&ccedil;i qar\u015f\u0131lad\u0131.<br \/>\nF\u0259xri qarovul d\u0259st\u0259sinin r\u0259isi Serbiya Prezidentin\u0259 raport verdi.<br \/>\nPrezident \u0130lham \u018fliyev v\u0259 Prezident Aleksandr Vu&ccedil;i&ccedil; f\u0259xri qarovul d\u0259st\u0259sinin qar\u015f\u0131s\u0131ndan ke&ccedil;dil\u0259r.<br \/>\nSerbiya Prezidenti Az\u0259rbaycan \u0259sg\u0259rl\u0259rini salamlad\u0131.<\/p>\n<p>Serbiya Respublikas\u0131n\u0131n v\u0259 Az\u0259rbaycan Respublikas\u0131n\u0131n d&ouml;vl\u0259t himnl\u0259ri s\u0259sl\u0259ndi.<\/p>\n<p>Az\u0259rbaycan Respublikas\u0131n\u0131n d&ouml;vl\u0259t v\u0259 h&ouml;kum\u0259t n&uuml;may\u0259nd\u0259l\u0259ri Prezident Aleksandr Vu&ccedil;i&ccedil;\u0259, Serbiya n&uuml;may\u0259nd\u0259 hey\u0259tinin &uuml;zvl\u0259ri Prezident \u0130lham \u018fliyev\u0259 t\u0259qdim olundu.<\/p>\n<p>F\u0259xri qarovul d\u0259st\u0259si h\u0259rbi mar\u015f\u0131n s\u0259dalar\u0131 alt\u0131nda d&ouml;vl\u0259t ba\u015f&ccedil;\u0131lar\u0131n\u0131n qar\u015f\u0131s\u0131ndan ke&ccedil;di.<\/p>\n<p>Az\u0259rbaycan v\u0259 Serbiya prezidentl\u0259ri r\u0259smi foto &ccedil;\u0259kdirdil\u0259r.<\/p>\n","protected":false},"excerpt":{"rendered":"<p>Az\u0259rbaycanda r\u0259smi s\u0259f\u0259rd\u0259 olan Serbiya Respublikas\u0131n\u0131n Prezidenti Aleksandr Vu&ccedil;i&ccedil;in may\u0131n 21-d\u0259 r\u0259smi qar\u015f\u0131lanma m\u0259rasimi olub. H\u0259r iki &ouml;lk\u0259nin d&ouml;vl\u0259t bayraqlar\u0131n\u0131n dal\u011faland\u0131\u011f\u0131 meydanda Serbiya Prezidentinin \u015f\u0259r\u0259fin\u0259 f\u0259xri qarovul d\u0259st\u0259si d&uuml;z&uuml;lm&uuml;\u015fd&uuml;. Az\u0259rbaycan&hellip;<\/p>\n","protected":false},"author":1,"featured_media":251278,"comment_status":"open","ping_status":"open","sticky":false,"template":"","format":"standard","meta":{"_lmt_disableupdate":"","_lmt_disable":"","footnotes":""},"categories":[],"tags":[],"class_list":["post-64510","post","type-post","status-publish","format-standard","has-post-thumbnail","hentry"],"_links":{"self":[{"href":"https:\/\/ucnoqta.az\/index.php?rest_route=\/wp\/v2\/posts\/64510","targetHints":{"allow":["GET"]}}],"collection":[{"href":"https:\/\/ucnoqta.az\/index.php?rest_route=\/wp\/v2\/posts"}],"about":[{"href":"https:\/\/ucnoqta.az\/index.php?rest_route=\/wp\/v2\/types\/post"}],"author":[{"embeddable":true,"href":"https:\/\/ucnoqta.az\/index.php?rest_route=\/wp\/v2\/users\/1"}],"replies":[{"embeddable":true,"href":"https:\/\/ucnoqta.az\/index.php?rest_route=%2Fwp%2Fv2%2Fcomments&post=64510"}],"version-history":[{"count":0,"href":"https:\/\/ucnoqta.az\/index.php?rest_route=\/wp\/v2\/posts\/64510\/revisions"}],"wp:featuredmedia":[{"embeddable":true,"href":"https:\/\/ucnoqta.az\/index.php?rest_route=\/wp\/v2\/media\/251278"}],"wp:attachment":[{"href":"https:\/\/ucnoqta.az\/index.php?rest_route=%2Fwp%2Fv2%2Fmedia&parent=64510"}],"wp:term":[{"taxonomy":"category","embeddable":true,"href":"https:\/\/ucnoqta.az\/index.php?rest_route=%2Fwp%2Fv2%2Fcategories&post=64510"},{"taxonomy":"post_tag","embeddable":true,"href":"https:\/\/ucnoqta.az\/index.php?rest_route=%2Fwp%2Fv2%2Ftags&post=64510"}],"curies":[{"name":"wp","href":"https:\/\/api.w.org\/{rel}","templated":true}]}}