{"id":64508,"date":"2018-05-21T12:32:54","date_gmt":"2018-05-21T08:32:54","guid":{"rendered":""},"modified":"-0001-11-30T00:00:00","modified_gmt":"-0001-11-29T20:00:00","slug":"","status":"publish","type":"post","link":"https:\/\/ucnoqta.az\/?p=64508","title":{"rendered":"Az\u0259rbaycanda \u0259lilliyin t\u0259yin olunmas\u0131 sah\u0259sind\u0259 islahatlar apar\u0131lacaq"},"content":{"rendered":"<p><strong>&quot;\u018flilliyin t\u0259yin olunmas\u0131 il\u0259 ba\u011fl\u0131 m\u0259s\u0259l\u0259l\u0259ri ara\u015fd\u0131r\u0131r\u0131q v\u0259 bu sah\u0259d\u0259 biz islahatlar aparmaq ist\u0259yirik&quot;.<\/strong><\/p>\n<p>Ucnoqta.az &quot;APA-Economics&quot;\u0259 istinad\u0259n&nbsp;x\u0259b\u0259r verir ki, bunu \u0259m\u0259k v\u0259 \u0259halinin sosial m&uuml;dafi\u0259si naziri Sahil Babayev m\u0259tbuat konfrans\u0131nda &ccedil;\u0131x\u0131\u015f\u0131 zaman\u0131 bildirib. S. Babayevin s&ouml;zl\u0259rin\u0259 g&ouml;r\u0259, h\u0259m qanunvericilik, h\u0259m prosedur bax\u0131m\u0131ndan, h\u0259m d\u0259 &uuml;mumilikd\u0259 bu prosesin sosial \u0259dal\u0259tli olmas\u0131 bax\u0131m\u0131ndan islahatlar aparma\u011fa ehtiyac var.<br \/>\n&quot;\u018flilliyin meyarlar\u0131na bax\u0131lmal\u0131, beyn\u0259lxalq t\u0259cr&uuml;b\u0259y\u0259 uy\u011funla\u015fd\u0131r\u0131lmal\u0131d\u0131r, \u0259riz\u0259-m&uuml;raci\u0259tl\u0259rin t\u0259qdim olunma formas\u0131 ara\u015fd\u0131rmal\u0131d\u0131r, bu sah\u0259 il\u0259 m\u0259\u015f\u011ful olan m&uuml;xt\u0259lif d&ouml;vl\u0259t orqanlar\u0131n\u0131n i\u015fi \u0259laq\u0259l\u0259ndirilm\u0259lidir, prosesi tam \u015f\u0259ffaf \u015f\u0259kild\u0259 etm\u0259k ist\u0259yirik. Prosesin h\u0259r hans\u0131 l\u0259ngim\u0259 v\u0259 ya administrativ-b&uuml;rokratik mane\u0259 il\u0259 rastla\u015fmamas\u0131n\u0131 t\u0259min etm\u0259k ist\u0259yirik. \u0130st\u0259yirik ki, buna haqq\u0131 &ccedil;atan h\u0259r bir \u015f\u0259xsin buna &ccedil;\u0131x\u0131\u015f\u0131 olsun, &ccedil;atmayanlar\u0131n is\u0259 qar\u015f\u0131s\u0131 al\u0131ns\u0131n. Bu i\u015fl\u0259r sistemli \u015f\u0259kild\u0259 g&ouml;r&uuml;l\u0259c\u0259k. Bununla ba\u011fl\u0131 m&uuml;vafiq komissiya yarad\u0131l\u0131b. H\u0259m S\u0259hiyy\u0259 Nazirliyind\u0259 i\u015f&ccedil;i qrupu, h\u0259m d\u0259 \u018fm\u0259k v\u0259 \u018fhalinin Sosial M&uuml;dafi\u0259si Nazirliyinin i\u015f&ccedil;i qrupu yarad\u0131l\u0131b. Bu iki i\u015f&ccedil;i qrup birg\u0259 i\u015fl\u0259y\u0259r\u0259k kriteriya bax\u0131m\u0131ndan, normativ h&uuml;quqi baza bax\u0131m\u0131mdan v\u0259 prosedur bax\u0131m\u0131ndan t\u0259klifl\u0259r haz\u0131rlay\u0131rlar&quot;,- dey\u0259 nazir qeyd edib.<\/p>\n","protected":false},"excerpt":{"rendered":"<p>&quot;\u018flilliyin t\u0259yin olunmas\u0131 il\u0259 ba\u011fl\u0131 m\u0259s\u0259l\u0259l\u0259ri ara\u015fd\u0131r\u0131r\u0131q v\u0259 bu sah\u0259d\u0259 biz islahatlar aparmaq ist\u0259yirik&quot;. Ucnoqta.az &quot;APA-Economics&quot;\u0259 istinad\u0259n&nbsp;x\u0259b\u0259r verir ki, bunu \u0259m\u0259k v\u0259 \u0259halinin sosial m&uuml;dafi\u0259si naziri Sahil Babayev m\u0259tbuat konfrans\u0131nda&hellip;<\/p>\n","protected":false},"author":1,"featured_media":251278,"comment_status":"open","ping_status":"open","sticky":false,"template":"","format":"standard","meta":{"_lmt_disableupdate":"","_lmt_disable":"","footnotes":""},"categories":[],"tags":[],"class_list":["post-64508","post","type-post","status-publish","format-standard","has-post-thumbnail","hentry"],"_links":{"self":[{"href":"https:\/\/ucnoqta.az\/index.php?rest_route=\/wp\/v2\/posts\/64508","targetHints":{"allow":["GET"]}}],"collection":[{"href":"https:\/\/ucnoqta.az\/index.php?rest_route=\/wp\/v2\/posts"}],"about":[{"href":"https:\/\/ucnoqta.az\/index.php?rest_route=\/wp\/v2\/types\/post"}],"author":[{"embeddable":true,"href":"https:\/\/ucnoqta.az\/index.php?rest_route=\/wp\/v2\/users\/1"}],"replies":[{"embeddable":true,"href":"https:\/\/ucnoqta.az\/index.php?rest_route=%2Fwp%2Fv2%2Fcomments&post=64508"}],"version-history":[{"count":0,"href":"https:\/\/ucnoqta.az\/index.php?rest_route=\/wp\/v2\/posts\/64508\/revisions"}],"wp:featuredmedia":[{"embeddable":true,"href":"https:\/\/ucnoqta.az\/index.php?rest_route=\/wp\/v2\/media\/251278"}],"wp:attachment":[{"href":"https:\/\/ucnoqta.az\/index.php?rest_route=%2Fwp%2Fv2%2Fmedia&parent=64508"}],"wp:term":[{"taxonomy":"category","embeddable":true,"href":"https:\/\/ucnoqta.az\/index.php?rest_route=%2Fwp%2Fv2%2Fcategories&post=64508"},{"taxonomy":"post_tag","embeddable":true,"href":"https:\/\/ucnoqta.az\/index.php?rest_route=%2Fwp%2Fv2%2Ftags&post=64508"}],"curies":[{"name":"wp","href":"https:\/\/api.w.org\/{rel}","templated":true}]}}