{"id":64503,"date":"2018-05-21T12:14:56","date_gmt":"2018-05-21T08:14:56","guid":{"rendered":""},"modified":"-0001-11-30T00:00:00","modified_gmt":"-0001-11-29T20:00:00","slug":"","status":"publish","type":"post","link":"https:\/\/ucnoqta.az\/?p=64503","title":{"rendered":"\u015e\u0259hid atas\u0131:<font color=red><b> &#8220;O\u011flum &#8220;m\u0259n q\u0259hr\u0259man kimi qay\u0131dacam, ya da bayra\u011fa b\u00fck\u00fcl\u00fcb g\u0259l\u0259c\u0259y\u0259m&#8221; deyirdi&#8221;<\/b><\/font>"},"content":{"rendered":"<p><strong>&quot;O\u011flum &quot;m\u0259n q\u0259hr\u0259man kimi qay\u0131dacam, ya da bayra\u011fa b&uuml;k&uuml;l&uuml;b g\u0259l\u0259c\u0259y\u0259m&quot; deyirdi&quot;.<\/strong><\/p>\n<p>Ucnoqta.az x\u0259b\u0259r verir ki, bunu &quot;Report&quot;un Q\u0259rb b&uuml;rosuna \u015f\u0259hid Adil Tatarovun atas\u0131 \u018fli Tatarov deyib. \u015e\u0259hid atas\u0131 bildirib ki, Adil Tatarov 3 ay \u0259vv\u0259l m\u0259zuniyy\u0259t\u0259 g\u0259ldiyi zaman bu s&ouml;zl\u0259ri s&ouml;yl\u0259yibmi\u015f: &quot;O\u011flum v\u0259t\u0259nin ke\u015fiyind\u0259 durmas\u0131ndan f\u0259xr duydu\u011funu v\u0259 d&uuml;\u015fm\u0259nin torpaqlar\u0131m\u0131z\u0131n h\u0259r qar\u0131\u015f\u0131ndan &ccedil;\u0131xar\u0131lmas\u0131 &uuml;&ccedil;&uuml;n h\u0259r zaman d&ouml;y&uuml;\u015f\u0259 haz\u0131r oldu\u011funu deyirdi. Adil m\u0259zuniyy\u0259t\u0259 g\u0259l\u0259nd\u0259 deyirdi ki, &quot;m\u0259n q\u0259hr\u0259man kimi qay\u0131dacam, ya da bayra\u011f\u0131m\u0131za b&uuml;k&uuml;l&uuml;b g\u0259l\u0259c\u0259y\u0259m&quot;.<br \/>\n\u018f.Tatarov o\u011flunun v\u0259t\u0259n u\u011frunda \u015f\u0259hid olmas\u0131ndan q&uuml;rur duydu\u011funu bildirib: &quot;H\u0259r k\u0259s v\u0259t\u0259nini qorumal\u0131, V\u0259t\u0259n u\u011frunda sava\u015fmal\u0131 v\u0259 m\u0259nim &ouml;vlad\u0131m kimi \u015f\u0259hid olmaqdan qorxmamal\u0131d\u0131r&quot;.<\/p>\n<p>Qeyd ed\u0259k ki, ail\u0259nin t\u0259k o\u011ful &ouml;vlad\u0131 olan Adil Tatarovun h\u0259rbi xidm\u0259ti ba\u015fa vurma\u011f\u0131na 4 ay\u0131 qalm\u0131\u015fd\u0131.<\/p>\n","protected":false},"excerpt":{"rendered":"<p>&quot;O\u011flum &quot;m\u0259n q\u0259hr\u0259man kimi qay\u0131dacam, ya da bayra\u011fa b&uuml;k&uuml;l&uuml;b g\u0259l\u0259c\u0259y\u0259m&quot; deyirdi&quot;. Ucnoqta.az x\u0259b\u0259r verir ki, bunu &quot;Report&quot;un Q\u0259rb b&uuml;rosuna \u015f\u0259hid Adil Tatarovun atas\u0131 \u018fli Tatarov deyib. \u015e\u0259hid atas\u0131 bildirib ki,&hellip;<\/p>\n","protected":false},"author":1,"featured_media":251278,"comment_status":"open","ping_status":"open","sticky":false,"template":"","format":"standard","meta":{"_lmt_disableupdate":"","_lmt_disable":"","footnotes":""},"categories":[],"tags":[],"class_list":["post-64503","post","type-post","status-publish","format-standard","has-post-thumbnail","hentry"],"_links":{"self":[{"href":"https:\/\/ucnoqta.az\/index.php?rest_route=\/wp\/v2\/posts\/64503","targetHints":{"allow":["GET"]}}],"collection":[{"href":"https:\/\/ucnoqta.az\/index.php?rest_route=\/wp\/v2\/posts"}],"about":[{"href":"https:\/\/ucnoqta.az\/index.php?rest_route=\/wp\/v2\/types\/post"}],"author":[{"embeddable":true,"href":"https:\/\/ucnoqta.az\/index.php?rest_route=\/wp\/v2\/users\/1"}],"replies":[{"embeddable":true,"href":"https:\/\/ucnoqta.az\/index.php?rest_route=%2Fwp%2Fv2%2Fcomments&post=64503"}],"version-history":[{"count":0,"href":"https:\/\/ucnoqta.az\/index.php?rest_route=\/wp\/v2\/posts\/64503\/revisions"}],"wp:featuredmedia":[{"embeddable":true,"href":"https:\/\/ucnoqta.az\/index.php?rest_route=\/wp\/v2\/media\/251278"}],"wp:attachment":[{"href":"https:\/\/ucnoqta.az\/index.php?rest_route=%2Fwp%2Fv2%2Fmedia&parent=64503"}],"wp:term":[{"taxonomy":"category","embeddable":true,"href":"https:\/\/ucnoqta.az\/index.php?rest_route=%2Fwp%2Fv2%2Fcategories&post=64503"},{"taxonomy":"post_tag","embeddable":true,"href":"https:\/\/ucnoqta.az\/index.php?rest_route=%2Fwp%2Fv2%2Ftags&post=64503"}],"curies":[{"name":"wp","href":"https:\/\/api.w.org\/{rel}","templated":true}]}}