{"id":64502,"date":"2018-05-21T12:12:38","date_gmt":"2018-05-21T08:12:38","guid":{"rendered":""},"modified":"-0001-11-30T00:00:00","modified_gmt":"-0001-11-29T20:00:00","slug":"","status":"publish","type":"post","link":"https:\/\/ucnoqta.az\/?p=64502","title":{"rendered":"\u201cB\u0130Z\u0130M PLANET\u201d d\u0259 Prezident \u0130lham \u018fliyevin Nax\u00e7\u0131vana s\u0259f\u0259ri m\u00fczakir\u0259 olundu"},"content":{"rendered":"<p><strong>\u018fg\u0259r 1990-ci illl\u0259rd\u0259 Nax&ccedil;\u0131van &ccedil;ox a\u011f\u0131r v\u0259ziyy\u0259td\u0259 v\u0259 g\u0259rgin bir \u015f\u0259raitd\u0259 idis\u0259 m\u0259hz ulu &ouml;nd\u0259r Heyd\u0259r \u018fliyevin Nax&ccedil;\u0131vana qay\u0131tmas\u0131ndan sonra bu q\u0259dim diyar yenid\u0259n inki\u015faf etm\u0259y\u0259 v\u0259 t\u0259hl&uuml;k\u0259siz ya\u015fama\u011fa ba\u015flad\u0131. Bu fikirl\u0259r &ldquo;Bizim Planet&rdquo; verili\u015find\u0259 apar\u0131lan m&uuml;zakir\u0259l\u0259r zaman\u0131 s\u0259sl\u0259ndirilib.&nbsp;<\/strong><\/p>\n<p>AzTv-d\u0259 yay\u0131mlanan &ldquo;Bizim Planet&rdquo; verili\u015fi bu h\u0259ft\u0259 d\u0259 m&uuml;h&uuml;m m&uuml;zakir\u0259l\u0259rl\u0259 &ouml;z tama\u015fa&ccedil;\u0131 auditoriyas\u0131 il\u0259 g&ouml;r&uuml;\u015f&uuml;b. Beyn\u0259lxalq M&uuml;nasib\u0259tl\u0259rin Ara\u015fd\u0131r\u0131lmas\u0131 M\u0259rk\u0259zinin r\u0259hb\u0259ri, politoloq Rufiz Qonaqovun t\u0259qdim etdiyi &quot;Bizim Planet&quot; verili\u015fi bu d\u0259f\u0259 mill\u0259t v\u0259kili Ayd\u0131n Mirz\u0259zad\u0259 v\u0259 iqtisad&ccedil;\u0131 alim V&uuml;qar Bayramovun diskussiyalar\u0131 il\u0259 davam etdirilib.&nbsp;<\/p>\n<p>Politoloq Rufiz Qonaqov m&uuml;zakir\u0259y\u0259 ilk n&ouml;vb\u0259d\u0259 Az\u0259rbaycan Respublikas\u0131n\u0131n Prezidenti \u0130lham \u018fliyevin Nax&ccedil;\u0131van Muxtar Respublikas\u0131na s\u0259f\u0259ri il\u0259 ba\u015flay\u0131b. Rufiz Qonaqov bildirib ki, \u0130lham \u018fliyev prezidentliyi d&ouml;vr&uuml;nd\u0259 Nax&ccedil;\u0131vana 14-c&uuml; d\u0259f\u0259 s\u0259f\u0259r edib. Bu s\u0259f\u0259r &ccedil;\u0259r&ccedil;iv\u0259sind\u0259 c\u0259nab Prezident bir s\u0131ra vacib a&ccedil;\u0131l\u0131\u015flarda i\u015ftirak etmi\u015f,&nbsp; &ccedil;\u0131x\u0131\u015f etdiyi t\u0259dbirl\u0259rd\u0259 Nax&ccedil;\u0131vanla ba\u011fl\u0131 g&ouml;r&uuml;l\u0259n i\u015fl\u0259r v\u0259 qar\u015f\u0131da duran m&uuml;h&uuml;m v\u0259zif\u0259l\u0259r \u0259traf\u0131nda fikirl\u0259rini bildirib.&nbsp; Politoloq qeyd edib ki, bu bir daha s&uuml;but edir ki, q\u0259dim Nax&ccedil;\u0131van diyar\u0131 blokada \u015f\u0259raitind\u0259 olmas\u0131na baxmayaraq d&ouml;vl\u0259t miqyas\u0131nda g&ouml;st\u0259ril\u0259n diqq\u0259t n\u0259tic\u0259sind\u0259 bu g&uuml;n b&uuml;t&uuml;n sah\u0259l\u0259rd\u0259 u\u011furla inki\u015faf etdirilir.&nbsp;<\/p>\n<p>M&ouml;vzu il\u0259 ba\u011fl\u0131 &ccedil;\u0131x\u0131\u015f ed\u0259n mill\u0259t v\u0259kili Ayd\u0131n Mirz\u0259zad\u0259 qeyd edib ki, Nax&ccedil;\u0131van\u0131n bu g&uuml;n ayaq &uuml;st\u0259 durmas\u0131nda v\u0259 yax\u015f\u0131 m\u0259nada inki\u015faf\u0131nda h\u0259m ulu &ouml;nd\u0259r Heyd\u0259r \u018fliyevin, h\u0259m d\u0259 c\u0259nab prezident \u0130lham \u018fliyevin b&ouml;y&uuml;k xidm\u0259tl\u0259ri var. Heyd\u0259r \u018fliyev Nax&ccedil;\u0131van m\u0259s\u0259l\u0259sini &ccedil;ox u\u011furla h\u0259ll etdi v\u0259 Nax&ccedil;\u0131van\u0131n \u0259razi b&uuml;t&ouml;vl&uuml;y&uuml; bir m\u0259nal\u0131 \u015f\u0259kild\u0259 b&ouml;y&uuml;k d&ouml;vl\u0259tl\u0259r t\u0259r\u0259find\u0259n q\u0259bul edildi. Sonralar da Nax&ccedil;\u0131van\u0131n sosial s\u0259viyy\u0259d\u0259 inki\u015faf\u0131 v\u0259 t\u0259hl&uuml;k\u0259sizliyi daima \u0130lham \u018fliyevin diqq\u0259tind\u0259 oldu. Ayd\u0131n Mirz\u0259zad\u0259 bu d\u0259f\u0259ki s\u0259f\u0259rd\u0259 d&ouml;vl\u0259t ba\u015f&ccedil;\u0131s\u0131n\u0131n Nax&ccedil;\u0131van\u0131n Az\u0259rbaycan\u0131n ayr\u0131lmaz hiss\u0259si v\u0259 strateji bir b&ouml;lg\u0259si kimi t\u0259hl&uuml;k\u0259sizliyinin t\u0259min edilm\u0259si &uuml;&ccedil;&uuml;n h\u0259rbi m\u0259s\u0259l\u0259l\u0259r\u0259 d\u0259 ciddi diqq\u0259t g&ouml;st\u0259rm\u0259sinin v\u0259 burada s\u0259sl\u0259ndirdiyi b\u0259yanatlar\u0131n \u0259h\u0259miyy\u0259tliyini vu\u011fulay\u0131b.&nbsp;<br \/>\n&ldquo;Bizim Planet&rdquo; d\u0259 apar\u0131lan m&uuml;zakir\u0259l\u0259rd\u0259 qeyd olunub ki, Nax&ccedil;\u0131van\u0131n h\u0259rbi potensial\u0131n\u0131n g&uuml;cl\u0259ndirilm\u0259sind\u0259&nbsp; b&ouml;y&uuml;k i\u015fl\u0259r g&ouml;r&uuml;l&uuml;b. Nax&ccedil;\u0131van bu g&uuml;n ist\u0259nil\u0259n formada Erm\u0259nistan\u0131n t\u0259xribat\u0131n\u0131n qar\u015f\u0131s\u0131n\u0131 alma\u011fa tam qadirdir.&nbsp; Bildirilib ki, Nax&ccedil;\u0131vanda iqtisadi sah\u0259d\u0259 m&uuml;h&uuml;m ir\u0259lil\u0259yi\u015fl\u0259r var. \u0130qtisadiyyat\u0131n ist\u0259nil\u0259n sah\u0259l\u0259rind\u0259 u\u011furla davam etdiril\u0259n islahatlar burada sosial rifah\u0131n yax\u015f\u0131la\u015fd\u0131r\u0131lmas\u0131na t\u0259kan verib.&nbsp;<\/p>\n<p>\u0130qtisadi bax\u0131mdan Nax&ccedil;\u0131vandak\u0131 m&ouml;vcud v\u0259ziyy\u0259ti qiym\u0259tl\u0259ndir\u0259n iqtisad&ccedil;\u0131 alim V&uuml;qar Bayramov qeyd edib ki, Nax&ccedil;\u0131van MR iqtisadiyyat\u0131n\u0131n inki\u015faf\u0131 ilk n&ouml;vb\u0259d\u0259 &ouml;z&uuml;n&uuml;n t\u0259bii resurslar\u0131n\u0131n hesab\u0131na, ikinici is\u0259 d&ouml;vl\u0259timizin d\u0259st\u0259yi il\u0259 davam etdirilir. V&uuml;qar Bayramov Nax&ccedil;\u0131vanda iqtisadi art\u0131m tempinin h\u0259r zaman qorunub- saxlan\u0131ld\u0131\u011f\u0131n\u0131 vur\u011fulay\u0131b. \u0130qtiad&ccedil;\u0131 alim bildirib ki, ist\u0259r s\u0259naye, ist\u0259rs\u0259 d\u0259 aqrar sah\u0259l\u0259rd\u0259 Nax&ccedil;\u0131van &ouml;z m\u0259hsullar\u0131n\u0131 y&uuml;ks\u0259k r\u0259q\u0259ml\u0259r g&ouml;st\u0259ricisind\u0259 xarici bazarlara ixrac ed\u0259n bir istehsalata sahibdir. Nax&ccedil;\u0131van\u0131n sosial v\u0259 iqtisadi inki\u015faf\u0131nda \u0259ld\u0259 olunan naliyy\u0259tl\u0259rd\u0259n dan\u0131\u015fan ekspert bildirib ki, m\u0259hz \u0130lham \u018fliyevin prezidentliyi d&ouml;vr&uuml;nd\u0259 Nax&ccedil;\u0131vanda s\u0259naye istehsal\u0131 35 d\u0259f\u0259 art\u0131b.&nbsp;<br \/>\n&ldquo;Bizim Planet&rdquo; verili\u015find\u0259 m&uuml;zakir edil\u0259n m&ouml;vzulardan biri d\u0259 prezident \u0130lham \u018fliyevin XXIV Az\u0259rbaycan Beyn\u0259lxalq Qida S\u0259nayesi &ldquo;World Food Azerbaijan 2018&rdquo; v\u0259 XII Az\u0259rbaycan Beyn\u0259lxalq K\u0259nd T\u0259s\u0259rr&uuml;fat\u0131 &ldquo;Caspian Agro 2018&rdquo; s\u0259rgil\u0259rind\u0259 i\u015ftirak\u0131 il\u0259 ba\u011fl\u0131 olub. Bildirilib ki, &ouml;lk\u0259mizd\u0259 bu tip s\u0259rgi v\u0259 t\u0259dbirl\u0259rin tez-tez t\u0259\u015fkil edilm\u0259si onu g&ouml;st\u0259rir ki, Az\u0259rbaycanda b&uuml;t&uuml;n sah\u0259l\u0259rd\u0259, o c&uuml;ml\u0259d\u0259n k\u0259nd t\u0259s\u0259rr&uuml;fat\u0131 v\u0259 qida s\u0259nayesi sah\u0259l\u0259rind\u0259 y&uuml;ks\u0259k s\u0259viyy\u0259d\u0259 inki\u015faf var. Qeyd olunub ki, \u0259n\u0259n\u0259vi k\u0259nd t\u0259s\u0259rr&uuml;fat\u0131 &ouml;lk\u0259si olan Az\u0259rbaycan bu g&uuml;n s&ouml;z&uuml; ged\u0259n sah\u0259d\u0259 d&ouml;vl\u0259t t\u0259r\u0259find\u0259n h\u0259yata ke&ccedil;iril\u0259n islahatlar n\u0259tic\u0259sind\u0259 daha da inki\u015faf etdirilir.&nbsp; Haz\u0131r qida m\u0259hsullar\u0131n\u0131n emal\u0131 il\u0259 d\u0259 tan\u0131nan Az\u0259rbaycanda qida s\u0259nayesi sah\u0259nin \u0259sas\u0259n s\u0259m\u0259r\u0259li inki\u015faf\u0131na diqq\u0259t yetirildiyi vur\u011fulan\u0131b. Bu d&ouml;vl\u0259t s\u0259viyy\u0259sind\u0259 h\u0259yata ke&ccedil;iril\u0259n qeyri-neft sektorunun inki\u015faf\u0131 &uuml;&ccedil;&uuml;n y&uuml;r&uuml;d&uuml;l\u0259n siyas\u0259tin u\u011furlu n\u0259tic\u0259si kimi qiym\u0259tl\u0259ndirilib. Bildirilib ki, Az\u0259rbaycan bununla da d&uuml;nyaya s&uuml;but edir ki, inki\u015faf ed\u0259n bir &ouml;lk\u0259 kimi ist\u0259nil\u0259n potensiala sahibdir.<\/p>\n<p>May\u0131n 18-d\u0259 Parisd\u0259 UNESCO-nun ba\u015f q\u0259rargah\u0131nda t\u0259\u015fkilat\u0131n sabiq ba\u015f direktoru Koi\u015firo Matsuuran\u0131n anadan olmas\u0131n\u0131n 80 illiyi m&uuml;nasib\u0259til\u0259 ke&ccedil;iril\u0259n konfransda Birinci vitse-prezident, UNESCO-nun xo\u015fm\u0259raml\u0131 s\u0259firi Mehriban \u018fliyevan\u0131n i\u015ftirak\u0131 v\u0259 buradak\u0131 &ccedil;\u0131x\u0131\u015f\u0131 da verili\u015fd\u0259 m&uuml;zakir\u0259 olunan m&uuml;h&uuml;m m&ouml;vzulardan idi. M&uuml;akir\u0259l\u0259r zaman\u0131 bildirilib ki, Birinci vitse-prezident Mehriban \u018fliyevan\u0131n burada insan kapital\u0131 il\u0259 ba\u011fl\u0131 fikirl\u0259ri x&uuml;susi \u0259h\u0259miyy\u0259t k\u0259sb edir. &ldquo;Bizim Planet&rdquo; d\u0259 Az\u0259rbaycan-UNESCO m&uuml;nasib\u0259tl\u0259rinin inki\u015faf\u0131nda Birinci vitse-prezident Mehriban \u018fliyevan\u0131n m&uuml;h&uuml;m xidm\u0259tl\u0259rind\u0259n geni\u015f dan\u0131\u015f\u0131l\u0131b.<\/p>\n<p>Verili\u015fin bu d\u0259f\u0259ki yay\u0131m\u0131 Erm\u0259nistandak\u0131 son ictimai-siyasi v\u0259ziyy\u0259t, orada c\u0259r\u0259yan ed\u0259n hadis\u0259l\u0259rin \u0259ksin\u0259 Az\u0259rbaycanda m&ouml;vcud olan sabitlik v\u0259 Erm\u0259nistan\u0131n d&uuml;\u015fd&uuml;y&uuml; bu v\u0259ziyy\u0259td\u0259n &ccedil;\u0131x\u0131\u015f yolu kimi i\u015f\u011fal&ccedil;\u0131l\u0131q siyas\u0259tin\u0259 son qoymas\u0131 il\u0259 ba\u011fl\u0131 m&uuml;zakir\u0259l\u0259rl\u0259 yekunla\u015fd\u0131r\u0131l\u0131b.&nbsp;<\/p>\n","protected":false},"excerpt":{"rendered":"<p>\u018fg\u0259r 1990-ci illl\u0259rd\u0259 Nax&ccedil;\u0131van &ccedil;ox a\u011f\u0131r v\u0259ziyy\u0259td\u0259 v\u0259 g\u0259rgin bir \u015f\u0259raitd\u0259 idis\u0259 m\u0259hz ulu &ouml;nd\u0259r Heyd\u0259r \u018fliyevin Nax&ccedil;\u0131vana qay\u0131tmas\u0131ndan sonra bu q\u0259dim diyar yenid\u0259n inki\u015faf etm\u0259y\u0259 v\u0259 t\u0259hl&uuml;k\u0259siz ya\u015fama\u011fa ba\u015flad\u0131.&hellip;<\/p>\n","protected":false},"author":1,"featured_media":251278,"comment_status":"open","ping_status":"open","sticky":false,"template":"","format":"standard","meta":{"_lmt_disableupdate":"","_lmt_disable":"","footnotes":""},"categories":[86],"tags":[],"class_list":["post-64502","post","type-post","status-publish","format-standard","has-post-thumbnail","hentry","category-siyaset"],"_links":{"self":[{"href":"https:\/\/ucnoqta.az\/index.php?rest_route=\/wp\/v2\/posts\/64502","targetHints":{"allow":["GET"]}}],"collection":[{"href":"https:\/\/ucnoqta.az\/index.php?rest_route=\/wp\/v2\/posts"}],"about":[{"href":"https:\/\/ucnoqta.az\/index.php?rest_route=\/wp\/v2\/types\/post"}],"author":[{"embeddable":true,"href":"https:\/\/ucnoqta.az\/index.php?rest_route=\/wp\/v2\/users\/1"}],"replies":[{"embeddable":true,"href":"https:\/\/ucnoqta.az\/index.php?rest_route=%2Fwp%2Fv2%2Fcomments&post=64502"}],"version-history":[{"count":0,"href":"https:\/\/ucnoqta.az\/index.php?rest_route=\/wp\/v2\/posts\/64502\/revisions"}],"wp:featuredmedia":[{"embeddable":true,"href":"https:\/\/ucnoqta.az\/index.php?rest_route=\/wp\/v2\/media\/251278"}],"wp:attachment":[{"href":"https:\/\/ucnoqta.az\/index.php?rest_route=%2Fwp%2Fv2%2Fmedia&parent=64502"}],"wp:term":[{"taxonomy":"category","embeddable":true,"href":"https:\/\/ucnoqta.az\/index.php?rest_route=%2Fwp%2Fv2%2Fcategories&post=64502"},{"taxonomy":"post_tag","embeddable":true,"href":"https:\/\/ucnoqta.az\/index.php?rest_route=%2Fwp%2Fv2%2Ftags&post=64502"}],"curies":[{"name":"wp","href":"https:\/\/api.w.org\/{rel}","templated":true}]}}