{"id":64501,"date":"2018-05-21T11:44:17","date_gmt":"2018-05-21T07:44:17","guid":{"rendered":""},"modified":"-0001-11-30T00:00:00","modified_gmt":"-0001-11-29T20:00:00","slug":"","status":"publish","type":"post","link":"https:\/\/ucnoqta.az\/?p=64501","title":{"rendered":"Serbiya prezidenti Az\u0259rbaycana r\u0259smi s\u0259f\u0259r\u0259 g\u0259lib"},"content":{"rendered":"<p><strong>Serbiya Prezidenti Aleksandr Vu&ccedil;i&ccedil; Az\u0259rbaycana r\u0259smi s\u0259f\u0259r\u0259 g\u0259lib.<\/strong><\/p>\n<p>&nbsp;Heyd\u0259r \u018fliyev Beyn\u0259lxalq Hava Liman\u0131nda A.Vu&ccedil;i&ccedil;i Az\u0259rbaycan r\u0259smil\u0259ri, Serbiyan\u0131n Bak\u0131dak\u0131 s\u0259firliyinin \u0259m\u0259kda\u015flar\u0131 qar\u015f\u0131lay\u0131b.<\/p>\n<p>Qeyd ed\u0259k ki, A.Vu&ccedil;i&ccedil; s\u0259f\u0259r &ccedil;\u0259r&ccedil;iv\u0259sind\u0259 Az\u0259rbaycan Prezidenti \u0130lham \u018fliyevl\u0259 g&ouml;r&uuml;\u015f\u0259c\u0259k. G&ouml;r&uuml;\u015f&uuml;n ard\u0131ndan bir s\u0131ra ikit\u0259r\u0259fli s\u0259n\u0259dl\u0259rin imzalanmas\u0131 g&ouml;zl\u0259nilir.<br \/>\nBundan \u0259lav\u0259, A.Vu&ccedil;i&ccedil; &ouml;lk\u0259nin Ba\u015f naziri Novruz M\u0259mm\u0259dov v\u0259 Milli M\u0259clisin s\u0259dri Oqtay \u018fs\u0259dovla g&ouml;r&uuml;\u015fl\u0259r ke&ccedil;ir\u0259c\u0259k.<br \/>\nMay\u0131n 22-d\u0259 A.Vu&ccedil;i&ccedil; Az\u0259rbaycan Dill\u0259r Universitetind\u0259 olacaq v\u0259 orada Serbiya Dili v\u0259 M\u0259d\u0259niyy\u0259ti M\u0259rk\u0259zinin a&ccedil;\u0131l\u0131\u015f\u0131nda i\u015ftirak ed\u0259c\u0259k. H\u0259m&ccedil;inin Serbiya prezidentin\u0259 bu universitetin f\u0259xri doktoru diplomu veril\u0259c\u0259k.<\/p>\n","protected":false},"excerpt":{"rendered":"<p>Serbiya Prezidenti Aleksandr Vu&ccedil;i&ccedil; Az\u0259rbaycana r\u0259smi s\u0259f\u0259r\u0259 g\u0259lib. &nbsp;Heyd\u0259r \u018fliyev Beyn\u0259lxalq Hava Liman\u0131nda A.Vu&ccedil;i&ccedil;i Az\u0259rbaycan r\u0259smil\u0259ri, Serbiyan\u0131n Bak\u0131dak\u0131 s\u0259firliyinin \u0259m\u0259kda\u015flar\u0131 qar\u015f\u0131lay\u0131b. Qeyd ed\u0259k ki, A.Vu&ccedil;i&ccedil; s\u0259f\u0259r &ccedil;\u0259r&ccedil;iv\u0259sind\u0259 Az\u0259rbaycan Prezidenti \u0130lham&hellip;<\/p>\n","protected":false},"author":1,"featured_media":251278,"comment_status":"open","ping_status":"open","sticky":false,"template":"","format":"standard","meta":{"_lmt_disableupdate":"","_lmt_disable":"","footnotes":""},"categories":[],"tags":[],"class_list":["post-64501","post","type-post","status-publish","format-standard","has-post-thumbnail","hentry"],"_links":{"self":[{"href":"https:\/\/ucnoqta.az\/index.php?rest_route=\/wp\/v2\/posts\/64501","targetHints":{"allow":["GET"]}}],"collection":[{"href":"https:\/\/ucnoqta.az\/index.php?rest_route=\/wp\/v2\/posts"}],"about":[{"href":"https:\/\/ucnoqta.az\/index.php?rest_route=\/wp\/v2\/types\/post"}],"author":[{"embeddable":true,"href":"https:\/\/ucnoqta.az\/index.php?rest_route=\/wp\/v2\/users\/1"}],"replies":[{"embeddable":true,"href":"https:\/\/ucnoqta.az\/index.php?rest_route=%2Fwp%2Fv2%2Fcomments&post=64501"}],"version-history":[{"count":0,"href":"https:\/\/ucnoqta.az\/index.php?rest_route=\/wp\/v2\/posts\/64501\/revisions"}],"wp:featuredmedia":[{"embeddable":true,"href":"https:\/\/ucnoqta.az\/index.php?rest_route=\/wp\/v2\/media\/251278"}],"wp:attachment":[{"href":"https:\/\/ucnoqta.az\/index.php?rest_route=%2Fwp%2Fv2%2Fmedia&parent=64501"}],"wp:term":[{"taxonomy":"category","embeddable":true,"href":"https:\/\/ucnoqta.az\/index.php?rest_route=%2Fwp%2Fv2%2Fcategories&post=64501"},{"taxonomy":"post_tag","embeddable":true,"href":"https:\/\/ucnoqta.az\/index.php?rest_route=%2Fwp%2Fv2%2Ftags&post=64501"}],"curies":[{"name":"wp","href":"https:\/\/api.w.org\/{rel}","templated":true}]}}