{"id":64500,"date":"2018-05-21T18:30:54","date_gmt":"2018-05-21T14:30:54","guid":{"rendered":""},"modified":"-0001-11-30T00:00:00","modified_gmt":"-0001-11-29T20:00:00","slug":"","status":"publish","type":"post","link":"https:\/\/ucnoqta.az\/?p=64500","title":{"rendered":"\u018ffv f\u0259rmanlar\u0131n\u0131n imzalanmas\u0131 v\u0259 m\u0259hkumlar\u0131n ba\u011f\u0131\u015flanmas\u0131 m\u00fcsb\u0259t \u0259n\u0259n\u0259y\u0259 \u00e7evrilib"},"content":{"rendered":"<p><strong>T&ouml;r\u0259tdiyi cinay\u0259t \u0259m\u0259lind\u0259n s\u0259mimi pe\u015fman&ccedil;\u0131l\u0131q hissi ke&ccedil;ir\u0259n, azad c\u0259miyy\u0259t\u0259 v\u0259 ictimai h\u0259yata qovu\u015fmaq ist\u0259y\u0259n m\u0259hkumlar\u0131n \u0259fvl\u0259 ba\u011fl\u0131 m&uuml;raci\u0259tl\u0259rin\u0259 h\u0259ssasl\u0131qla yana\u015f\u0131l\u0131r<\/strong><\/p>\n<p>&Uuml;mummilli lider Heyd\u0259r \u018fliyevi tarixi \u015f\u0259xsiyy\u0259t v\u0259 lider kimi xarakteriz\u0259 ed\u0259n m&uuml;h&uuml;m keyfiyy\u0259tl\u0259rd\u0259n biri m\u0259hz g&uuml;nahkar\u0131 c\u0259zaland\u0131rma\u011f\u0131, \u015fans ver\u0259r\u0259k ba\u011f\u0131\u015flamaqla islah etm\u0259yi idi. \u018ffvetm\u0259 institutunun b\u0259rpas\u0131 v\u0259 Az\u0259rbaycan Respublikas\u0131 Prezidenti yan\u0131nda \u018ffv Komissiyas\u0131n\u0131n yarad\u0131lmas\u0131 da&nbsp; m\u0259hz bu istiqam\u0259td\u0259 at\u0131lm\u0131\u015f m&uuml;h&uuml;m add\u0131m kimi d\u0259y\u0259rl\u0259ndirilir. Art\u0131q \u0259fv f\u0259rmanlar\u0131n\u0131n imzalanmas\u0131 v\u0259 m\u0259hkumlar\u0131n ba\u011f\u0131\u015flanmas\u0131 m&uuml;sb\u0259t \u0259n\u0259n\u0259y\u0259 &ccedil;evrilib. T&ouml;r\u0259tdiyi cinay\u0259t \u0259m\u0259lind\u0259n s\u0259mimi pe\u015fman&ccedil;\u0131l\u0131q hissi ke&ccedil;ir\u0259n, azad c\u0259miyy\u0259t\u0259 v\u0259 ictimai h\u0259yata qovu\u015fmaq ist\u0259y\u0259n m\u0259hkumlar\u0131n \u0259fvl\u0259 ba\u011fl\u0131 m&uuml;raci\u0259tl\u0259rin\u0259 h\u0259ssasl\u0131qla yana\u015f\u0131l\u0131r. Onlar zaman ke&ccedil;dikc\u0259 c\u0259zalar\u0131n\u0131n &ccedil;\u0259kilm\u0259mi\u015f hiss\u0259sind\u0259n tam v\u0259 ya qism\u0259n azad edilirl\u0259r.M&ouml;hk\u0259m t\u0259m\u0259ll\u0259r &uuml;z\u0259rind\u0259 \u0259sas\u0131 qoyulan humanizm prinsipl\u0259rin\u0259 \u0259saslanan bu siyas\u0259tin varisliyini u\u011furla davam etdir\u0259n Az\u0259rbaycan Prezidenti \u0130lham \u018fliyev h\u0259l\u0259 ilk&nbsp; d\u0259f\u0259 2003-c&uuml; ild\u0259ki se&ccedil;kil\u0259rd\u0259 h\u0259r bir Az\u0259rbaycan v\u0259t\u0259nda\u015f\u0131n\u0131n Prezidenti olaca\u011f\u0131na verdiyi v\u0259d\u0259 layiqinc\u0259 \u0259m\u0259l etdiyini on ild\u0259 birm\u0259nal\u0131 \u015f\u0259kild\u0259 t\u0259sdiql\u0259di. \u018ffvetm\u0259 institutunun &ccedil;evik v\u0259 i\u015fl\u0259k mexanizml\u0259r \u0259sas\u0131nda f\u0259aliyy\u0259tinin t\u0259min edilm\u0259si d\u0259 m\u0259hz bunun t\u0259c\u0259ss&uuml;m&uuml;d&uuml;r. Az\u0259rbaycan Prezidenti \u0130lham \u018fliyevin \u0259fvl\u0259 ba\u011fl\u0131 imzalad\u0131\u011f\u0131 s\u0259r\u0259ncamlar &ouml;lk\u0259d\u0259 insan h&uuml;quqlar\u0131n\u0131n etibarl\u0131 t\u0259minat\u0131na v\u0259 demokratikl\u0259\u015fm\u0259y\u0259 xidm\u0259t ed\u0259n strateji siyasi kursun layiqinc\u0259 davam etdirildiyinin t\u0259sdiqi kimi d\u0259 d\u0259y\u0259rl\u0259ndirilir. Yeri g\u0259lmi\u015fk\u0259n, 1995-ci ild\u0259n bug&uuml;n\u0259d\u0259k Az\u0259rbaycanda \u0259fvl\u0259 ba\u011fl\u0131 imzalanm\u0131\u015f f\u0259rman v\u0259 s\u0259r\u0259ncamlara \u0259sas\u0259n, h\u0259bsxanalardan minl\u0259rl\u0259 m\u0259hkum azadl\u0131\u011fa burax\u0131l\u0131b v\u0259 ya c\u0259zalar\u0131 azald\u0131l\u0131b.B&uuml;t&uuml;n bunlar &#8211; &ouml;lk\u0259d\u0259 siyasi bar\u0131\u015f\u0131\u011f\u0131n, v\u0259t\u0259nda\u015f h\u0259mr\u0259yliyi v\u0259 s&uuml;lh&uuml;n&uuml;n t\u0259min olunmas\u0131, el\u0259c\u0259 d\u0259 etimad m&uuml;hitinin formala\u015fd\u0131r\u0131lmas\u0131 istiqam\u0259tind\u0259 d&ouml;vl\u0259t ba\u015f&ccedil;\u0131s\u0131n\u0131n atd\u0131\u011f\u0131 m&uuml;h&uuml;m add\u0131mlar \u0259dal\u0259tli r\u0259hb\u0259r obraz\u0131n\u0131 \u015f\u0259rtl\u0259ndir\u0259n amill\u0259rd\u0259ndir.<\/p>\n<p>Qeyd ed\u0259k ki, c\u0259zadan \u015f\u0259rti olaraq vaxt\u0131ndan \u0259vv\u0259l azad etm\u0259 v\u0259 c\u0259zan\u0131n &ccedil;\u0259kilm\u0259mi\u015f hiss\u0259sini daha y&uuml;ng&uuml;l c\u0259za n&ouml;v&uuml; il\u0259 \u0259v\u0259z etm\u0259 m\u0259hkumun islah olunma prosesinin sur\u0259tl\u0259ndirilm\u0259sin\u0259, onun normal sosial faydal\u0131 h\u0259yata qaytar\u0131lmas\u0131na yard\u0131m ed\u0259n institutdur.&nbsp;<br \/>\nAyd\u0131nd\u0131r ki, \u0259fvetm\u0259 &uuml;&ccedil;&uuml;n m&uuml;raci\u0259t olunur. Az\u0259rbaycan Respublikas\u0131n\u0131n Prezidentin\u0259 &uuml;nvanlanm\u0131\u015f \u0259fvetm\u0259 bar\u0259d\u0259 m&uuml;raci\u0259t v\u0259 ya v\u0259sat\u0259t Az\u0259rbaycan Respublikas\u0131 Prezidentinin \u0130cra Aparat\u0131n\u0131n H&uuml;quq m&uuml;hafiz\u0259 orqanlar\u0131 il\u0259 i\u015f \u015f&ouml;b\u0259sinin \u018ffv m\u0259s\u0259l\u0259l\u0259ri sektorunda qeydiyyatdan ke&ccedil;irilir v\u0259 &quot;\u018ffvetm\u0259 haqq\u0131nda \u018fsasnam\u0259&quot;nin 7-11-ci b\u0259ndl\u0259rind\u0259 n\u0259z\u0259rd\u0259 tutulmu\u015f t\u0259l\u0259bl\u0259r\u0259 riay\u0259t olunmas\u0131 yoxlan\u0131l\u0131r. \u018ffvetm\u0259 bar\u0259d\u0259 m&uuml;raci\u0259tin yoxlan\u0131lmas\u0131 n\u0259tic\u0259sind\u0259 on g&uuml;n m&uuml;dd\u0259tind\u0259 \u018ffv m\u0259s\u0259l\u0259l\u0259ri sektoru m&uuml;raci\u0259t etmi\u015f \u015f\u0259xs t\u0259r\u0259find\u0259n t\u0259l\u0259bl\u0259r\u0259 riay\u0259t olunmad\u0131\u011f\u0131 m&uuml;\u0259yy\u0259n etdikd\u0259, onun m&uuml;raci\u0259tini bax\u0131lmam\u0131\u015f saxlay\u0131r v\u0259 h\u0259min \u015f\u0259xs\u0259 bu bar\u0259d\u0259 yaz\u0131l\u0131 m\u0259lumatlar verir (bu halda m&uuml;raci\u0259t etmi\u015f \u015f\u0259xs g&ouml;st\u0259ril\u0259n t\u0259l\u0259bl\u0259r\u0259 riay\u0259t etm\u0259kl\u0259 t\u0259krar\u0259n \u0259fvetm\u0259 bar\u0259d\u0259 m&uuml;raci\u0259t ed\u0259 bil\u0259r). M&uuml;raci\u0259tin Az\u0259rbaycan Respublikas\u0131n\u0131n Prezidenti yan\u0131nda \u018ffv M\u0259s\u0259l\u0259l\u0259ri Komissiyas\u0131n\u0131n s\u0259lahiyy\u0259tl\u0259rin\u0259 aid olmad\u0131\u011f\u0131 m&uuml;\u0259yy\u0259n etdikd\u0259, o m&uuml;vafiq d&ouml;vl\u0259t orqanlar\u0131na aidiyy\u0259ti &uuml;zr\u0259 bax\u0131lmaq &uuml;&ccedil;&uuml;n g&ouml;nd\u0259rilir. \u018fg\u0259r m&uuml;raci\u0259t etmi\u015f \u015f\u0259xs t\u0259r\u0259find\u0259n t\u0259l\u0259bl\u0259r\u0259 riay\u0259t olunarsa,&nbsp; m&uuml;raci\u0259t bax\u0131lmaq &uuml;&ccedil;&uuml;n haz\u0131rlan\u0131r.<\/p>\n<p>Xat\u0131rladaq ki, \u0259fvetm\u0259 bar\u0259d\u0259 m\u0259s\u0259l\u0259 Az\u0259rbaycan Respublikas\u0131 Milli M\u0259clisinin deputat\u0131, insan h&uuml;quqlar\u0131na dar m&uuml;v\u0259kkili, c\u0259zan\u0131 icra ed\u0259n orqan, beyn\u0259lxalq v\u0259 ya qeyri-h&ouml;kum\u0259t t\u0259\u015fkilat\u0131n\u0131n v\u0259sat\u0259ti \u0259sas\u0131nda qald\u0131r\u0131lm\u0131\u015fd\u0131rsa, \u018ffv m\u0259s\u0259l\u0259l\u0259ri sektoru bu \u018fsasnam\u0259nin 8-10-cu b\u0259ndl\u0259rind\u0259 g&ouml;st\u0259ril\u0259n hallar\u0131 m&uuml;vafiq d&ouml;vl\u0259t orqanlar\u0131, o c&uuml;ml\u0259d\u0259n c\u0259zan\u0131 icra ed\u0259n orqan vasit\u0259si il\u0259 ara\u015fd\u0131r\u0131r v\u0259 mahiyy\u0259ti &uuml;zr\u0259 bax\u0131lmas\u0131 &uuml;&ccedil;&uuml;n haz\u0131rlay\u0131r. \u018ffv m\u0259s\u0259l\u0259l\u0259ri sektoru m&uuml;raci\u0259tin v\u0259 ya v\u0259sat\u0259tin \u0259sas\u0131nda \u0259fvetm\u0259 bar\u0259d\u0259 m\u0259s\u0259l\u0259y\u0259 \u018ffv M\u0259s\u0259l\u0259l\u0259ri Komissiyas\u0131nda bax\u0131lmas\u0131 &uuml;&ccedil;&uuml;n a\u015fa\u011f\u0131dak\u0131 haz\u0131rl\u0131q i\u015fl\u0259rini h\u0259yata ke&ccedil;irir Biriuncisi, c\u0259zan\u0131 icra ed\u0259n orqana m\u0259hkum olunmu\u015f \u015f\u0259xsin t&ouml;r\u0259dilmi\u015f cinay\u0259t\u0259, \u0259m\u0259y\u0259, t\u0259hsil\u0259 m&uuml;nasib\u0259tini, davran\u0131\u015f\u0131n\u0131, t&ouml;r\u0259tdiyi cinay\u0259t\u0259 g&ouml;r\u0259 pe\u015fman&ccedil;\u0131l\u0131q &ccedil;\u0259km\u0259sini, s\u0259hh\u0259tini, m\u0259hkum olunmu\u015f \u015f\u0259xsin \u0259vv\u0259lki m\u0259hkumlu\u011funu, onun bar\u0259sind\u0259 amnistiya v\u0259 \u0259fv aktlar\u0131n\u0131n t\u0259tbiq edildiyini, vurulmu\u015f maddi z\u0259r\u0259rin &ouml;d\u0259nilm\u0259sini \u0259ks etdir\u0259n aray\u0131\u015f v\u0259 \u0259fvin t\u0259tbiq edilm\u0259si m\u0259s\u0259l\u0259sin\u0259 bax\u0131lmas\u0131 &uuml;&ccedil;&uuml;n dig\u0259r z\u0259ruri s\u0259n\u0259dl\u0259r verilm\u0259si &uuml;&ccedil;&uuml;n sor\u011fu g&ouml;nd\u0259rir. \u0130kincisi,&nbsp; m&uuml;vafiq d&ouml;vl\u0259t orqanlar\u0131na m\u0259hkum olunmu\u015f \u015f\u0259xsin \u0259vv\u0259ll\u0259r m\u0259hkum olunmas\u0131, bar\u0259sind\u0259 amnistiya v\u0259 ya \u0259fv akt\u0131n\u0131n t\u0259tbiq edilm\u0259si, \u015f\u0259rti m\u0259hkum olunmas\u0131, c\u0259zadan \u015f\u0259rti olaraq vaxt\u0131ndan \u0259vv\u0259l azad edilm\u0259si, c\u0259zan\u0131n t\u0259xir\u0259 sal\u0131nmas\u0131, c\u0259zan\u0131n &ccedil;\u0259kilm\u0259mi\u015f hiss\u0259sinin daha y&uuml;ng&uuml;l c\u0259za n&ouml;v&uuml; il\u0259 \u0259v\u0259z edilm\u0259si, x\u0259st\u0259liy\u0259 g&ouml;r\u0259 c\u0259za &ccedil;\u0259km\u0259kd\u0259n azad edilm\u0259si, m\u0259hkumlu\u011funun g&ouml;t&uuml;r&uuml;lm\u0259si v\u0259 &ouml;d\u0259nilm\u0259si, m\u0259hkum olunmu\u015f \u015f\u0259xs bar\u0259d\u0259 h&ouml;km&uuml;n qanuni q&uuml;vv\u0259y\u0259 minm\u0259si, vurulmu\u015f maddi z\u0259r\u0259rin &ouml;d\u0259nilm\u0259si bar\u0259d\u0259 m\u0259lumat\u0131n, habel\u0259 m\u0259hk\u0259m\u0259l\u0259r t\u0259r\u0259find\u0259n &ccedil;\u0131xar\u0131lm\u0131\u015f h&ouml;kml\u0259rin v\u0259 q\u0259rarlar\u0131n sur\u0259tl\u0259rinin, z\u0259ruri hallarda is\u0259 dig\u0259r \u0259lav\u0259 s\u0259n\u0259dl\u0259rin verilm\u0259si &uuml;&ccedil;&uuml;n sor\u011fu g&ouml;nd\u0259rir. &Uuml;&ccedil;&uuml;nc&uuml;s&uuml;, Az\u0259rbaycan Respublikas\u0131n\u0131n Ali M\u0259hk\u0259m\u0259sin\u0259 v\u0259 Az\u0259rbaycan Respublikas\u0131n\u0131n Ba\u015f Prokurorlu\u011funa \u0259fvetm\u0259nin m&uuml;mk&uuml;nl&uuml;y&uuml; bar\u0259d\u0259 \u0259sasland\u0131r\u0131lm\u0131\u015f r\u0259y verilm\u0259si &uuml;&ccedil;&uuml;n sor\u011fu g&ouml;nd\u0259rir.<\/p>\n<p>Sor\u011fu daxil oldu\u011fu g&uuml;nd\u0259n 15 g&uuml;n m&uuml;dd\u0259tind\u0259 c\u0259zan\u0131 icra ed\u0259n orqan v\u0259 dig\u0259r m&uuml;vafiq d&ouml;vl\u0259t orqanlar\u0131 bu \u018fsasnam\u0259nin 16.1-ci v\u0259 16.2-ci b\u0259ndl\u0259rind\u0259 n\u0259z\u0259rd\u0259 tutulmu\u015f m\u0259lumatlara dair laz\u0131mi s\u0259n\u0259dl\u0259r \u018ffv m\u0259s\u0259l\u0259l\u0259ri sektoruna t\u0259qdim edilir. Sor\u011fu daxil oldu\u011fu g&uuml;nd\u0259n bir ay m&uuml;dd\u0259tind\u0259 Az\u0259rbaycan Respublikas\u0131n\u0131n Ali M\u0259hk\u0259m\u0259si v\u0259 Az\u0259rbaycan Respublikas\u0131n\u0131n Ba\u015f Prokurorlu\u011fu \u0259fvetm\u0259nin m&uuml;mk&uuml;nl&uuml;y&uuml; bar\u0259d\u0259 r\u0259yl\u0259ri \u018ffv m\u0259s\u0259l\u0259l\u0259ri sektoruna t\u0259qdim edilir.<br \/>\nBundan sonra \u018ffv m\u0259s\u0259l\u0259l\u0259ri sektoru daxil olmu\u015f s\u0259n\u0259dl\u0259ri v\u0259 r\u0259yl\u0259ri &uuml;mumil\u0259\u015fdir\u0259r\u0259k v\u0259 m\u0259hkum olunmu\u015f \u015f\u0259xsin \u0259fv edilm\u0259si m\u0259s\u0259l\u0259sin\u0259 dair &uuml;mumi aray\u0131\u015f t\u0259rtib edir. &Uuml;mumi aray\u0131\u015fda \u015f\u0259xsin soyad\u0131, ad\u0131, atas\u0131n\u0131n ad\u0131, \u015f\u0259xsin do\u011fuldu\u011fu il, ay, g&uuml;n v\u0259 yer g&ouml;st\u0259rilir. Bundan ba\u015fqa, \u015f\u0259xsin v\u0259t\u0259nda\u015fl\u0131 v\u0259 milliy\u0259ti, m\u0259hkumluqdan \u0259vv\u0259l \u015f\u0259xsin m\u0259\u015f\u011fuliyy\u0259ti, ail\u0259 v\u0259ziyy\u0259ti, s\u0259hh\u0259ti v\u0259 \u015f\u0259xsiyy\u0259ti bar\u0259d\u0259 dig\u0259r z\u0259ruri m\u0259lumatlar, habel\u0259 \u015f\u0259xsin \u0259vv\u0259lki m\u0259hkumlu\u011fu, onun bar\u0259sind\u0259 amnistiya v\u0259 \u0259fv aktlar\u0131n\u0131n t\u0259tbiq edilm\u0259si, \u015f\u0259rti m\u0259hkum olunmas\u0131, c\u0259zadan \u015f\u0259rti olaraq vaxt\u0131ndan \u0259vv\u0259l azad edilm\u0259si, c\u0259zan\u0131n tarix\u0259 sal\u0131nmas\u0131, c\u0259zan\u0131n &ccedil;\u0259kilm\u0259mi\u015f hiss\u0259sinin daha y&uuml;ng&uuml;l c\u0259za n&ouml;v&uuml; il\u0259 \u0259v\u0259z edilm\u0259si, x\u0259st\u0259liy\u0259 g&ouml;r\u0259 c\u0259za &ccedil;\u0259km\u0259kd\u0259n azad edilm\u0259si, m\u0259hkumlu\u011funun g&ouml;t&uuml;r&uuml;lm\u0259si v\u0259 &ouml;d\u0259nilm\u0259si bar\u0259d\u0259 m\u0259lumatlar g&ouml;st\u0259rilir. Aray\u0131\u015fda h\u0259m&ccedil;inin \u015f\u0259xs bar\u0259d\u0259 h&ouml;km&uuml; &ccedil;\u0131xarm\u0131\u015f m\u0259hk\u0259m\u0259nin ad\u0131 v\u0259 h&ouml;km&uuml;n &ccedil;\u0131xar\u0131ld\u0131\u011f\u0131 tarix, h&ouml;km&uuml;n qanun q&uuml;vv\u0259y\u0259 minm\u0259si bar\u0259d\u0259 m\u0259lumatlar, \u015f\u0259xs bar\u0259d\u0259 &ccedil;\u0131xar\u0131lm\u0131\u015f h&ouml;km&uuml;n n\u0259tic\u0259vi hiss\u0259si, cinay\u0259t qanununun hans\u0131 madd\u0259si il\u0259 m\u0259hkum olunmas\u0131, \u015f\u0259xs\u0259 t\u0259yin olunmu\u015f c\u0259zan\u0131n n&ouml;v&uuml; v\u0259 c\u0259zan\u0131n h\u0259ddi bar\u0259d\u0259 m\u0259lumatlar\u0131 \u0259ksini tap\u0131r.<\/p>\n<p>Qeyd ed\u0259k ki, t&ouml;r\u0259dilmi\u015f cinay\u0259t &uuml;zr\u0259 vurulmu\u015f maddi z\u0259r\u0259rin &ouml;d\u0259nilm\u0259si bar\u0259d\u0259 m\u0259lumat, \u015f\u0259xsin \u0259fv edilm\u0259si haqq\u0131nda m&uuml;raci\u0259tin v\u0259 ya v\u0259sat\u0259tin kimin t\u0259r\u0259find\u0259n verilm\u0259si bar\u0259d\u0259 m\u0259lumat, m\u0259hkum olunmu\u015f \u015f\u0259xsin c\u0259za &ccedil;\u0259kdiyi yer haqq\u0131nda m\u0259lumat, c\u0259za&ccedil;\u0259km\u0259 m&uuml;\u0259ssis\u0259l\u0259rind\u0259 rejim qaydalar\u0131na riay\u0259t etm\u0259si, \u0259m\u0259y\u0259, t\u0259hsil\u0259 m&uuml;nasib\u0259ti, davran\u0131\u015f\u0131 bar\u0259d\u0259 m\u0259lumatlar, m\u0259hkum olunmu\u015f \u015f\u0259xsin c\u0259zas\u0131n\u0131 y&uuml;ng&uuml;ll\u0259\u015fdir\u0259n v\u0259 ya a\u011f\u0131rla\u015fd\u0131ran hallar bar\u0259d\u0259 m\u0259lumatlar\u0131; c\u0259za&ccedil;\u0259km\u0259 m&uuml;dd\u0259tinin ba\u015flan\u011f\u0131c\u0131 v\u0259 &ccedil;\u0259kilm\u0259mi\u015f hiss\u0259si bar\u0259d\u0259 m\u0259lumat\u0131;\u015f\u0259xsin \u0259fv edilm\u0259si bar\u0259d\u0259 \u0259vv\u0259lki m&uuml;raci\u0259tl\u0259r\u0259 bax\u0131lmas\u0131 bar\u0259d\u0259 m\u0259lumat, m\u0259hkum olunmu\u015f \u015f\u0259xsin t&ouml;r\u0259dilmi\u015f \u0259m\u0259ld\u0259n pe\u015fman&ccedil;\u0131l\u0131q &ccedil;\u0259kib-&ccedil;\u0259km\u0259m\u0259si bar\u0259d\u0259 m\u0259lumat&nbsp; Az\u0259rbaycan Respublikas\u0131 Ali M\u0259hk\u0259m\u0259sinin v\u0259 Az\u0259rbaycan Respublikas\u0131 Ba\u015f Prokurorlu\u011funun \u0259fvetm\u0259nin m&uuml;mk&uuml;nl&uuml;y&uuml; bar\u0259d\u0259 r\u0259yl\u0259rinin n\u0259tic\u0259vi hiss\u0259si,&nbsp; dig\u0259r z\u0259ruri m\u0259lumatlar da aray\u0131\u015fda olur.<\/p>\n<p><strong>P.S. <\/strong>Az\u0259rbaycan Respublikas\u0131n\u0131n Prezidenti yan\u0131nda \u018ffv M\u0259s\u0259l\u0259l\u0259ri Komissiyas\u0131n\u0131n iclaslar\u0131nda m&uuml;raci\u0259tl\u0259rin\u0259 m&uuml;sb\u0259t r\u0259y veril\u0259n m\u0259hbuslar\u0131n siyah\u0131s\u0131 Prezident \u0130lham \u018fliyev\u0259 t\u0259qdim olunub. T&ouml;vsiy\u0259 xarakterli siyah\u0131da 1100 m\u0259hbusun ad\u0131 yer al\u0131b.<\/p>\n<p>D&ouml;vl\u0259t ba\u015f&ccedil;\u0131s\u0131n\u0131n yax\u0131n g&uuml;nl\u0259rd\u0259 \u0259fv s\u0259r\u0259ncam\u0131 imzalayaca\u011f\u0131 g&ouml;zl\u0259nilir.<\/p>\n<p><strong>(davam\u0131 var)<\/strong><\/p>\n","protected":false},"excerpt":{"rendered":"<p>T&ouml;r\u0259tdiyi cinay\u0259t \u0259m\u0259lind\u0259n s\u0259mimi pe\u015fman&ccedil;\u0131l\u0131q hissi ke&ccedil;ir\u0259n, azad c\u0259miyy\u0259t\u0259 v\u0259 ictimai h\u0259yata qovu\u015fmaq ist\u0259y\u0259n m\u0259hkumlar\u0131n \u0259fvl\u0259 ba\u011fl\u0131 m&uuml;raci\u0259tl\u0259rin\u0259 h\u0259ssasl\u0131qla yana\u015f\u0131l\u0131r &Uuml;mummilli lider Heyd\u0259r \u018fliyevi tarixi \u015f\u0259xsiyy\u0259t v\u0259 lider kimi xarakteriz\u0259&hellip;<\/p>\n","protected":false},"author":1,"featured_media":251278,"comment_status":"open","ping_status":"open","sticky":false,"template":"","format":"standard","meta":{"_lmt_disableupdate":"","_lmt_disable":"","footnotes":""},"categories":[],"tags":[],"class_list":["post-64500","post","type-post","status-publish","format-standard","has-post-thumbnail","hentry"],"_links":{"self":[{"href":"https:\/\/ucnoqta.az\/index.php?rest_route=\/wp\/v2\/posts\/64500","targetHints":{"allow":["GET"]}}],"collection":[{"href":"https:\/\/ucnoqta.az\/index.php?rest_route=\/wp\/v2\/posts"}],"about":[{"href":"https:\/\/ucnoqta.az\/index.php?rest_route=\/wp\/v2\/types\/post"}],"author":[{"embeddable":true,"href":"https:\/\/ucnoqta.az\/index.php?rest_route=\/wp\/v2\/users\/1"}],"replies":[{"embeddable":true,"href":"https:\/\/ucnoqta.az\/index.php?rest_route=%2Fwp%2Fv2%2Fcomments&post=64500"}],"version-history":[{"count":0,"href":"https:\/\/ucnoqta.az\/index.php?rest_route=\/wp\/v2\/posts\/64500\/revisions"}],"wp:featuredmedia":[{"embeddable":true,"href":"https:\/\/ucnoqta.az\/index.php?rest_route=\/wp\/v2\/media\/251278"}],"wp:attachment":[{"href":"https:\/\/ucnoqta.az\/index.php?rest_route=%2Fwp%2Fv2%2Fmedia&parent=64500"}],"wp:term":[{"taxonomy":"category","embeddable":true,"href":"https:\/\/ucnoqta.az\/index.php?rest_route=%2Fwp%2Fv2%2Fcategories&post=64500"},{"taxonomy":"post_tag","embeddable":true,"href":"https:\/\/ucnoqta.az\/index.php?rest_route=%2Fwp%2Fv2%2Ftags&post=64500"}],"curies":[{"name":"wp","href":"https:\/\/api.w.org\/{rel}","templated":true}]}}