{"id":64494,"date":"2018-05-21T11:17:03","date_gmt":"2018-05-21T07:17:03","guid":{"rendered":""},"modified":"-0001-11-30T00:00:00","modified_gmt":"-0001-11-29T20:00:00","slug":"","status":"publish","type":"post","link":"https:\/\/ucnoqta.az\/?p=64494","title":{"rendered":"Azercell yeni vakansiyalar\u0131 il\u0259 Karyera s\u0259rgisind\u0259 i\u015ftirak edib"},"content":{"rendered":"<div><strong>22 illik f\u0259aliyy\u0259ti \u0259rzind\u0259 t\u0259l\u0259b\u0259l\u0259rin v\u0259 m\u0259zunlar\u0131n \u0259m\u0259k bazar\u0131na &ccedil;\u0131x\u0131\u015f\u0131na, g\u0259ncl\u0259rin m\u0259\u015f\u011fulluq probleminin h\u0259llin\u0259 d\u0259st\u0259k olan Azercell &ouml;lk\u0259mizd\u0259 ke&ccedil;iril\u0259n Karyera s\u0259rgil\u0259rind\u0259 i\u015ftirak\u0131n\u0131 davam etdirir. <\/strong><\/p>\n<p>\u015eirk\u0259tin \u0130nsan Qaynaqlar\u0131 Departamentinin v\u0259 M&uuml;\u015ft\u0259ri Kanallar\u0131n\u0131n \u0130dar\u0259 Edilm\u0259si Departamentinin&nbsp; \u0259m\u0259kda\u015flar\u0131 m\u0259zunlar\u0131n v\u0259 yuxar\u0131 kurs t\u0259l\u0259b\u0259l\u0259rinin i\u015fg&uuml;zar m&uuml;hit\u0259 inteqrasiyas\u0131na k&ouml;m\u0259k m\u0259qs\u0259dil\u0259 Az\u0259rbaycan D&ouml;vl\u0259t Neft v\u0259 S\u0259naye Universitetind\u0259 v\u0259 Az\u0259rbaycan Universitetind\u0259 t\u0259\u015fkil olunan n&ouml;vb\u0259ti karyera s\u0259rgil\u0259rin\u0259 qat\u0131l\u0131b. S\u0259rgi i\u015ftirak&ccedil;\u0131lar\u0131na \u015firk\u0259td\u0259 m&ouml;vcud olan vakansiyalar, t\u0259cr&uuml;b\u0259 v\u0259 t\u0259qa&uuml;d proqramlar\u0131 t\u0259qdim edilib, kadrlar\u0131n se&ccedil;ilm\u0259si, i\u015f\u0259 q\u0259bul prosesi haqq\u0131nda suallar cavabland\u0131r\u0131l\u0131b. Y&uuml;zl\u0259rl\u0259 g\u0259nc &uuml;&ccedil;&uuml;n t\u0259cr&uuml;b\u0259 proqramlar\u0131, yeni i\u015f imkanlar\u0131 a&ccedil;an s\u0259rgid\u0259 i\u015ftirak&ccedil;\u0131lar Azercell-in t\u0259qdim etdiyi son yenilikl\u0259r v\u0259 xidm\u0259tl\u0259r bar\u0259d\u0259 m\u0259lumatland\u0131r\u0131l\u0131b. Azercell-in stendin\u0259 yax\u0131nla\u015fan t\u0259l\u0259b\u0259 v\u0259 m\u0259zunlara \u015firk\u0259t t\u0259r\u0259find\u0259n h\u0259diyy\u0259l\u0259r d\u0259 t\u0259qdim olunub.&nbsp; &nbsp;<\/p>\n<p>M\u0259lumat &uuml;&ccedil;&uuml;n bildir\u0259k ki, &ouml;lk\u0259mizd\u0259 t\u0259\u015fkil olunan karyera s\u0259rgil\u0259rinin m\u0259qs\u0259di t\u0259l\u0259b\u0259l\u0259ri v\u0259 \u015firk\u0259t n&uuml;may\u0259nd\u0259l\u0259rini bir araya g\u0259tir\u0259r\u0259k onlar aras\u0131nda \u0259laq\u0259 yaratmaq v\u0259 g\u0259nc kadrlar\u0131 potensial i\u015f\u0259g&ouml;t&uuml;r\u0259nl\u0259r\u0259 daha yax\u0131n etm\u0259kdir.&nbsp;<\/p><\/div>\n<div>Qeyd ed\u0259k ki, ACT beyn\u0259lxalq ara\u015fd\u0131rma v\u0259 m\u0259sl\u0259h\u0259t&ccedil;i \u015firk\u0259tinin apard\u0131\u011f\u0131 ara\u015fd\u0131rmalara \u0259sas\u0259n \u0259n yax\u015f\u0131 maa\u015f v\u0259 y&uuml;ks\u0259k i\u015f \u015f\u0259raiti, i\u015f&ccedil;il\u0259rl\u0259 davran\u0131\u015f, \u0259m\u0259kda\u015flar\u0131n inki\u015faf perspektivl\u0259ri v\u0259 dig\u0259r meyarlar &uuml;zr\u0259 Azercell &ouml;lk\u0259mizd\u0259 3 \u0259n yax\u015f\u0131 i\u015f\u0259g&ouml;t&uuml;r\u0259n \u015firk\u0259td\u0259n biri elan olunub. Mobil operatorlar aras\u0131nda is\u0259 Azercell \u0259n yax\u015f\u0131 i\u015f\u0259g&ouml;t&uuml;r\u0259n \u015firk\u0259tdir. Eyni zamanda, Ernst &amp; Young Azerbaijan \u015firk\u0259tinin t\u0259dqiqatlar\u0131 t\u0259l\u0259b\u0259 v\u0259 pe\u015f\u0259kar hey\u0259tin se&ccedil;imin\u0259 \u0259sas\u0259n Azercell-i &ouml;lk\u0259d\u0259 \u0259n yax\u015f\u0131 10 i\u015f\u0259g&ouml;t&uuml;r\u0259n \u015firk\u0259td\u0259n biri elan edib. Qeyd ed\u0259k ki, Azercell &ouml;lk\u0259d\u0259 v\u0259 MDB m\u0259kan\u0131nda beyn\u0259lxalq &ldquo;\u0130nvestors \u0130n People&rdquo; \u0130nsana S\u0259rmay\u0259 Q\u0131z\u0131l Sertifikat\u0131na layiq g&ouml;r&uuml;l\u0259n yegan\u0259 \u015firk\u0259tdir.<\/p>\n<p><strong>Daha \u0259trafl\u0131 m\u0259lumat &uuml;&ccedil;&uuml;n news@mcs.az &uuml;nvan\u0131na m&uuml;raci\u0259t ed\u0259 bil\u0259rsiniz<span style=\"white-space: pre;\"> <\/span><\/strong><\/div>\n","protected":false},"excerpt":{"rendered":"<p>22 illik f\u0259aliyy\u0259ti \u0259rzind\u0259 t\u0259l\u0259b\u0259l\u0259rin v\u0259 m\u0259zunlar\u0131n \u0259m\u0259k bazar\u0131na &ccedil;\u0131x\u0131\u015f\u0131na, g\u0259ncl\u0259rin m\u0259\u015f\u011fulluq probleminin h\u0259llin\u0259 d\u0259st\u0259k olan Azercell &ouml;lk\u0259mizd\u0259 ke&ccedil;iril\u0259n Karyera s\u0259rgil\u0259rind\u0259 i\u015ftirak\u0131n\u0131 davam etdirir. \u015eirk\u0259tin \u0130nsan Qaynaqlar\u0131 Departamentinin v\u0259 M&uuml;\u015ft\u0259ri&hellip;<\/p>\n","protected":false},"author":1,"featured_media":251278,"comment_status":"open","ping_status":"open","sticky":false,"template":"","format":"standard","meta":{"_lmt_disableupdate":"","_lmt_disable":"","footnotes":""},"categories":[],"tags":[],"class_list":["post-64494","post","type-post","status-publish","format-standard","has-post-thumbnail","hentry"],"_links":{"self":[{"href":"https:\/\/ucnoqta.az\/index.php?rest_route=\/wp\/v2\/posts\/64494","targetHints":{"allow":["GET"]}}],"collection":[{"href":"https:\/\/ucnoqta.az\/index.php?rest_route=\/wp\/v2\/posts"}],"about":[{"href":"https:\/\/ucnoqta.az\/index.php?rest_route=\/wp\/v2\/types\/post"}],"author":[{"embeddable":true,"href":"https:\/\/ucnoqta.az\/index.php?rest_route=\/wp\/v2\/users\/1"}],"replies":[{"embeddable":true,"href":"https:\/\/ucnoqta.az\/index.php?rest_route=%2Fwp%2Fv2%2Fcomments&post=64494"}],"version-history":[{"count":0,"href":"https:\/\/ucnoqta.az\/index.php?rest_route=\/wp\/v2\/posts\/64494\/revisions"}],"wp:featuredmedia":[{"embeddable":true,"href":"https:\/\/ucnoqta.az\/index.php?rest_route=\/wp\/v2\/media\/251278"}],"wp:attachment":[{"href":"https:\/\/ucnoqta.az\/index.php?rest_route=%2Fwp%2Fv2%2Fmedia&parent=64494"}],"wp:term":[{"taxonomy":"category","embeddable":true,"href":"https:\/\/ucnoqta.az\/index.php?rest_route=%2Fwp%2Fv2%2Fcategories&post=64494"},{"taxonomy":"post_tag","embeddable":true,"href":"https:\/\/ucnoqta.az\/index.php?rest_route=%2Fwp%2Fv2%2Ftags&post=64494"}],"curies":[{"name":"wp","href":"https:\/\/api.w.org\/{rel}","templated":true}]}}