{"id":64489,"date":"2018-05-21T10:58:49","date_gmt":"2018-05-21T06:58:49","guid":{"rendered":""},"modified":"-0001-11-30T00:00:00","modified_gmt":"-0001-11-29T20:00:00","slug":"","status":"publish","type":"post","link":"https:\/\/ucnoqta.az\/?p=64489","title":{"rendered":"Sahil Babayev: Qeyri-qanuni m\u0259\u015f\u011fullu\u011fun aradan qald\u0131r\u0131lmas\u0131 \u00fczr\u0259 i\u015fl\u0259r davam etdiril\u0259c\u0259k"},"content":{"rendered":"<p><strong>Az\u0259rbaycan \u018fm\u0259k v\u0259 \u018fhalinin Sosial M&uuml;dafi\u0259si Nazirliyi qeyri-qanuni m\u0259\u015f\u011fullu\u011fun aradan qald\u0131r\u0131lmas\u0131 v\u0259 &ouml;lk\u0259 \u0259halisinin sosial rifah\u0131n\u0131n daha da yax\u015f\u0131la\u015fd\u0131r\u0131lmas\u0131 &uuml;zr\u0259 i\u015fl\u0259ri davam etdir\u0259c\u0259k.<\/strong><\/p>\n<p>Bunu \u0259m\u0259k v\u0259 \u0259halinin sosial m&uuml;dafi\u0259si naziri Sahil Babayev &ldquo;Dayan\u0131ql\u0131 \u0130nki\u015faf M\u0259qs\u0259dl\u0259rin\u0259 do\u011fru: davaml\u0131 inki\u015faf\u0131n v\u0259 layiqli h\u0259yat\u0131n t\u0259bli\u011fi&rdquo; m&ouml;vzusunda ke&ccedil;iril\u0259n konfransda deyib.<\/p>\n<p>Nazir qeyd edib ki, Az\u0259rbaycan &ouml;t\u0259n ill\u0259r \u0259rzind\u0259 m\u0259\u015f\u011fullun t\u0259min olunmas\u0131 v\u0259 \u0259halinin sosial rifah\u0131n\u0131n yax\u015f\u0131la\u015fd\u0131r\u0131lmas\u0131nda m&uuml;h&uuml;m u\u011furlar \u0259ld\u0259 edib. Q\u0131sa m&uuml;dd\u0259t \u0259rzind\u0259 Az\u0259rbaycan yoxsullu\u011fun v\u0259 i\u015fsizliyin s\u0259viyy\u0259sini azaltma\u011f\u0131 v\u0259 \u0259m\u0259khaqlar\u0131n\u0131 art\u0131rma\u011f\u0131 bacar\u0131b:<\/p>\n<p>&quot;Son 15 il \u0259rzind\u0259 &ouml;lk\u0259 &Uuml;DM-i 3,2 d\u0259f\u0259 art\u0131b. Minimal \u0259m\u0259khaqq\u0131 5,2 d\u0259f\u0259, orta \u0259m\u0259khaqq\u0131 is\u0259 6,6 d\u0259f\u0259 art\u0131b. &Ouml;lk\u0259d\u0259 yoxsullu\u011fun s\u0259viyy\u0259si 49 faizd\u0259n 5 faiz\u0259d\u0259k azal\u0131b. Bundan ba\u015fqa, i\u015fsizliyin s\u0259viyy\u0259si 5 faiz\u0259d\u0259k azal\u0131b. G&ouml;st\u0259ril\u0259n d&ouml;vrd\u0259 Az\u0259rbaycana 230 milyard dollardan &ccedil;ox investisiya yat\u0131r\u0131l\u0131b, bunun da t\u0259qrib\u0259n yar\u0131s\u0131 xarici s\u0259rmay\u0259l\u0259rin pay\u0131na d&uuml;\u015f&uuml;r&quot;.trend<\/p>\n","protected":false},"excerpt":{"rendered":"<p>Az\u0259rbaycan \u018fm\u0259k v\u0259 \u018fhalinin Sosial M&uuml;dafi\u0259si Nazirliyi qeyri-qanuni m\u0259\u015f\u011fullu\u011fun aradan qald\u0131r\u0131lmas\u0131 v\u0259 &ouml;lk\u0259 \u0259halisinin sosial rifah\u0131n\u0131n daha da yax\u015f\u0131la\u015fd\u0131r\u0131lmas\u0131 &uuml;zr\u0259 i\u015fl\u0259ri davam etdir\u0259c\u0259k. Bunu \u0259m\u0259k v\u0259 \u0259halinin sosial m&uuml;dafi\u0259si naziri&hellip;<\/p>\n","protected":false},"author":1,"featured_media":251278,"comment_status":"open","ping_status":"open","sticky":false,"template":"","format":"standard","meta":{"_lmt_disableupdate":"","_lmt_disable":"","footnotes":""},"categories":[],"tags":[],"class_list":["post-64489","post","type-post","status-publish","format-standard","has-post-thumbnail","hentry"],"_links":{"self":[{"href":"https:\/\/ucnoqta.az\/index.php?rest_route=\/wp\/v2\/posts\/64489","targetHints":{"allow":["GET"]}}],"collection":[{"href":"https:\/\/ucnoqta.az\/index.php?rest_route=\/wp\/v2\/posts"}],"about":[{"href":"https:\/\/ucnoqta.az\/index.php?rest_route=\/wp\/v2\/types\/post"}],"author":[{"embeddable":true,"href":"https:\/\/ucnoqta.az\/index.php?rest_route=\/wp\/v2\/users\/1"}],"replies":[{"embeddable":true,"href":"https:\/\/ucnoqta.az\/index.php?rest_route=%2Fwp%2Fv2%2Fcomments&post=64489"}],"version-history":[{"count":0,"href":"https:\/\/ucnoqta.az\/index.php?rest_route=\/wp\/v2\/posts\/64489\/revisions"}],"wp:featuredmedia":[{"embeddable":true,"href":"https:\/\/ucnoqta.az\/index.php?rest_route=\/wp\/v2\/media\/251278"}],"wp:attachment":[{"href":"https:\/\/ucnoqta.az\/index.php?rest_route=%2Fwp%2Fv2%2Fmedia&parent=64489"}],"wp:term":[{"taxonomy":"category","embeddable":true,"href":"https:\/\/ucnoqta.az\/index.php?rest_route=%2Fwp%2Fv2%2Fcategories&post=64489"},{"taxonomy":"post_tag","embeddable":true,"href":"https:\/\/ucnoqta.az\/index.php?rest_route=%2Fwp%2Fv2%2Ftags&post=64489"}],"curies":[{"name":"wp","href":"https:\/\/api.w.org\/{rel}","templated":true}]}}