{"id":64488,"date":"2018-05-21T10:55:45","date_gmt":"2018-05-21T06:55:45","guid":{"rendered":""},"modified":"-0001-11-30T00:00:00","modified_gmt":"-0001-11-29T20:00:00","slug":"","status":"publish","type":"post","link":"https:\/\/ucnoqta.az\/?p=64488","title":{"rendered":"AT\u018fT PA-n\u0131n vitse-prezidenti: &#8220;S\u0259m\u0259d Seyidova qar\u015f\u0131 t\u0259tbiq edil\u0259n sanksiya \u00e7ox \u0259dal\u0259tsizdir&#8221;"},"content":{"rendered":"<p><strong>&quot;Hesab edir\u0259m ki, A\u015ePA-n\u0131n n&uuml;may\u0259nd\u0259 hey\u0259tinin r\u0259hb\u0259ri S\u0259m\u0259d Seyidova qar\u015f\u0131 t\u0259tbiq etdiyi sanksiya &ccedil;ox \u0259dal\u0259tsizdir. He&ccedil; bir \u0259sasa s&ouml;yk\u0259nmir v\u0259 m\u0259n bunu q\u0259r\u0259zli m&ouml;vqe hesab edir\u0259m&quot;.<\/strong><\/p>\n<p>Ucnoqta.az APA-ya istinad\u0259n x\u0259b\u0259r verir ki, bunu AT\u018fT PA-n\u0131n vitse-prezidenti, Az\u0259rbaycan\u0131n AT\u018fT PA-da n&uuml;may\u0259nd\u0259 hey\u0259tinin &uuml;zv&uuml; Azay Quliyev deyib.<br \/>\nA. Quliyev bildirib ki, haz\u0131rlanm\u0131\u015f hesabat &ouml;z&uuml; ziddiyy\u0259tl\u0259rl\u0259 doludur: &quot;\u015e\u0259xs\u0259n S\u0259m\u0259d Seyidovun korrupsiya m\u0259s\u0259l\u0259sind\u0259 rolunu s&uuml;but&nbsp; ed\u0259c\u0259k bir d\u0259lil yoxdur. Hesabat b&uuml;t&uuml;nl&uuml;kl\u0259 Az\u0259rbaycana h\u0259sr olunub. Bu da t\u0259bii ki, &uuml;z&uuml;c&uuml;d&uuml;r v\u0259 t\u0259\u0259ss&uuml;f hissi do\u011furur. D&uuml;\u015f&uuml;n&uuml;r\u0259m ki, A\u015ePA he&ccedil; bir halda&nbsp; &ouml;z ali d\u0259y\u0259rl\u0259rini ki&ccedil;iltm\u0259m\u0259lidir. H\u0259r hans\u0131 sifari\u015fl\u0259 bir &ouml;lk\u0259ni x&uuml;susi se&ccedil;\u0259r\u0259k ona qar\u015f\u0131 bel\u0259 add\u0131m at\u0131lmamal\u0131d\u0131r&quot;.<br \/>\nAz\u0259rbaycan\u0131n A\u015ePA-dan &ccedil;\u0131xma ehtimal\u0131n\u0131n olub-olmad\u0131\u011f\u0131na m&uuml;nasib\u0259t bildir\u0259n A. Quliyev deyib ki, Az\u0259rbaycan qurumun \u0259n f\u0259al &uuml;zv&uuml;d&uuml;r: &quot;Hesab etmir\u0259m ki, olanlarla ba\u011fl\u0131 Az\u0259rbaycan Avropa \u015furas\u0131ndan &ccedil;\u0131xs\u0131n. Az\u0259rbaycan qurumun f\u0259aliyy\u0259t prinsipl\u0259rin\u0259, d\u0259y\u0259rl\u0259rin\u0259 daim h&ouml;rm\u0259t ed\u0259n &ouml;lk\u0259l\u0259rd\u0259n biridir. Az\u0259rbaycan\u0131n dair\u0259l\u0259rin t\u0259zyiqi alt\u0131nda, onlar\u0131n provokativ ist\u0259yi il\u0259&nbsp; &ouml;z q\u0259rar\u0131na yenid\u0259n baxmaq, A\u015ePA-dan &ccedil;\u0131xmaq kimi niyy\u0259ti yoxdur v\u0259 olmamal\u0131d\u0131r. Ola bilsin ki, buna c\u0259hd ed\u0259nl\u0259r var. Bu c&uuml;r layih\u0259l\u0259rin arxas\u0131nda duran \u0259sas m\u0259krli planlar odur ki, Az\u0259rbaycan v\u0259 Avropa aras\u0131nda m&uuml;nasib\u0259tl\u0259r korlans\u0131n, Avropa il\u0259 \u0259m\u0259kda\u015fl\u0131\u011fa m&uuml;\u0259yy\u0259n x\u0259l\u0259l g\u0259tirilsin. N\u0259z\u0259r\u0259 al\u0131nmal\u0131d\u0131r ki, bu g&uuml;n Az\u0259rbaycan Avropa \u0130ttifaq\u0131&nbsp; v\u0259 Avropan\u0131n \u0259sas ticar\u0259t t\u0259r\u0259fda\u015f\u0131d\u0131r, Avropan\u0131n alternativ enerji il\u0259 t\u0259min olunmas\u0131nda m&uuml;h&uuml;m rol oynay\u0131r, &ouml;lk\u0259mizd\u0259 TAP, TANAP,&nbsp; Bak\u0131-Tbilisi-Qars kimi layih\u0259l\u0259r icra olunur. Bel\u0259 olan halda ham\u0131ya b\u0259llidir ki, bu m\u0259krli i\u015fl\u0259rd\u0259 kim maraql\u0131d\u0131r&quot;.<\/p>\n","protected":false},"excerpt":{"rendered":"<p>&quot;Hesab edir\u0259m ki, A\u015ePA-n\u0131n n&uuml;may\u0259nd\u0259 hey\u0259tinin r\u0259hb\u0259ri S\u0259m\u0259d Seyidova qar\u015f\u0131 t\u0259tbiq etdiyi sanksiya &ccedil;ox \u0259dal\u0259tsizdir. He&ccedil; bir \u0259sasa s&ouml;yk\u0259nmir v\u0259 m\u0259n bunu q\u0259r\u0259zli m&ouml;vqe hesab edir\u0259m&quot;. Ucnoqta.az APA-ya istinad\u0259n x\u0259b\u0259r&hellip;<\/p>\n","protected":false},"author":1,"featured_media":251278,"comment_status":"open","ping_status":"open","sticky":false,"template":"","format":"standard","meta":{"_lmt_disableupdate":"","_lmt_disable":"","footnotes":""},"categories":[86],"tags":[],"class_list":["post-64488","post","type-post","status-publish","format-standard","has-post-thumbnail","hentry","category-siyaset"],"_links":{"self":[{"href":"https:\/\/ucnoqta.az\/index.php?rest_route=\/wp\/v2\/posts\/64488","targetHints":{"allow":["GET"]}}],"collection":[{"href":"https:\/\/ucnoqta.az\/index.php?rest_route=\/wp\/v2\/posts"}],"about":[{"href":"https:\/\/ucnoqta.az\/index.php?rest_route=\/wp\/v2\/types\/post"}],"author":[{"embeddable":true,"href":"https:\/\/ucnoqta.az\/index.php?rest_route=\/wp\/v2\/users\/1"}],"replies":[{"embeddable":true,"href":"https:\/\/ucnoqta.az\/index.php?rest_route=%2Fwp%2Fv2%2Fcomments&post=64488"}],"version-history":[{"count":0,"href":"https:\/\/ucnoqta.az\/index.php?rest_route=\/wp\/v2\/posts\/64488\/revisions"}],"wp:featuredmedia":[{"embeddable":true,"href":"https:\/\/ucnoqta.az\/index.php?rest_route=\/wp\/v2\/media\/251278"}],"wp:attachment":[{"href":"https:\/\/ucnoqta.az\/index.php?rest_route=%2Fwp%2Fv2%2Fmedia&parent=64488"}],"wp:term":[{"taxonomy":"category","embeddable":true,"href":"https:\/\/ucnoqta.az\/index.php?rest_route=%2Fwp%2Fv2%2Fcategories&post=64488"},{"taxonomy":"post_tag","embeddable":true,"href":"https:\/\/ucnoqta.az\/index.php?rest_route=%2Fwp%2Fv2%2Ftags&post=64488"}],"curies":[{"name":"wp","href":"https:\/\/api.w.org\/{rel}","templated":true}]}}